{"id":710723,"date":"2026-01-11T18:32:14","date_gmt":"2026-01-11T18:32:14","guid":{"rendered":"https:\/\/www.europesays.com\/de\/710723\/"},"modified":"2026-01-11T18:32:14","modified_gmt":"2026-01-11T18:32:14","slug":"die-wichtigsten-termine-fuer-die-anmeldung-an-weiterfuehrenden-schulen-in-wuppertal","status":"publish","type":"post","link":"https:\/\/www.europesays.com\/de\/710723\/","title":{"rendered":"Die wichtigsten Termine f\u00fcr die Anmeldung an weiterf\u00fchrenden Schulen in Wuppertal"},"content":{"rendered":"<p class=\"text_ohne_einzug richtext text-em-55 !leading-serif mx-6 desktop:mx-0\">F\u00fcr Viertkl\u00e4ssler und ihre Eltern beginnt bald ein wichtiger Abschnitt. Welche Schule folgt auf die Grundschule? Eltern von Viertkl\u00e4sslern k\u00f6nnen die Termine f\u00fcr die Anmeldung zu den weiterf\u00fchrenden Schulen schon einmal vormerken.<\/p>\n<p>Zweit- und Drittw\u00fcnsche in Anmelderunde eins nicht m\u00f6glich      <\/p>\n<p class=\"text_ohne_einzug richtext text-em-55 !leading-serif mx-6 desktop:mx-0\">Am 7. Februar startet n\u00e4mlich das vorgezogene Anmeldeverfahren, nach Ausgabe der Halbjahreszeugnisse. Die Termine f\u00fcr die Anmeldung in der ersten Anmelderunde f\u00fcr alle st\u00e4dtischen Haupt-, Real- und Gesamtschulen sowie f\u00fcr die Gymnasien lauten: <strong class=\"font-bold dark:text-white-solid\">Samstag, 7. Februar, 9 bis 16 Uhr<\/strong>, <strong class=\"font-bold dark:text-white-solid\">Montag, 9. Februar, 9 bis 17 Uhr<\/strong> und <strong class=\"font-bold dark:text-white-solid\">Dienstag 10. Februar, 9 bis 17 Uhr<\/strong>. Die Terminvergabe erfolgt \u00fcber die jeweilige Schule, teilt die Stadt Wuppertal mit. Private Schulen haben abweichende Termine, die \u00fcber die jeweiligen Internetseiten einsehbar sind.<\/p>\n<p class=\"richtext text-em-55 !leading-serif mx-6 desktop:mx-0\">In der ersten Anmelderunde k\u00f6nnen Eltern keinen Zweit- oder Drittwunsch f\u00fcr eine Schule angeben. \u201eWer an seiner Wunschschule keinen Platz bekommen hat, muss an einer zweiten Anmelderunde an Schulen mit noch freien Pl\u00e4tzen teilnehmen\u201c, hei\u00dft es vonseiten der Stadt.<\/p>\n<p class=\"richtext text-em-55 !leading-serif mx-6 desktop:mx-0\">Eine zweite Anmelderunde an Schulen mit freien Pl\u00e4tzen findet am <strong class=\"font-bold dark:text-white-solid\">Montag, 2. M\u00e4rz<\/strong> und <strong class=\"font-bold dark:text-white-solid\">Dienstag, 3. M\u00e4rz<\/strong> jeweils von <strong class=\"font-bold dark:text-white-solid\">9 bis 18 Uhr<\/strong> statt. Welche Schulen freie Pl\u00e4tze haben, wird \u201erechtzeitig nach der ersten Anmelderunde im Februar\u201c bekannt gegeben.<\/p>\n<p class=\"richtext text-em-55 !leading-serif mx-6 desktop:mx-0\">Bei der Anmeldung muss das Kind selbst anwesend sein. Zudem sind das letzte Halbjahreszeugnis, der von der Grundschule ausgef\u00fcllte Anmeldeschein sowie g\u00fcltige Ausweispapiere oder die Geburtsurkunde des Kindes mitzubringen.<\/p>\n<p class=\"richtext text-em-55 !leading-serif mx-6 desktop:mx-0\">Die Anmeldungen zur Einf\u00fchrungsphase der gymnasialen Oberstufe erfolgen hingegen \u00fcber das Portal \u201eSch\u00fcler online\u201c. Termine f\u00fcr die Gymnasien und Gesamtschulen sind am <strong class=\"font-bold dark:text-white-solid\">4. M\u00e4rz von 9 bis 12 Uhr<\/strong> und von <strong class=\"font-bold dark:text-white-solid\">15 bis 18 Uhr<\/strong>, zus\u00e4tzlich am <strong class=\"font-bold dark:text-white-solid\">5. M\u00e4rz von 9 bis 12 Uhr<\/strong>.<\/p>\n<p class=\"richtext text-em-55 !leading-serif mx-6 desktop:mx-0\">Anmeldetermine am Gymnasium St. Anna gibt es entweder nach telefonischer Vereinbarung oder per Online-Terminvergabe. Die Anmeldetermine finden dort im Zeitraum 3. M\u00e4rz von 9 bis 12 Uhr und am 4. M\u00e4rz von 9 bis 12 Uhr und von 15 bis 17 Uhr statt.<\/p>\n<p class=\"richtext text-em-55 !leading-serif mx-6 desktop:mx-0\">Beratungsveranstaltungen zur gymnasialen Oberstufe in allen st\u00e4dtischen Gymnasien, st\u00e4dtischen Gesamtschulen und dem Gymnasium St. Anna finden am 11. Februar um 18 Uhr statt.<\/p>\n<p class=\"richtext text-em-55 !leading-serif mx-6 desktop:mx-0\">Termine f\u00fcr Beratungsveranstaltungen der Berufskollegs \u00fcber gymnasiale Oberstufe und die Bildungsg\u00e4nge, die zur Fachhochschulreife f\u00fchren, sind auf den Internetseiten der Schulen zu finden. <\/p>\n<p class=\"richtext text-em-55 !leading-serif mx-6 desktop:mx-0\">Anmeldungen an den Berufskollegs erfolgen \u00fcber das Portal \u201eSch\u00fcler online\u201c vom 7. Februar bis 15. M\u00e4rz. Anmeldezeiten der Berufskollegs sind ebenfalls auf den Internetseiten der Schulen zu finden. <\/p>\n<p class=\"richtext text-em-55 !leading-serif mx-6 desktop:mx-0\">Eltern k\u00f6nnen sich im Internet \u00fcber die Anmeldung sowie \u00fcber Schulformen und Schulprofile informieren. Weitere Informationen zum genauen Ablauf sind auf den Internetseiten der jeweiligen Schulen zu finden.  luro<\/p>\n","protected":false},"excerpt":{"rendered":"F\u00fcr Viertkl\u00e4ssler und ihre Eltern beginnt bald ein wichtiger Abschnitt. Welche Schule folgt auf die Grundschule? Eltern von&hellip;\n","protected":false},"author":2,"featured_media":710724,"comment_status":"","ping_status":"","sticky":false,"template":"","format":"standard","meta":{"footnotes":""},"categories":[1840],"tags":[5871,163742,163745,3592,3364,29,1459,30,9906,198,163743,1209,966,8862,9717,12293,163744,54182,4418],"class_list":{"0":"post-710723","1":"post","2":"type-post","3":"status-publish","4":"format-standard","5":"has-post-thumbnail","7":"category-wuppertal","8":"tag-grundschule","9":"tag-anmelderunde","10":"tag-anmeldetermine","11":"tag-anmeldung","12":"tag-de","13":"tag-deutschland","14":"tag-eltern","15":"tag-germany","16":"tag-gesamtschulen","17":"tag-internet","18":"tag-internetseiten","19":"tag-nordrhein-westfalen","20":"tag-schule","21":"tag-termine","22":"tag-uhr","23":"tag-viertklaessler","24":"tag-weiterfuehrenden","25":"tag-wunschschule","26":"tag-wuppertal"},"share_on_mastodon":{"url":"https:\/\/pubeurope.com\/@de\/115877900794476304","error":""},"_links":{"self":[{"href":"https:\/\/www.europesays.com\/de\/wp-json\/wp\/v2\/posts\/710723","targetHints":{"allow":["GET"]}}],"collection":[{"href":"https:\/\/www.europesays.com\/de\/wp-json\/wp\/v2\/posts"}],"about":[{"href":"https:\/\/www.europesays.com\/de\/wp-json\/wp\/v2\/types\/post"}],"author":[{"embeddable":true,"href":"https:\/\/www.europesays.com\/de\/wp-json\/wp\/v2\/users\/2"}],"replies":[{"embeddable":true,"href":"https:\/\/www.europesays.com\/de\/wp-json\/wp\/v2\/comments?post=710723"}],"version-history":[{"count":0,"href":"https:\/\/www.europesays.com\/de\/wp-json\/wp\/v2\/posts\/710723\/revisions"}],"wp:featuredmedia":[{"embeddable":true,"href":"https:\/\/www.europesays.com\/de\/wp-json\/wp\/v2\/media\/710724"}],"wp:attachment":[{"href":"https:\/\/www.europesays.com\/de\/wp-json\/wp\/v2\/media?parent=710723"}],"wp:term":[{"taxonomy":"category","embeddable":true,"href":"https:\/\/www.europesays.com\/de\/wp-json\/wp\/v2\/categories?post=710723"},{"taxonomy":"post_tag","embeddable":true,"href":"https:\/\/www.europesays.com\/de\/wp-json\/wp\/v2\/tags?post=710723"}],"curies":[{"name":"wp","href":"https:\/\/api.w.org\/{rel}","templated":true}]}}