{"id":710743,"date":"2026-01-11T18:45:30","date_gmt":"2026-01-11T18:45:30","guid":{"rendered":"https:\/\/www.europesays.com\/de\/710743\/"},"modified":"2026-01-11T18:45:30","modified_gmt":"2026-01-11T18:45:30","slug":"informationen-fuer-die-anreise-zur-universitaet","status":"publish","type":"post","link":"https:\/\/www.europesays.com\/de\/710743\/","title":{"rendered":"Informationen f\u00fcr die Anreise zur Universit\u00e4t"},"content":{"rendered":"<p>Bitte vermeiden Sie unn\u00f6tige Risiken: Kommen Sie im Zweifel sp\u00e4ter zur Universit\u00e4t, wenn die Stra\u00dfen- und Gehwegverh\u00e4ltnisse es sicher zulassen, auch wenn sich dies bis zum Mittag verz\u00f6gert.\u00a0<\/p>\n<p>Der Winterdienst der Bergischen Universit\u00e4t ist im Einsatz, um die zentralen Wege und Fl\u00e4chen auf dem Campus so schnell wie m\u00f6glich zu r\u00e4umen und zu streuen. Dennoch kann es insbesondere in den fr\u00fchen Morgen- und Vormittagsstunden zu glatten Stellen kommen. Bewegen Sie sich daher vorsichtig auf dem Campus und nutzen Sie nach M\u00f6glichkeit die freiger\u00e4umten Wege.<\/p>\n","protected":false},"excerpt":{"rendered":"Bitte vermeiden Sie unn\u00f6tige Risiken: Kommen Sie im Zweifel sp\u00e4ter zur Universit\u00e4t, wenn die Stra\u00dfen- und Gehwegverh\u00e4ltnisse es&hellip;\n","protected":false},"author":2,"featured_media":710744,"comment_status":"","ping_status":"","sticky":false,"template":"","format":"standard","meta":{"footnotes":""},"categories":[5],"tags":[11620,11621,331,332,3364,29,21924,597,30,13,2766,14,15,176,12,21923,4938,5162,4418],"class_list":{"0":"post-710743","1":"post","2":"type-post","3":"status-publish","4":"format-standard","5":"has-post-thumbnail","7":"category-nachrichten","8":"tag-studieren","9":"tag-uni","10":"tag-aktuelle-nachrichten","11":"tag-aktuelle-news","12":"tag-de","13":"tag-deutschland","14":"tag-einschreiben","15":"tag-forschung","16":"tag-germany","17":"tag-headlines","18":"tag-hochschule","19":"tag-nachrichten","20":"tag-news","21":"tag-nrw","22":"tag-schlagzeilen","23":"tag-studiengang","24":"tag-studium","25":"tag-universitaet","26":"tag-wuppertal"},"share_on_mastodon":{"url":"https:\/\/pubeurope.com\/@de\/115877951738088000","error":""},"_links":{"self":[{"href":"https:\/\/www.europesays.com\/de\/wp-json\/wp\/v2\/posts\/710743","targetHints":{"allow":["GET"]}}],"collection":[{"href":"https:\/\/www.europesays.com\/de\/wp-json\/wp\/v2\/posts"}],"about":[{"href":"https:\/\/www.europesays.com\/de\/wp-json\/wp\/v2\/types\/post"}],"author":[{"embeddable":true,"href":"https:\/\/www.europesays.com\/de\/wp-json\/wp\/v2\/users\/2"}],"replies":[{"embeddable":true,"href":"https:\/\/www.europesays.com\/de\/wp-json\/wp\/v2\/comments?post=710743"}],"version-history":[{"count":0,"href":"https:\/\/www.europesays.com\/de\/wp-json\/wp\/v2\/posts\/710743\/revisions"}],"wp:featuredmedia":[{"embeddable":true,"href":"https:\/\/www.europesays.com\/de\/wp-json\/wp\/v2\/media\/710744"}],"wp:attachment":[{"href":"https:\/\/www.europesays.com\/de\/wp-json\/wp\/v2\/media?parent=710743"}],"wp:term":[{"taxonomy":"category","embeddable":true,"href":"https:\/\/www.europesays.com\/de\/wp-json\/wp\/v2\/categories?post=710743"},{"taxonomy":"post_tag","embeddable":true,"href":"https:\/\/www.europesays.com\/de\/wp-json\/wp\/v2\/tags?post=710743"}],"curies":[{"name":"wp","href":"https:\/\/api.w.org\/{rel}","templated":true}]}}