{"id":710757,"date":"2026-01-11T18:54:52","date_gmt":"2026-01-11T18:54:52","guid":{"rendered":"https:\/\/www.europesays.com\/de\/710757\/"},"modified":"2026-01-11T18:54:52","modified_gmt":"2026-01-11T18:54:52","slug":"schulausfall-in-nuernberg-nuernberger-land-franken-eisregen-am-montag","status":"publish","type":"post","link":"https:\/\/www.europesays.com\/de\/710757\/","title":{"rendered":"Schulausfall in N\u00fcrnberg, N\u00fcrnberger Land, Franken? Eisregen am Montag"},"content":{"rendered":"<p>Eisregen droht <\/p>\n<p>F\u00e4llt am Montag die Schule in und um N\u00fcrnberg aus?<\/p>\n<p>11.01.2026 &#8211; 18:25 UhrLesedauer: 1 Min.<\/p>\n<p><a href=\"#focus-0\" class=\"transition-colors duration-200 block text-current relative\" data-sctrack=\"FocusGalleryImage.Reference\"><img fetchpriority=\"high\" data-testid=\"Opener.Image\" style=\"--lqipURL:url('https:\/\/images.t-online.de\/2026\/01\/Y6V4P7KzHzoy\/0x0:4000x2250\/fit-in\/150x0\/filters:blur(25)\/verschneites-verkehrsschild-mit-dem-hinweis-schulbus-vor-einer-winterlichen-landschaft-symbolfoto-fuer-winter-schnee-verkehrssicherheit-und-schulweg-snow-covered-road-sign-with-school-bus-in-front-of-a-wintry-landscape-symbolic-photo-for-winter-snow-road-safety-and-the-way-to-school-copyright-hmbxmedia-xheikoxbecker.jpg')\"   loading=\"eager\" src=\"https:\/\/www.europesays.com\/de\/wp-content\/uploads\/2026\/01\/verschneites-verkehrsschild-mit-dem-hinweis-schulbus-vor-einer-winterlichen-landschaft-symbolfoto-fu.jpeg\" alt=\"imago images 0845311072\" title=\"imago images 0845311072\" width=\"4000\" height=\"2250\" class=\"bg-[url:var(--lqipURL)] bg-cover bg-center flex h-full w-full max-w-full\" decoding=\"async\"\/><img style=\"--width:32;--height:32\" loading=\"lazy\" src=\"https:\/\/nuernberg.t-online.de\/s\/paper\/_next\/static\/media\/zoom-in.f7dae02f.svg\" alt=\"Vergr\u00f6\u00dfern des Bildes\" title=\"Vergr\u00f6\u00dfern des Bildes\" class=\"block h-[calc(var(--height)_\/_16_*_1rem)] w-[calc(var(--width)_\/_16_*_1rem)] max-w-none absolute bottom-8 right-8 rounded-4 bg-snow p-8\" decoding=\"async\"\/><\/a><\/p>\n<p>Ein verschneites Schulbusschild (Archivbild): Am Montag droht eine gef\u00e4hrliche Wetterlage in Franken. (Quelle: IMAGO\/Heiko Becker\/imago)<\/p>\n<p class=\"font-bold text-18 leading-17\">Der Wetterdienst r\u00e4t dazu, am Montag zuhause zu bleiben. Was bedeutet das f\u00fcr Sch\u00fcler in Franken?<\/p>\n<p class=\"text-18 leading-17\">Der Deutsche Wetterdienst (DWD) warnt in N\u00fcrnberg und ganz Franken am Montag vor Eisregen. Die Meteorologen erwarten offenbar derart schwierige Stra\u00dfenverh\u00e4ltnisse, <a class=\"transition-colors duration-200 cursor-pointer text-inherit no-underline text-salemsfur md:hover:text-magenta md:hover:border-magenta md:focus:text-magenta border-current border-b border-solid break-words\" href=\"https:\/\/nuernberg.t-online.de\/region\/nuernberg\/id_101077842\/wetter-nuernberg-dwd-warnt-vor-eisregen-gefahr-fuer-leib-und-leben-.html\" data-sctrack=\"BodyAnchor\" target=\"_blank\" rel=\"noopener\">dass sie von einer &#8222;Gefahr f\u00fcr Leib und Leben&#8220; sprechen.<\/a> Die amtliche Unwetterwarnung gilt aktuell zwischen 12 und 18 Uhr am Montag. Doch was bedeutet das f\u00fcr die Schulen in N\u00fcrnberg sowie in der Metropolregion?<\/p>\n<p class=\"text-18 leading-17\">Schulausf\u00e4lle vermeldet das Bayerische Kultusministerium <a rel=\"nofollow noopener\" target=\"_blank\" class=\"transition-colors duration-200 cursor-pointer text-inherit no-underline text-salemsfur md:hover:text-magenta md:hover:border-magenta md:focus:text-magenta border-current border-b border-solid break-words\" href=\"https:\/\/www.unterrichtsausfall.bayern.de\/\" data-sctrack=\"BodyAnchor\">zentral auf einer Webseite.<\/a> Auf dieser sind die Ausf\u00e4lle je nach Landkreis und Schule sortiert vermeldet. Nach aktuellem Stand (18.10 Uhr) bleibt am Montag nur eine Schule geschlossen \u2013 n\u00e4mlich die Grundschule Heuchling im Landkreis N\u00fcrnberger Land.<\/p>\n<p class=\"text-18 leading-17\">Allerdings f\u00e4llt dort der Pr\u00e4senzunterricht nicht wegen der aktuellen Unwetterwarnung, sondern wegen einer defekten Heizungsanlage aus. Bis mindestens Mittwoch (14. Januar) k\u00f6nnen in der Schule keine Kinder unterrichtet werden.<\/p>\n<p class=\"text-18 leading-17\">Generell sollten Eltern die Wettervorhersage sowie die Webseite des Kultusministeriums wegen Ausf\u00e4llen auch an anderen Schulen im Blick behalten.<\/p>\n","protected":false},"excerpt":{"rendered":"Eisregen droht F\u00e4llt am Montag die Schule in und um N\u00fcrnberg aus? 11.01.2026 &#8211; 18:25 UhrLesedauer: 1 Min.&hellip;\n","protected":false},"author":2,"featured_media":710758,"comment_status":"","ping_status":"","sticky":false,"template":"","format":"standard","meta":{"footnotes":""},"categories":[1837],"tags":[67842,772,3364,29,4906,142952,4348,30,3783,163749,966],"class_list":{"0":"post-710757","1":"post","2":"type-post","3":"status-publish","4":"format-standard","5":"has-post-thumbnail","7":"category-nuernberg","8":"tag-67842","9":"tag-bayern","10":"tag-de","11":"tag-deutschland","12":"tag-dwd","13":"tag-eisregen","14":"tag-franken","15":"tag-germany","16":"tag-nuernberg","17":"tag-schulbusschild","18":"tag-schule"},"share_on_mastodon":{"url":"https:\/\/pubeurope.com\/@de\/115877991125986705","error":""},"_links":{"self":[{"href":"https:\/\/www.europesays.com\/de\/wp-json\/wp\/v2\/posts\/710757","targetHints":{"allow":["GET"]}}],"collection":[{"href":"https:\/\/www.europesays.com\/de\/wp-json\/wp\/v2\/posts"}],"about":[{"href":"https:\/\/www.europesays.com\/de\/wp-json\/wp\/v2\/types\/post"}],"author":[{"embeddable":true,"href":"https:\/\/www.europesays.com\/de\/wp-json\/wp\/v2\/users\/2"}],"replies":[{"embeddable":true,"href":"https:\/\/www.europesays.com\/de\/wp-json\/wp\/v2\/comments?post=710757"}],"version-history":[{"count":0,"href":"https:\/\/www.europesays.com\/de\/wp-json\/wp\/v2\/posts\/710757\/revisions"}],"wp:featuredmedia":[{"embeddable":true,"href":"https:\/\/www.europesays.com\/de\/wp-json\/wp\/v2\/media\/710758"}],"wp:attachment":[{"href":"https:\/\/www.europesays.com\/de\/wp-json\/wp\/v2\/media?parent=710757"}],"wp:term":[{"taxonomy":"category","embeddable":true,"href":"https:\/\/www.europesays.com\/de\/wp-json\/wp\/v2\/categories?post=710757"},{"taxonomy":"post_tag","embeddable":true,"href":"https:\/\/www.europesays.com\/de\/wp-json\/wp\/v2\/tags?post=710757"}],"curies":[{"name":"wp","href":"https:\/\/api.w.org\/{rel}","templated":true}]}}