{"id":710766,"date":"2026-01-11T19:02:23","date_gmt":"2026-01-11T19:02:23","guid":{"rendered":"https:\/\/www.europesays.com\/de\/710766\/"},"modified":"2026-01-11T19:02:23","modified_gmt":"2026-01-11T19:02:23","slug":"niedersachsen-bremen-schulausfall-in-niedersachsen-ausnahmen-fuer-inselkinder","status":"publish","type":"post","link":"https:\/\/www.europesays.com\/de\/710766\/","title":{"rendered":"Niedersachsen &#038; Bremen: Schulausfall in Niedersachsen \u2013 Ausnahmen f\u00fcr Inselkinder"},"content":{"rendered":"<p>Niedersachsen &amp; BremenSchulausfall in Niedersachsen \u2013 Ausnahmen f\u00fcr Inselkinder<img decoding=\"async\" class=\"Image_img__fQCi0 Image_Img_16_9__4BLfH\" loading=\"eager\" fetchpriority=\"high\" src=\"https:\/\/www.europesays.com\/de\/wp-content\/uploads\/2026\/01\/Extremes-Winterwetter-herrscht-auch-auf-der-Insel-Wangerooge.webp.webp\" alt=\"Extremes-Winterwetter-herrscht-auch-auf-der-Insel-Wangerooge\"\/>TeilenFolgen auf:<a href=\"https:\/\/www.whatsapp.com\/channel\/0029Va5cdVJD8SDp5YZgYF01\" title=\"Auf WhatsApp folgen\" target=\"_blank\" rel=\"noopener\"><img decoding=\"async\" src=\"https:\/\/www.n-tv.de\/socialIcons\/whatsapp.svg\" alt=\"whatsapp\" class=\"ArticleShare_icon__FsrC2\"\/><\/a><a href=\"https:\/\/news.google.com\/publications\/CAAiEPMdif5mpRNxiLOeUpHCwwsqFAgKIhDzHYn-ZqUTcYiznlKRwsML?hl=de&amp;gl=DE&amp;ceid=DE%3Ade\" title=\"Auf Google News folgen\" target=\"_blank\" rel=\"noopener\"><img decoding=\"async\" src=\"https:\/\/www.n-tv.de\/socialIcons\/google.svg\" alt=\"whatsapp\" class=\"ArticleShare_icon__FsrC2\"\/><\/a><\/p>\n<p class=\"Typography_text-m__XI0da Typography_weight-bold__uT6mq storyline_lead_text_leadtext__q_wg8\">In Niedersachsen bleiben Klassenzimmer auch am Montag leer. F\u00fcr Kinder auf den Ostfriesischen Inseln gelten andere Regeln.<\/p>\n<p class=\"Typography_text-default__P3otY Typography_weight-normal__pqUbH storyline_paragraph_p__qSR5N\">Hannover\/Aurich (dpa\/lni) &#8211; W\u00e4hrend auf dem nieders\u00e4chsischen Festland der regul\u00e4re Schulunterricht am Montag ausf\u00e4llt, gelten f\u00fcr Kinder und Jugendliche auf den Ostfriesischen Inseln mitunter andere Bedingungen. So teilte der Landkreis Wittmund mit, dass der Unterricht auf dem Festland ausfalle. Die Ostfriesischen Inseln Spiekeroog und Langeoog sind damit ausgeschlossen. Auch f\u00fcr die Sch\u00fclerinnen und Sch\u00fcler auf der Insel Wangerooge gilt die Absage des Pr\u00e4senzunterrichts nicht, wie der Landkreis Friesland mitteilte.<\/p>\n<p class=\"Typography_text-default__P3otY Typography_weight-normal__pqUbH storyline_paragraph_p__qSR5N\">Wangerooge war bereits am Freitag eine Ausnahme. Als der Wintersturm &#8222;Elli&#8220; \u00fcber Niedersachsen tobte und der regul\u00e4re Schulunterricht fl\u00e4chendeckend abgesagt wurde, gab es f\u00fcr die Sch\u00fclerinnen und Sch\u00fcler der Inselschule trotzdem Pr\u00e4senzunterricht. Grund war, dass es auf der autofreien Insel Wangerooge keine Schulbusse gibt. In vielen Regionen war der Ausfall des Busverkehrs Hauptgrund f\u00fcr die Unterrichtsabsagen. J\u00fcngst gingen rund 35 Sch\u00fclerinnen und Sch\u00fcler in f\u00fcnf Klassenverb\u00e4nden auf die kleine Inselschule.<\/p>\n<p class=\"Typography_text-default__P3otY Typography_weight-normal__pqUbH storyline_paragraph_p__qSR5N\">Der Landkreis Friesland verwies aber darauf, dass Eltern ihre Kinder bis zur zehnten Klasse auch ohne angeordneten Unterrichtsausfall zu Hause behalten k\u00f6nnen, wenn das Wetter extrem und der Schulweg damit gef\u00e4hrlich ist. M\u00f6glicherweise bleiben daher auch Inselkinder am Montag zu Hause.<\/p>\n<p class=\"Typography_text-s__wu_cm Typography_weight-normal__pqUbH Typography_color-darkgrey__sZEnP article-detail-footer_source__KslPc\">Quelle: dpa<\/p>\n","protected":false},"excerpt":{"rendered":"Niedersachsen &amp; BremenSchulausfall in Niedersachsen \u2013 Ausnahmen f\u00fcr InselkinderTeilenFolgen auf: In Niedersachsen bleiben Klassenzimmer auch am Montag leer.&hellip;\n","protected":false},"author":2,"featured_media":710767,"comment_status":"","ping_status":"","sticky":false,"template":"","format":"standard","meta":{"footnotes":""},"categories":[1824],"tags":[2420,3364,29,30],"class_list":{"0":"post-710766","1":"post","2":"type-post","3":"status-publish","4":"format-standard","5":"has-post-thumbnail","7":"category-bremen","8":"tag-bremen","9":"tag-de","10":"tag-deutschland","11":"tag-germany"},"share_on_mastodon":{"url":"https:\/\/pubeurope.com\/@de\/115878018909048926","error":""},"_links":{"self":[{"href":"https:\/\/www.europesays.com\/de\/wp-json\/wp\/v2\/posts\/710766","targetHints":{"allow":["GET"]}}],"collection":[{"href":"https:\/\/www.europesays.com\/de\/wp-json\/wp\/v2\/posts"}],"about":[{"href":"https:\/\/www.europesays.com\/de\/wp-json\/wp\/v2\/types\/post"}],"author":[{"embeddable":true,"href":"https:\/\/www.europesays.com\/de\/wp-json\/wp\/v2\/users\/2"}],"replies":[{"embeddable":true,"href":"https:\/\/www.europesays.com\/de\/wp-json\/wp\/v2\/comments?post=710766"}],"version-history":[{"count":0,"href":"https:\/\/www.europesays.com\/de\/wp-json\/wp\/v2\/posts\/710766\/revisions"}],"wp:featuredmedia":[{"embeddable":true,"href":"https:\/\/www.europesays.com\/de\/wp-json\/wp\/v2\/media\/710767"}],"wp:attachment":[{"href":"https:\/\/www.europesays.com\/de\/wp-json\/wp\/v2\/media?parent=710766"}],"wp:term":[{"taxonomy":"category","embeddable":true,"href":"https:\/\/www.europesays.com\/de\/wp-json\/wp\/v2\/categories?post=710766"},{"taxonomy":"post_tag","embeddable":true,"href":"https:\/\/www.europesays.com\/de\/wp-json\/wp\/v2\/tags?post=710766"}],"curies":[{"name":"wp","href":"https:\/\/api.w.org\/{rel}","templated":true}]}}