{"id":711108,"date":"2026-01-11T22:20:16","date_gmt":"2026-01-11T22:20:16","guid":{"rendered":"https:\/\/www.europesays.com\/de\/711108\/"},"modified":"2026-01-11T22:20:16","modified_gmt":"2026-01-11T22:20:16","slug":"vorwuerfe-gegen-ehemann-melissa-gilbert-loescht-insta-profil","status":"publish","type":"post","link":"https:\/\/www.europesays.com\/de\/711108\/","title":{"rendered":"Vorw\u00fcrfe gegen Ehemann: Melissa Gilbert l\u00f6scht Insta-Profil"},"content":{"rendered":"<p style=\"order:0\" class=\"spanFix max-w-[750px] leading-[30px] sm:text-[22px] sm:leading-[38px] sm:text-[22px] sm:leading-[38px]\">Melissa Gilbert (61) hat ihr Instagram-Profil gel\u00f6scht \u2013 und das genau in dem Moment, in dem schwere Vorw\u00fcrfe gegen ihren Ehemann Timothy Busfield (68) \u00f6ffentlich werden. Seit Sonntag, 11. Januar, erscheint beim Aufrufen ihres Accounts nur noch der Hinweis, dass ihr Profil nicht mehr verf\u00fcgbar ist. Hintergrund ist <a target=\"_self\" data-google-interstitial=\"true\" href=\"https:\/\/www.promiflash.de\/news\/2026\/01\/10\/timothy-busfield-wegen-kindesmissbrauchs-verdacht-angeklagt.html\" rel=\"noopener\">ein Haftbefehl<\/a> der Polizei in Albuquerque, der dem Magazin People vorliegt. <b>Darin wird Timothy, den Melissa 2013 heiratete, vorgeworfen, in New Mexico zwei Jungen unerlaubt sexuell ber\u00fchrt zu haben.<\/b> Vertreter von Timothy und Melissa reagierten bislang nicht auf Anfragen des Magazins.<\/p>\n<p style=\"order:3\" class=\"spanFix max-w-[750px] leading-[30px] sm:text-[22px] sm:leading-[38px] sm:text-[22px] sm:leading-[38px]\">Aus dem von People zitierten Haftbefehl geht hervor, dass es um elfj\u00e4hrige Zwillinge geht, deren Identit\u00e4ten gesch\u00fctzt werden. <b>Ein Junge gab demnach an, die \u00dcbergriffe h\u00e4tten begonnen, als er sieben Jahre alt war.<\/b> Die Ermittlungen starteten laut Dokumenten im November 2024 nach einem Hinweis aus dem University of New Mexico Hospital. Die Eltern der Kinder sollen erkl\u00e4rt haben, ihre S\u00f6hne h\u00e4tten Timothy am Set der FOX-Serie &#8222;The Cleaning Lady&#8220; kennengelernt, wo er als Regisseur t\u00e4tig war. In dem Papier ist au\u00dferdem festgehalten, dass Timothy gegen\u00fcber Ermittlern erkl\u00e4rte, die Eltern seien ver\u00e4rgert gewesen, weil die Jungs durch einen j\u00fcngeren Darsteller ersetzt worden seien. Eine Stellungnahme \u00fcber Bevollm\u00e4chtigte gab es dazu nicht. Laut JustJared war Melissa am 3. November 2025 per Lautsprecher zugeschaltet, als Timothy mit einem Beamten telefonierte. In dem von People ausgewerteten Haftbefehl hei\u00dft es zudem, das Paar habe au\u00dferhalb der Arbeit Kontakt zur Familie der Jungs gepflegt, ihnen Geschenke gemacht und gemeinsame Anl\u00e4sse verbracht.<\/p>\n<p style=\"order:6\" class=\"spanFix max-w-[750px] leading-[30px] sm:text-[22px] sm:leading-[38px] sm:text-[22px] sm:leading-[38px]\">Melissa und Timothy sind seit 2013 verheiratet, ein Jahr nachdem sie sich in einer Bar wiedergetroffen hatten und sich n\u00e4her gekommen waren. Die Schauspielerin zeigte ihr Familienleben mit dem Kollegen in der Vergangenheit immer wieder offen im Netz und ver\u00f6ffentlichte im April noch einen emotionalen Post zu ihrem zw\u00f6lften Hochzeitstag, in dem sie Timothy als &#8222;meinen Lieblingsmenschen&#8220; bezeichnete und schrieb: <b>&#8222;Wie gl\u00fccklich ich mich sch\u00e4tzen kann. Ich liebe dich&#8220;<\/b>. Wochen vor Bekanntwerden des Haftbefehls hatte Melissa auf Instagram \u00fcber ihre eigenen Erfahrungen als Kinderstar gesprochen und dabei den Umgang mit jungen Darstellern am Set thematisiert, ohne jemandem in diesem Zusammenhang Fehlverhalten vorzuwerfen. Timothy, der mit Rollen in Serien wie &#8222;The West Wing&#8220; Fernsehgeschichte schrieb, sah sich laut dem neuen Haftbefehl bereits Mitte der 90er-Jahre mit \u00e4hnlichen Anschuldigungen konfrontiert, Details dazu sind in den aktuellen Unterlagen allerdings nicht \u00f6ffentlich ausgef\u00fchrt. Wie das Paar privat mit den neuen Vorw\u00fcrfen umgeht, ist bislang nicht bekannt.<\/p>\n<p><img class=\"top-0  absolute h-full w-full object-cover\" alt=\"Melissa Gilbert und ihr Ehemann Timothy Busfield beim 62. Monte Carlo TV Festival, 2023\" width=\"854\" height=\"480\" decoding=\"async\"  loading=\"lazy\" style=\"background-size:cover;background-position:50% 50%;background-repeat:no-repeat;background-image:url(&quot;data:image\/svg+xml;charset=utf-8,%3Csvg xmlns='http:\/\/www.w3.org\/2000\/svg' viewBox='0 0 640 640'%3E%3Cfilter id='b' color-interpolation-filters='sRGB'%3E%3CfeGaussianBlur stdDeviation='20'\/%3E%3CfeColorMatrix values='1 0 0 0 0 0 1 0 0 0 0 0 1 0 0 0 0 0 100 -1' result='s'\/%3E%3CfeFlood x='0' y='0' width='100%25' height='100%25'\/%3E%3CfeComposite operator='out' in='s'\/%3E%3CfeComposite in2='SourceGraphic'\/%3E%3CfeGaussianBlur stdDeviation='20'\/%3E%3C\/filter%3E%3Cimage width='100%25' height='100%25' x='0' y='0' preserveAspectRatio='none' style='filter: url(%23b);' href='data:image\/png;base64,iVBORw0KGgoAAAANSUhEUgAAABAAAAAQCAYAAAAf8\/9hAAAEG0lEQVR4AQEQBO\/7AJ6qi\/+apYb\/jpd3\/3uBYP9nZ0H\/WFAg\/1hLHP9nXD3\/e3Rc\/42KdP+ZmYT\/nZ+M\/5uei\/+SloX\/hot7\/3uAcf8An6mL\/5ulhv+Pl3j\/foJi\/2toRf9eUyr\/X1Aq\/21gRP+Ad2H\/kYx3\/5yahv+goI3\/nJ6M\/5OWhf+Ginv\/e39x\/wChp4v\/naOH\/5OWev+Eg2b\/dm1P\/25cP\/9xW0L\/fWpW\/41+bf+bkYD\/pJ2N\/6aikv+hn5D\/lpaH\/4eJe\/97fnD\/AKSljf+hoYn\/mZZ+\/46Fbv+EdF7\/gWhV\/4VqWv+Rd2r\/noh9\/6mYjf+vopf\/rqaa\/6ehlf+al4v\/iop9\/3x+cf8AqKWR\/6aijv+gmIX\/mYt5\/5R+bv+Tdmr\/mXlx\/6OFf\/+ulI\/\/tqGc\/7mpo\/+3q6T\/raWe\/5+akv+OjIP\/gIB2\/wCuqZn\/raaX\/6mekP+kk4b\/ool\/\/6OFfv+piYX\/sZOR\/7qgn\/\/Aq6r\/wrGw\/76xr\/+0q6j\/pZ+b\/5WSjP+Hhn\/\/ALWwpf+0raL\/sqec\/6+elf+ulo\/\/r5OP\/7SWlv+7n6H\/wqqt\/8a0t\/\/Hubz\/wri7\/7mys\/+sp6f\/nZuY\/5KQjP8AvLqx\/7u3r\/+6san\/uKmj\/7einv+4n53\/vKKj\/8Gqrv\/Gs7n\/ybzC\/8nAx\/\/EwMb\/vLq\/\/7Kxs\/+mpab\/npyb\/wDDxL3\/wsK7\/8C8tf++tK\/\/va2p\/72pqf+\/q67\/wrG3\/8a6wv\/Iwsv\/yMfQ\/8XHz\/+\/wsn\/t7q\/\/6+ws\/+pqKn\/AMjNx\/\/Hy8X\/xcW\/\/8O9uP\/AtbL\/v7Cx\/8Cxtf\/Bt77\/xL\/J\/8XH0v\/GzNf\/xM3X\/8DJ0v+7wsj\/trq+\/7Kztf8Ay9TN\/8rSy\/\/IzMX\/xcO+\/8G6uP+\/tbb\/vrW6\/7+6wv\/Bws3\/w8rW\/8TQ2\/\/D0dz\/wc7X\/77Iz\/+7wcX\/uLu9\/wDN2ND\/zNbO\/8nPyP\/ExsD\/wL26\/723uP+8trz\/vbvE\/7\/Dz\/\/CzNj\/w9Le\/8TU3\/\/D0dv\/wMzT\/73Fyf+7v8L\/AM3Yz\/\/L1s3\/yM\/H\/8PGwP++vLn\/u7a4\/7q2vP+7u8T\/v8TP\/8LM2P\/F0t7\/xdTf\/8TS2\/\/BzdP\/vcbK\/7rBw\/8Ay9bL\/8nUyf\/FzcT\/wMO9\/7u6t\/+4tbb\/uLW6\/7u6w\/\/Aw87\/xczY\/8jS3f\/I1N7\/xdLa\/8HM0v+8xcj\/t7\/B\/wDJ08f\/x9DF\/8PKwP+9wLn\/uLe0\/7aytP+3s7n\/vLnC\/8LCzf\/Iy9b\/y9Hc\/8vT3P\/H0dj\/wMvP\/7nDxf+zvb3\/AMfQw\/\/GzsH\/wce8\/7u+tv+2tbL\/tbCy\/7ext\/+9uMH\/xMHM\/8rK1f\/N0dv\/zdLb\/8jQ1v\/Ayc3\/t8HD\/7C7uv8uhv+x6A9cAAAAAABJRU5ErkJggg=='\/%3E%3C\/svg%3E&quot;)\" src=\"https:\/\/www.europesays.com\/de\/wp-content\/uploads\/2026\/01\/melissa-gilbert-und-ihr-ehemann-timothy-busfield.jpg\" fetchpriority=\"auto\"\/>Getty Images<img decoding=\"async\" alt=\"Bilder Gallerie Button\" class=\"absolute bottom-[7px] right-[3px] w-[54px] h-[54px] group-hover:scale-110 transition-transform duration-300\" src=\"https:\/\/www.europesays.com\/de\/wp-content\/uploads\/2025\/11\/galerie_button.png\" loading=\"lazy\"\/>Melissa Gilbert und ihr Ehemann Timothy Busfield beim 62. Monte Carlo TV Festival, 2023<img class=\"top-0  absolute h-full w-full object-cover\" alt=\"Timothy Busfield, Schauspieler\" width=\"854\" height=\"480\" decoding=\"async\"  loading=\"lazy\" style=\"background-size:cover;background-position:50% 50%;background-repeat:no-repeat;background-image:url(&quot;data:image\/svg+xml;charset=utf-8,%3Csvg xmlns='http:\/\/www.w3.org\/2000\/svg' viewBox='0 0 640 640'%3E%3Cfilter id='b' color-interpolation-filters='sRGB'%3E%3CfeGaussianBlur stdDeviation='20'\/%3E%3CfeColorMatrix values='1 0 0 0 0 0 1 0 0 0 0 0 1 0 0 0 0 0 100 -1' result='s'\/%3E%3CfeFlood x='0' y='0' width='100%25' height='100%25'\/%3E%3CfeComposite operator='out' in='s'\/%3E%3CfeComposite in2='SourceGraphic'\/%3E%3CfeGaussianBlur stdDeviation='20'\/%3E%3C\/filter%3E%3Cimage width='100%25' height='100%25' x='0' y='0' preserveAspectRatio='none' style='filter: url(%23b);' href='data:image\/png;base64,iVBORw0KGgoAAAANSUhEUgAAABAAAAAQCAYAAAAf8\/9hAAAEG0lEQVR4AQEQBO\/7AMnNy\/\/Hy8j\/wsPB\/7u4tf+zrKj\/q5+c\/6aWlP+kk5L\/ppWX\/6qcn\/+wpan\/tq2y\/7u0uf+\/ub3\/wrzA\/8O+wf8Ayc3L\/8jLyP\/Dw8H\/vLi1\/7OsqP+sn5v\/p5aT\/6aTkf+olZb\/rJye\/7KlqP+4rbH\/vLS4\/8C5vf\/CvL\/\/xL7B\/wDKzcv\/yMvI\/8TEwP+9ubT\/tqym\/6+fmv+rlpH\/qpKP\/6yVk\/+xnJz\/tqSm\/7utsP\/AtLf\/w7m8\/8W8v\/\/GvsH\/AMrNyv\/Jy8f\/xcS\/\/7+5s\/+4rKX\/s5+X\/7CWjv+vkov\/spSP\/7aamP+7o6P\/v6yt\/8Oztf\/Gubv\/x7y+\/8i+wP8Ays3I\/8nKxf\/Gw77\/wLix\/7uro\/+2n5X\/s5WK\/7OQhv+1kon\/uZiS\/72gnf\/Bqaj\/xbGx\/8e3uP\/Iu7z\/yb6\/\/wDKy8b\/ycnD\/8bCu\/\/BuK\/\/vKuh\/7eekv+0lIb\/s46B\/7WOgv+4k4r\/u5uV\/7+koP\/Crav\/xbOz\/8a4uf\/Hu7z\/AMnJw\/\/Ix8D\/xcC5\/8C2rf+6qp\/\/tZ2Q\/7GRg\/+vinv\/r4h6\/7GLgP+0k4v\/uJyX\/7ulov++raz\/wLOz\/8G3t\/8Ax8W\/\/8bDvP\/CvbX\/vbOr\/7annf+wmo3\/qo1\/\/6WEdP+jgHH\/pIF1\/6aIfv+qkYv\/rpuY\/7Oko\/+2q6v\/uLCx\/wDEwbr\/w7+4\/7+5sf+4sKf\/sKSa\/6eWiv+eiHv\/lnxu\/5J1Z\/+QdGj\/knpw\/5eDff+djov\/o5mX\/6ihof+rpqf\/AMG8tf+\/urL\/urSs\/7Kro\/+nn5b\/m5CG\/4+Bdv+Dc2b\/e2lc\/3hlWv95aWH\/f3Nu\/4d\/ff+Pi4r\/lpSV\/5uanP8Avbev\/7u1rf+1r6f\/q6Wd\/52YkP+OiID\/fXdv\/21nXv9hWlH\/W1VM\/11ZUv9lY1\/\/b3Bu\/3p8fP+Chof\/h4yO\/wC5sqr\/t7Cn\/6+pof+jn5f\/k5CJ\/4B\/ef9rbGb\/V1pU\/0ZLRv8\/RUD\/QklG\/01UUv9ZYWH\/ZG1u\/213eP9yfX\/\/ALavpf+zrKL\/qqSb\/5uYkP+Jh4H\/cnRv\/1peW\/9CSkn\/Ljs7\/yg3N\/8wPT3\/PklJ\/0pVVv9TYGH\/WWdp\/11sbv8Asqyh\/6+pnv+loJb\/lZGJ\/4B+eP9naGT\/TFBP\/zM5PP8jKzH\/JSwx\/zI3Ov89Q0X\/RE5P\/0hVVv9JWVr\/SVxd\/wCwqp7\/rKeb\/6Gdkf+QjIL\/eXZv\/15cWP9DQEH\/LScu\/ycbKP8xJi\/\/PTY7\/0VCRP9ISkr\/RU1N\/z5OTf84TU3\/AK+pnP+rppn\/n5qO\/42Ifv91cGn\/WVRQ\/z40Nv8tFCL\/Lg0i\/zwkL\/9HNzz\/TkNF\/01JSf9FSUj\/OUZE\/ytCQP9ez7IB\/a4N4gAAAABJRU5ErkJggg=='\/%3E%3C\/svg%3E&quot;)\" src=\"https:\/\/www.europesays.com\/de\/wp-content\/uploads\/2026\/01\/timothy-busfield-besucht-die-premiere-der-dritten-staffel-von-damages.jpg\" fetchpriority=\"auto\"\/>Getty Images<img decoding=\"async\" alt=\"Bilder Gallerie Button\" class=\"absolute bottom-[7px] right-[3px] w-[54px] h-[54px] group-hover:scale-110 transition-transform duration-300\" src=\"https:\/\/www.europesays.com\/de\/wp-content\/uploads\/2025\/11\/galerie_button.png\" loading=\"lazy\"\/>Timothy Busfield, Schauspieler<img class=\"top-0  absolute h-full w-full object-cover\" alt=\"Melissa Gilbert und ihr Mann Timothy Busfield, Juni 2023\" width=\"854\" height=\"480\" decoding=\"async\"  loading=\"lazy\" style=\"background-size:cover;background-position:50% 50%;background-repeat:no-repeat;background-image:url(&quot;data:image\/svg+xml;charset=utf-8,%3Csvg xmlns='http:\/\/www.w3.org\/2000\/svg' viewBox='0 0 640 640'%3E%3Cfilter id='b' color-interpolation-filters='sRGB'%3E%3CfeGaussianBlur stdDeviation='20'\/%3E%3CfeColorMatrix values='1 0 0 0 0 0 1 0 0 0 0 0 1 0 0 0 0 0 100 -1' result='s'\/%3E%3CfeFlood x='0' y='0' width='100%25' height='100%25'\/%3E%3CfeComposite operator='out' in='s'\/%3E%3CfeComposite in2='SourceGraphic'\/%3E%3CfeGaussianBlur stdDeviation='20'\/%3E%3C\/filter%3E%3Cimage width='100%25' height='100%25' x='0' y='0' preserveAspectRatio='none' style='filter: url(%23b);' href='data:image\/png;base64,iVBORw0KGgoAAAANSUhEUgAAABAAAAAQCAYAAAAf8\/9hAAAEG0lEQVR4AQEQBO\/7AFpEWP9WQVX\/SzhO\/zssRP8uJDz\/NCw9\/0k\/R\/9iU1b\/dmRk\/4Vvb\/+LdHT\/iHJz\/3xna\/9nVV3\/STxL\/x8bOf8AXklb\/1pGWP9QPVH\/QTJH\/zYrP\/86MT\/\/TUJJ\/2RVWP94ZWb\/hXBw\/4t1df+Jc3T\/fWhs\/2hXXv9KPkz\/Ih46\/wBnU2H\/ZFFf\/1tJV\/9PQE7\/RjlG\/0g9Rv9WSk7\/aVpc\/3ppav+HdHT\/jHh4\/4l1d\/99a2\/\/aVpg\/0xCTv8pJzv\/AHJfaf9vXWf\/Z1Zf\/11NVv9WR07\/VklN\/2BTVf9vYWH\/fm5v\/4l4ef+NfH3\/iXl7\/35vc\/9qX2T\/UElR\/zIwPv8Ae2pw\/3hnbv9xYGb\/aFhc\/2FRVP9gUVL\/aFlZ\/3RmZv+Ac3P\/inx9\/42Agv+JfoD\/fnR3\/2xkaP9UT1X\/OjpC\/wB\/cHT\/fG5y\/3Zmav9tXV\/\/ZlVW\/2VUVP9rXFv\/dmlo\/4F2dv+JgIH\/jYSG\/4mChf9+eXz\/bWlt\/1dVWv9CQUj\/AH1ydf96b3L\/dGdp\/2tcXv9kU1P\/Y1FQ\/2lZWP9zZ2f\/f3Z2\/4eBg\/+Lhon\/iIWI\/358gP9ubXL\/Wlpf\/0ZHTf8AdW9y\/3Nsbv9sYmX\/YlVX\/1tKS\/9aR0j\/YVFR\/21hYv95cnT\/g3+C\/4eGif+Fhon\/fH6C\/25vdf9bXGP\/SUlS\/wBnZ2v\/ZWNn\/11YXP9SSEz\/Sjg9\/0k0Of9TQkb\/Ylha\/3Fsb\/98e37\/goSH\/4GEiP95fYL\/a251\/1lbZf9ISFX\/AFRbYP9RV1z\/R0lQ\/zo0Pf8vGCj\/MA4i\/0AsNf9US0\/\/Z2Nm\/3R1eP97foH\/e4CE\/3R5fv9ma3P\/VVdj\/0NEVP8APEtU\/zhGUP8qNUL\/ERAq\/wAAAP8AAAD\/KQIg\/0Y7Qv9bWFz\/amtu\/3J2ef9zeHz\/bHF3\/15jbP9NT17\/OztQ\/wAfOUf\/FzNC\/wAbM\/8AABL\/AAAA\/wAAAP8RAAD\/OSoz\/1FLT\/9gYGL\/aGpt\/2hscP9hZmz\/U1hi\/0BDU\/8sLEX\/AAAlO\/8AHDb\/AAAm\/wAAAP8AAAD\/AAAA\/wkAAP8yGiX\/SD9C\/1ZSVP9cXF7\/W11h\/1NWXf9ER1L\/LjBD\/w4NNP8AAAwy\/wAALf8AAB7\/AAAA\/wAAAP8AAAD\/GwAA\/zMQF\/9DMzT\/TURE\/1BLTf9NS07\/Q0NJ\/zAxPf8MDCr\/AAAS\/wAAAC3\/AAAp\/wAAHf8AAAD\/DAAA\/x0AAP8sAAD\/OA8N\/0EpJ\/9FNTT\/RTk6\/z42Of8wKTD\/Egge\/wAAAP8AAAD\/ABQAKv8VACj\/GAAf\/x4ADv8mAAD\/LgAA\/zYAAP89Ewj\/QCIc\/0EpJv88KCj\/MiAj\/x0CEf8AAAD\/AAAA\/wAAAP8tl+MyRh1PnwAAAABJRU5ErkJggg=='\/%3E%3C\/svg%3E&quot;)\" src=\"https:\/\/www.europesays.com\/de\/wp-content\/uploads\/2026\/01\/melissa-gilbert-und-ihr-mann-timothy-busfield-posieren.jpg\" fetchpriority=\"auto\"\/>Getty Images<img decoding=\"async\" alt=\"Bilder Gallerie Button\" class=\"absolute bottom-[7px] right-[3px] w-[54px] h-[54px] group-hover:scale-110 transition-transform duration-300\" src=\"https:\/\/www.europesays.com\/de\/wp-content\/uploads\/2025\/11\/galerie_button.png\" loading=\"lazy\"\/>Melissa Gilbert und ihr Mann Timothy Busfield, Juni 2023<\/p>\n<p>Was denkt ihr \u00fcber Melissas Insta-L\u00f6schung genau jetzt?<\/p>\n<p>Ergebnis anzeigen<\/p>\n","protected":false},"excerpt":{"rendered":"Melissa Gilbert (61) hat ihr Instagram-Profil gel\u00f6scht \u2013 und das genau in dem Moment, in dem schwere Vorw\u00fcrfe&hellip;\n","protected":false},"author":2,"featured_media":711109,"comment_status":"","ping_status":"","sticky":false,"template":"","format":"standard","meta":{"footnotes":""},"categories":[1776],"tags":[1801,29,214,30,1802,215],"class_list":{"0":"post-711108","1":"post","2":"type-post","3":"status-publish","4":"format-standard","5":"has-post-thumbnail","7":"category-prominente","8":"tag-celebrities","9":"tag-deutschland","10":"tag-entertainment","11":"tag-germany","12":"tag-prominente","13":"tag-unterhaltung"},"share_on_mastodon":{"url":"https:\/\/pubeurope.com\/@de\/115878797580139807","error":""},"_links":{"self":[{"href":"https:\/\/www.europesays.com\/de\/wp-json\/wp\/v2\/posts\/711108","targetHints":{"allow":["GET"]}}],"collection":[{"href":"https:\/\/www.europesays.com\/de\/wp-json\/wp\/v2\/posts"}],"about":[{"href":"https:\/\/www.europesays.com\/de\/wp-json\/wp\/v2\/types\/post"}],"author":[{"embeddable":true,"href":"https:\/\/www.europesays.com\/de\/wp-json\/wp\/v2\/users\/2"}],"replies":[{"embeddable":true,"href":"https:\/\/www.europesays.com\/de\/wp-json\/wp\/v2\/comments?post=711108"}],"version-history":[{"count":0,"href":"https:\/\/www.europesays.com\/de\/wp-json\/wp\/v2\/posts\/711108\/revisions"}],"wp:featuredmedia":[{"embeddable":true,"href":"https:\/\/www.europesays.com\/de\/wp-json\/wp\/v2\/media\/711109"}],"wp:attachment":[{"href":"https:\/\/www.europesays.com\/de\/wp-json\/wp\/v2\/media?parent=711108"}],"wp:term":[{"taxonomy":"category","embeddable":true,"href":"https:\/\/www.europesays.com\/de\/wp-json\/wp\/v2\/categories?post=711108"},{"taxonomy":"post_tag","embeddable":true,"href":"https:\/\/www.europesays.com\/de\/wp-json\/wp\/v2\/tags?post=711108"}],"curies":[{"name":"wp","href":"https:\/\/api.w.org\/{rel}","templated":true}]}}