{"id":711132,"date":"2026-01-11T22:34:57","date_gmt":"2026-01-11T22:34:57","guid":{"rendered":"https:\/\/www.europesays.com\/de\/711132\/"},"modified":"2026-01-11T22:34:57","modified_gmt":"2026-01-11T22:34:57","slug":"fabrice-bollon-bleibt-generalmusikdirektor-und-chefdirigent-an-den-buehnen-halle-hallespektrum-de","status":"publish","type":"post","link":"https:\/\/www.europesays.com\/de\/711132\/","title":{"rendered":"Fabrice Bollon bleibt Generalmusikdirektor und Chefdirigent an den B\u00fchnen Halle &#8211; HalleSpektrum.de"},"content":{"rendered":"<p>\n\t\t\t10. Januar 2026\t\t<\/p>\n<p>Ein bedeutender Schritt f\u00fcr die musikalische Landschaft der Stadt Halle: Der Aufsichtsrat der Theater, Oper und Orchester GmbH Halle hat einstimmig beschlossen, den Vertrag von Fabrice Bollon als Generalmusikdirektor und Chefdirigent der Staatskapelle Halle sowie der Oper Halle zu verl\u00e4ngern. Der neue Vertrag tritt mit der Spielzeit 2027\/2028 in Kraft und l\u00e4uft bis zum 31. Juli 2032.<\/p>\n<p>\u201eIch freue mich sehr, dass wir die Zusammenarbeit mit Fabrice Bollon fortsetzen k\u00f6nnen\u201c, erkl\u00e4rte Dr. Alexander Vogt, Oberb\u00fcrgermeister von Halle (Saale). \u201eDie Vertragsverl\u00e4ngerung unterstreicht das Vertrauen, das wir in seine Arbeit setzen, und beweist die hohe Qualit\u00e4t und Leistungsf\u00e4higkeit unseres Generalmusikdirektors. Fabrice Bollon wird auch weiterhin die Reputation der Stadt Halle als bedeutende Musik- und Kulturstadt weit \u00fcber die Grenzen Sachsen-Anhalts hinaus st\u00e4rken.\u201c<\/p>\n<p>Seit der Spielzeit 2022\/2023 ist Bollon als Generalmusikdirektor der Staatskapelle Halle t\u00e4tig. Der in Paris geborene Dirigent hat das Orchesters mit einem vielf\u00e4ltigen Repertoire zwischen klassischem sinfonischen Werk, Opernauff\u00fchrungen und zeitgen\u00f6ssischen Akzenten gepr\u00e4gt. Besonders hervorzuheben sind die innovativen Formate, die Bollon eingef\u00fchrt hat, wie etwa die erfolgreichen Lounge- und Salonkonzerte, die klassische Musik f\u00fcr ein breiteres Publikum zug\u00e4nglich machen. \u201eDie Arbeit mit der Staatskapelle Halle ist f\u00fcr mich eine wunderbare Aufgabe\u201c, so Bollon. \u201eEs ist eine gro\u00dfe Ehre, die Verantwortung f\u00fcr diesen au\u00dfergew\u00f6hnlichen Klangk\u00f6rper zu tragen. Gemeinsam werden wir weiterhin auf h\u00f6chstem Niveau arbeiten und die Stadt Halle als Kulturhauptstadt Sachsen-Anhalts repr\u00e4sentieren.\u201c<\/p>\n<p>Fabrice Bollon ist nicht nur ein gefragter Dirigent, sondern auch ein talentierter Komponist, dessen Werke bereits international aufgef\u00fchrt wurden. Im Juni 2024 wird sein neues Werk \u201eGullivers weitere Reisen\u201c f\u00fcr Tuba und Orchester uraufgef\u00fchrt, eine Komposition, die anl\u00e4sslich des 70. Jubil\u00e4ums des Puppentheaters Halle entstand. Zudem pflegt Bollon eine enge Zusammenarbeit mit dem internationalen Musiklabel Naxos. Im M\u00e4rz 2024 wird die erste gemeinsame CD-Produktion der Staatskapelle Halle und Bollon erscheinen \u2013 eine Neueinspielung von Richard Strauss\u2018 \u201eJosephs Legende\u201c \u2013 und bereits 2023 wurde seine CD zu Ehren des tschechischen Komponisten V\u00e1clav Trojan f\u00fcr den Preis der deutschen Schallplattenkritik nominiert.<\/p>\n<p>Zuvor war Bollon von 2009 bis 2022 Generalmusikdirektor am Theater Freiburg, wo er sowohl das g\u00e4ngige Repertoire als auch seltene Werke auf die B\u00fchne brachte. Au\u00dferdem gastierte er international, unter anderem am Stanislavsky Theater Moskau, an der Ungarischen Staatsoper Budapest und beim Belgrad Philharmonic Orchestra.<\/p>\n<p>Mit seiner Vertragsverl\u00e4ngerung wird Fabrice Bollon auch in den kommenden Jahren eine Schl\u00fcsselrolle in der musikalischen Entwicklung der Staatskapelle Halle und der Oper Halle spielen und die Stadt als kulturelles Zentrum weiter st\u00e4rken.<\/p>\n","protected":false},"excerpt":{"rendered":"10. Januar 2026 Ein bedeutender Schritt f\u00fcr die musikalische Landschaft der Stadt Halle: Der Aufsichtsrat der Theater, Oper&hellip;\n","protected":false},"author":2,"featured_media":711133,"comment_status":"","ping_status":"","sticky":false,"template":"","format":"standard","meta":{"footnotes":""},"categories":[1860],"tags":[3364,29,548,663,3934,163818,9794,30,4062,17332,13,14,15,30433,17331,860,12,163819],"class_list":{"0":"post-711132","1":"post","2":"type-post","3":"status-publish","4":"format-standard","5":"has-post-thumbnail","7":"category-halle-saale","8":"tag-de","9":"tag-deutschland","10":"tag-eu","11":"tag-europa","12":"tag-europe","13":"tag-fabrice-bollon","14":"tag-generalmusikdirektor","15":"tag-germany","16":"tag-halle","17":"tag-halle-saale","18":"tag-headlines","19":"tag-nachrichten","20":"tag-news","21":"tag-oper-halle","22":"tag-saale","23":"tag-sachsen-anhalt","24":"tag-schlagzeilen","25":"tag-staatskapelle-halle"},"share_on_mastodon":{"url":"https:\/\/pubeurope.com\/@de\/115878856130131833","error":""},"_links":{"self":[{"href":"https:\/\/www.europesays.com\/de\/wp-json\/wp\/v2\/posts\/711132","targetHints":{"allow":["GET"]}}],"collection":[{"href":"https:\/\/www.europesays.com\/de\/wp-json\/wp\/v2\/posts"}],"about":[{"href":"https:\/\/www.europesays.com\/de\/wp-json\/wp\/v2\/types\/post"}],"author":[{"embeddable":true,"href":"https:\/\/www.europesays.com\/de\/wp-json\/wp\/v2\/users\/2"}],"replies":[{"embeddable":true,"href":"https:\/\/www.europesays.com\/de\/wp-json\/wp\/v2\/comments?post=711132"}],"version-history":[{"count":0,"href":"https:\/\/www.europesays.com\/de\/wp-json\/wp\/v2\/posts\/711132\/revisions"}],"wp:featuredmedia":[{"embeddable":true,"href":"https:\/\/www.europesays.com\/de\/wp-json\/wp\/v2\/media\/711133"}],"wp:attachment":[{"href":"https:\/\/www.europesays.com\/de\/wp-json\/wp\/v2\/media?parent=711132"}],"wp:term":[{"taxonomy":"category","embeddable":true,"href":"https:\/\/www.europesays.com\/de\/wp-json\/wp\/v2\/categories?post=711132"},{"taxonomy":"post_tag","embeddable":true,"href":"https:\/\/www.europesays.com\/de\/wp-json\/wp\/v2\/tags?post=711132"}],"curies":[{"name":"wp","href":"https:\/\/api.w.org\/{rel}","templated":true}]}}