{"id":711200,"date":"2026-01-11T23:18:20","date_gmt":"2026-01-11T23:18:20","guid":{"rendered":"https:\/\/www.europesays.com\/de\/711200\/"},"modified":"2026-01-11T23:18:20","modified_gmt":"2026-01-11T23:18:20","slug":"bremer-polizei-fuehrt-umfangreiche-kontrollen-am-hauptbahnhof-durch","status":"publish","type":"post","link":"https:\/\/www.europesays.com\/de\/711200\/","title":{"rendered":"Bremer Polizei f\u00fchrt umfangreiche Kontrollen am Hauptbahnhof durch"},"content":{"rendered":"<p>Am Freitag und Sonnabend hat die <a href=\"https:\/\/www.weser-kurier.de\/thema\/polizei-q35535\/\" target=\"_blank\" rel=\"noopener\">Polizei<\/a> Bremen gemeinsam mit der Bundespolizei und dem Ordnungsdienst umfangreiche Kontrollen zur Bek\u00e4mpfung der Drogenkriminalit\u00e4t rund um den Hauptbahnhof sowie im Steintorviertel durchgef\u00fchrt. Die Einsatzkr\u00e4fte \u00fcberwachten zudem die bestehende Waffenverbotszone.<\/p>\n<p>Wie die Polizei berichtet, waren ab etwa 18 Uhr die Kr\u00e4fte an beiden Tagen rund um den Bahnhof uniformiert pr\u00e4sent und f\u00fchrten bis in die sp\u00e4ten Nachtstunden Kontrollen an zentralen Orten durch. Parallel waren auch zivile Kr\u00e4fte im Einsatz. Auch im Ostertor- und Steintorviertel kontrollierten Einsatzkr\u00e4fte an bekannten Hotspots.<\/p>\n<p>Waffen und Drogen gefunden<\/p>\n<p>Insgesamt wurden an beiden Tagen trotz der Witterung fast 100 Personen kontrolliert und durchsucht, so die Polizei. Dabei sprachen die Einsatzkr\u00e4fte 14 Platzverweise aus. Die Polizei stellte unter anderem Messer, einen Schlagring, Pfefferspray, Ecstasy, Cannabis und verschreibungspflichtige Medikamente sicher. Gegen einen Mann lag ein offener Haftbefehl vor. In einem Drogenbunker im Steintor fanden die Einsatzkr\u00e4fte eine gr\u00f6\u00dfere Menge Cannabis. Zudem fertigten sie Straf- und Ordnungswidrigkeitenanzeigen an.<\/p>\n<p>Die Polizei macht deutlich, dass die Ma\u00dfnahme Teil einer langfristig angelegten Strategie zur nachhaltigen Erh\u00f6hung der Sicherheit im Bereich Bahnhofsvorstadt und Viertel ist. Auch in Zukunft werden gemeinsam mit Partnerbeh\u00f6rden gezielte Kontrollen fortgesetzt.<\/p>\n<p>                        <a href=\"https:\/\/www.weser-kurier.de\/\" id=\"home\" class=\"button primary-primary font-size-15_1 m-0a customEvent\" data-layer-event-name=\"customEvent\" data-layer-trigger=\"click\" data-layer-category=\"artikelscoring\" data-layer-action=\"startseite_button\" data-layer-label=\"doc8434dcsvxq11doa9557x\" data-layer-value=\"https:\/\/www.weser-kurier.de\/bremen\/1\" target=\"_blank\" rel=\"noopener\">Zur Startseite<\/a><\/p>\n","protected":false},"excerpt":{"rendered":"Am Freitag und Sonnabend hat die Polizei Bremen gemeinsam mit der Bundespolizei und dem Ordnungsdienst umfangreiche Kontrollen zur&hellip;\n","protected":false},"author":2,"featured_media":711201,"comment_status":"","ping_status":"","sticky":false,"template":"","format":"standard","meta":{"footnotes":""},"categories":[1824],"tags":[2420,3364,29,30],"class_list":{"0":"post-711200","1":"post","2":"type-post","3":"status-publish","4":"format-standard","5":"has-post-thumbnail","7":"category-bremen","8":"tag-bremen","9":"tag-de","10":"tag-deutschland","11":"tag-germany"},"share_on_mastodon":{"url":"https:\/\/pubeurope.com\/@de\/115879025347165283","error":""},"_links":{"self":[{"href":"https:\/\/www.europesays.com\/de\/wp-json\/wp\/v2\/posts\/711200","targetHints":{"allow":["GET"]}}],"collection":[{"href":"https:\/\/www.europesays.com\/de\/wp-json\/wp\/v2\/posts"}],"about":[{"href":"https:\/\/www.europesays.com\/de\/wp-json\/wp\/v2\/types\/post"}],"author":[{"embeddable":true,"href":"https:\/\/www.europesays.com\/de\/wp-json\/wp\/v2\/users\/2"}],"replies":[{"embeddable":true,"href":"https:\/\/www.europesays.com\/de\/wp-json\/wp\/v2\/comments?post=711200"}],"version-history":[{"count":0,"href":"https:\/\/www.europesays.com\/de\/wp-json\/wp\/v2\/posts\/711200\/revisions"}],"wp:featuredmedia":[{"embeddable":true,"href":"https:\/\/www.europesays.com\/de\/wp-json\/wp\/v2\/media\/711201"}],"wp:attachment":[{"href":"https:\/\/www.europesays.com\/de\/wp-json\/wp\/v2\/media?parent=711200"}],"wp:term":[{"taxonomy":"category","embeddable":true,"href":"https:\/\/www.europesays.com\/de\/wp-json\/wp\/v2\/categories?post=711200"},{"taxonomy":"post_tag","embeddable":true,"href":"https:\/\/www.europesays.com\/de\/wp-json\/wp\/v2\/tags?post=711200"}],"curies":[{"name":"wp","href":"https:\/\/api.w.org\/{rel}","templated":true}]}}