{"id":711411,"date":"2026-01-12T01:25:17","date_gmt":"2026-01-12T01:25:17","guid":{"rendered":"https:\/\/www.europesays.com\/de\/711411\/"},"modified":"2026-01-12T01:25:17","modified_gmt":"2026-01-12T01:25:17","slug":"500-000-euro-schaden-bei-brand-in-weingut-in-weisenheim-am-berg","status":"publish","type":"post","link":"https:\/\/www.europesays.com\/de\/711411\/","title":{"rendered":"500.000 Euro Schaden bei Brand in Weingut in Weisenheim am Berg"},"content":{"rendered":"<p>Nach SWR-Informationen wurde bei dem Feuer ein Geb\u00e4udeteil komplett zerst\u00f6rt, in dem eine Schnapsbrennerei untergebracht war. Laut den Informationen hat sich starker Ru\u00df auch auf andere Bereiche im Weingut ausgebreitet.<\/p>\n<p><img src=\"https:\/\/www.europesays.com\/de\/wp-content\/uploads\/2026\/01\/1768146314170,bild-feuer-weingut-weisenheim-am-berg-104~_v-16x9@2dS_-6be50a9c75559ca1aaf1d0b25bae287.jpeg\"   class=\"\" data-copyright=\"Foto: Privatfoto\" alt=\"Feuer in Weingut in Weisenheim am Berg am 11. Januar 2026\" title=\"Feuer in Weingut in Weisenheim am Berg am 11. Januar 2026 (Foto: Privatfoto)\" width=\"320\" height=\"180\" decoding=\"async\" loading=\"lazy\"\/><\/p>\n<p>Starker Qualm breitete sich aus.<\/p>\n<p><a rel=\"external nofollow\" class=\"link\" tabindex=\"-1\" itemprop=\"url\"><br \/>\nPrivatfoto<br \/>\n<\/a><\/p>\n<p>Niemand beim Feuer verletzt<\/p>\n<p>Die Feuerwehr war mit zahlreichen Kr\u00e4ften vor Ort und bekam den Brand unter Kontrolle. Zun\u00e4chst war es nach SWR-Informationen schwierig, zu der Feuerstelle vorzudringen. Verletzt wurde bei dem Feuer niemand. <\/p>\n<p><img src=\"https:\/\/www.europesays.com\/de\/wp-content\/uploads\/2026\/01\/1768147140280,bild-feuer-weingut-weisenheim-am-berg-100~_v-16x9@2dS_-6be50a9c75559ca1aaf1d0b25bae287.jpeg\"   class=\"\" data-copyright=\"Foto: Privatfoto\" alt=\"Feuer in Weingut in Weisenheim am Berg am 11. Januar 2026\" title=\"Feuer in Weingut in Weisenheim am Berg am 11. Januar 2026 (Foto: Privatfoto)\" width=\"320\" height=\"180\" decoding=\"async\" loading=\"lazy\"\/><\/p>\n<p>Die Feuerwehr war mit zahlreichen Kr\u00e4ften vor Ort.<\/p>\n<p><a rel=\"external nofollow\" class=\"link\" tabindex=\"-1\" itemprop=\"url\"><br \/>\nPrivatfoto<br \/>\n<\/a><\/p>\n<p>Brandursache ist noch unklar<\/p>\n<p>Die Kriminalpolizei war vor Ort und versucht die Brandursache zu ermitteln. Auch die Staatsanwaltschaft ist eingeschaltet. Im Laufe des Montags sollen weitere Informationen bekannt gegeben werden. <\/p>\n","protected":false},"excerpt":{"rendered":"Nach SWR-Informationen wurde bei dem Feuer ein Geb\u00e4udeteil komplett zerst\u00f6rt, in dem eine Schnapsbrennerei untergebracht war. Laut den&hellip;\n","protected":false},"author":2,"featured_media":711412,"comment_status":"","ping_status":"","sticky":false,"template":"","format":"standard","meta":{"footnotes":""},"categories":[5],"tags":[13,14,15,12,10,8,9,11],"class_list":{"0":"post-711411","1":"post","2":"type-post","3":"status-publish","4":"format-standard","5":"has-post-thumbnail","7":"category-nachrichten","8":"tag-headlines","9":"tag-nachrichten","10":"tag-news","11":"tag-schlagzeilen","12":"tag-top-news","13":"tag-top-meldungen","14":"tag-topmeldungen","15":"tag-topnews"},"share_on_mastodon":{"url":"https:\/\/pubeurope.com\/@de\/115879524725763209","error":""},"_links":{"self":[{"href":"https:\/\/www.europesays.com\/de\/wp-json\/wp\/v2\/posts\/711411","targetHints":{"allow":["GET"]}}],"collection":[{"href":"https:\/\/www.europesays.com\/de\/wp-json\/wp\/v2\/posts"}],"about":[{"href":"https:\/\/www.europesays.com\/de\/wp-json\/wp\/v2\/types\/post"}],"author":[{"embeddable":true,"href":"https:\/\/www.europesays.com\/de\/wp-json\/wp\/v2\/users\/2"}],"replies":[{"embeddable":true,"href":"https:\/\/www.europesays.com\/de\/wp-json\/wp\/v2\/comments?post=711411"}],"version-history":[{"count":0,"href":"https:\/\/www.europesays.com\/de\/wp-json\/wp\/v2\/posts\/711411\/revisions"}],"wp:featuredmedia":[{"embeddable":true,"href":"https:\/\/www.europesays.com\/de\/wp-json\/wp\/v2\/media\/711412"}],"wp:attachment":[{"href":"https:\/\/www.europesays.com\/de\/wp-json\/wp\/v2\/media?parent=711411"}],"wp:term":[{"taxonomy":"category","embeddable":true,"href":"https:\/\/www.europesays.com\/de\/wp-json\/wp\/v2\/categories?post=711411"},{"taxonomy":"post_tag","embeddable":true,"href":"https:\/\/www.europesays.com\/de\/wp-json\/wp\/v2\/tags?post=711411"}],"curies":[{"name":"wp","href":"https:\/\/api.w.org\/{rel}","templated":true}]}}