{"id":711414,"date":"2026-01-12T01:27:13","date_gmt":"2026-01-12T01:27:13","guid":{"rendered":"https:\/\/www.europesays.com\/de\/711414\/"},"modified":"2026-01-12T01:27:13","modified_gmt":"2026-01-12T01:27:13","slug":"euregiobahn-ausfall-bis-ende-juni-ersatzverkehr-zwischen-herzogenrath-und-alsdorf","status":"publish","type":"post","link":"https:\/\/www.europesays.com\/de\/711414\/","title":{"rendered":"Euregiobahn-Ausfall bis Ende Juni \u2013 Ersatzverkehr zwischen Herzogenrath und Alsdorf"},"content":{"rendered":"<p class=\"Paragraph_paragraph__exhQA Paragraph_paragraph--default-lg-default__8QZrI articleParagraph\">Pendler, die auf die Euregiobahn (RB20) angewiesen sind, m\u00fcssen in den kommenden Monaten Nerven beweisen: Seit Freitag ruht der komplette Bahnverkehr auf der Strecke Aachen \u2013 Rheydt. Gleichzeitig beginnen am Montag, 12. Januar, zwischen Herzogenrath und Alsdorf die Arbeiten zur Elektrifizierung der Bahntrasse der Euregio Verkehrsschienennetz GmbH (EVS). <\/p>\n<p class=\"Paragraph_paragraph__exhQA Paragraph_paragraph--default-lg-default__8QZrI articleParagraph\">W\u00e4hrend auf der Strecke zwischen Aachen und Herzogenrath acht Wochen lang keine Bahnen verkehren sollen, bleibt der Abschnitt zwischen Herzogenrath und Alsdorf-Annapark daher voraussichtlich bis zum 28. Juni gesperrt. Stattdessen gibt es einen Schienenersatzverkehr. <\/p>\n<p><a href=\"https:\/\/www.aachener-zeitung.de\/lokales\/region-aachen\/aachen\/bahnstrecke-aachen-rheydt-ab-freitag-lange-gesperrt-was-das-fuer-pendler-konkret-bedeutet\/99441437.html\" class=\"RelatedTeaser_related-teaser__w3AgI RelatedTeaser_related-teaser--image__GJcRr read-more_withImage__1YJa_\" data-article-id=\"99441437\" target=\"_blank\" rel=\"noopener\"><\/p>\n<p>Lesen Sie auch:Bahnstrecke Aachen \u2013 Rheydt ab Freitag lange gesperrt: Was das f\u00fcr Pendler konkret bedeutet<\/p>\n<p><\/a><\/p>\n<p class=\"Paragraph_paragraph__exhQA Paragraph_paragraph--default-lg-default__8QZrI articleParagraph\">Die EVS teilt zudem mit, dass es im Zeitraum der Bauarbeiten in Herzogenrath und Alsdorf werktags zwischen 7 und 17 Uhr zu L\u00e4rmbel\u00e4stigungen kommen kann. Der Stra\u00dfenverkehr werde aber nur in Ausnahmef\u00e4llen beeintr\u00e4chtigt. Die Stadt Herzogenrath empfiehlt betroffenen Pendlern auf ihrer Instagram-Seite, Fahrgemeinschaften zu bilden, und verweist auf das Pendlerportal (<a class=\"LinkText_link-text__4lolN annotation-link_annotationLink__nXU8B\" href=\"https:\/\/herzogenrath.pendlerportal.de\/\" target=\"_blank\" rel=\"noopener\">herzogenrath.pendlerportal.de<\/a>). <\/p>\n","protected":false},"excerpt":{"rendered":"Pendler, die auf die Euregiobahn (RB20) angewiesen sind, m\u00fcssen in den kommenden Monaten Nerven beweisen: Seit Freitag ruht&hellip;\n","protected":false},"author":2,"featured_media":711415,"comment_status":"","ping_status":"","sticky":false,"template":"","format":"standard","meta":{"footnotes":""},"categories":[1853],"tags":[1424,3364,29,548,663,3934,30,13,14,15,1209,12],"class_list":{"0":"post-711414","1":"post","2":"type-post","3":"status-publish","4":"format-standard","5":"has-post-thumbnail","7":"category-aachen","8":"tag-aachen","9":"tag-de","10":"tag-deutschland","11":"tag-eu","12":"tag-europa","13":"tag-europe","14":"tag-germany","15":"tag-headlines","16":"tag-nachrichten","17":"tag-news","18":"tag-nordrhein-westfalen","19":"tag-schlagzeilen"},"share_on_mastodon":{"url":"https:\/\/pubeurope.com\/@de\/115879532500115120","error":""},"_links":{"self":[{"href":"https:\/\/www.europesays.com\/de\/wp-json\/wp\/v2\/posts\/711414","targetHints":{"allow":["GET"]}}],"collection":[{"href":"https:\/\/www.europesays.com\/de\/wp-json\/wp\/v2\/posts"}],"about":[{"href":"https:\/\/www.europesays.com\/de\/wp-json\/wp\/v2\/types\/post"}],"author":[{"embeddable":true,"href":"https:\/\/www.europesays.com\/de\/wp-json\/wp\/v2\/users\/2"}],"replies":[{"embeddable":true,"href":"https:\/\/www.europesays.com\/de\/wp-json\/wp\/v2\/comments?post=711414"}],"version-history":[{"count":0,"href":"https:\/\/www.europesays.com\/de\/wp-json\/wp\/v2\/posts\/711414\/revisions"}],"wp:featuredmedia":[{"embeddable":true,"href":"https:\/\/www.europesays.com\/de\/wp-json\/wp\/v2\/media\/711415"}],"wp:attachment":[{"href":"https:\/\/www.europesays.com\/de\/wp-json\/wp\/v2\/media?parent=711414"}],"wp:term":[{"taxonomy":"category","embeddable":true,"href":"https:\/\/www.europesays.com\/de\/wp-json\/wp\/v2\/categories?post=711414"},{"taxonomy":"post_tag","embeddable":true,"href":"https:\/\/www.europesays.com\/de\/wp-json\/wp\/v2\/tags?post=711414"}],"curies":[{"name":"wp","href":"https:\/\/api.w.org\/{rel}","templated":true}]}}