{"id":711687,"date":"2026-01-12T04:13:35","date_gmt":"2026-01-12T04:13:35","guid":{"rendered":"https:\/\/www.europesays.com\/de\/711687\/"},"modified":"2026-01-12T04:13:35","modified_gmt":"2026-01-12T04:13:35","slug":"vfr-warbeyen-fluechtet-in-halle","status":"publish","type":"post","link":"https:\/\/www.europesays.com\/de\/711687\/","title":{"rendered":"VfR Warbeyen fl\u00fcchtet in Halle"},"content":{"rendered":"<p class=\"text_ohne_einzug richtext text-em-55 !leading-serif mx-6 desktop:mx-0\"> Die Wetterbedingungen am Niederrhein fordern weiter das Improvisationstalent der Verantwortlichen des VfR Warbeyen heraus. Die Vorbereitung auf die zweite Saisonh\u00e4lfte in der 2. Fu\u00dfball-Bundesliga der Frauen bleibt eingeschr\u00e4nkt. Denn das f\u00fcr Sonntag angesetzte Testspiel gegen die A-Junioren der Sportfreunde Broekhuysen (Leistungsklasse) musste ausfallen, da die Stadt Straelen die Platzsperrung angesichts der anhaltenden Minusgrade nicht aufgehoben hatte. Das Trainerteam um Sandro Scuderi machte aus der Not aber eine Tugend.<\/p>\n","protected":false},"excerpt":{"rendered":"Die Wetterbedingungen am Niederrhein fordern weiter das Improvisationstalent der Verantwortlichen des VfR Warbeyen heraus. Die Vorbereitung auf die&hellip;\n","protected":false},"author":2,"featured_media":711688,"comment_status":"","ping_status":"","sticky":false,"template":"","format":"standard","meta":{"footnotes":""},"categories":[1860],"tags":[8815,5001,33443,163999,299,3364,28037,29,2243,548,663,3934,3236,347,485,16874,30,5783,4062,17332,164002,128291,139820,128290,13,7738,14,15,8861,28758,164001,17331,860,54524,12,123678,3041,106797,11460,164000,5843,82579,18183,123679],"class_list":{"0":"post-711687","1":"post","2":"type-post","3":"status-publish","4":"format-standard","5":"has-post-thumbnail","7":"category-halle-saale","8":"tag-absage","9":"tag-bericht","10":"tag-bokel","11":"tag-broekhuysen","12":"tag-bundesliga","13":"tag-de","14":"tag-den","15":"tag-deutschland","16":"tag-ergebnis","17":"tag-eu","18":"tag-europa","19":"tag-europe","20":"tag-frauen","21":"tag-fussball","22":"tag-fussball-bundesliga","23":"tag-fussballerinnen","24":"tag-germany","25":"tag-gesperrt","26":"tag-halle","27":"tag-halle-saale","28":"tag-hallen-masters","29":"tag-hallenfussball","30":"tag-hallenmasters","31":"tag-hallenturnier","32":"tag-headlines","33":"tag-kleve","34":"tag-nachrichten","35":"tag-news","36":"tag-op","37":"tag-platz","38":"tag-platzsperre","39":"tag-saale","40":"tag-sachsen-anhalt","41":"tag-sandro","42":"tag-schlagzeilen","43":"tag-scuderi","44":"tag-stadt","45":"tag-straelen","46":"tag-testspiel","47":"tag-testspielabsage","48":"tag-trainer","49":"tag-vfr","50":"tag-viersen","51":"tag-warbeyen"},"share_on_mastodon":{"url":"https:\/\/pubeurope.com\/@de\/115880185437832199","error":""},"_links":{"self":[{"href":"https:\/\/www.europesays.com\/de\/wp-json\/wp\/v2\/posts\/711687","targetHints":{"allow":["GET"]}}],"collection":[{"href":"https:\/\/www.europesays.com\/de\/wp-json\/wp\/v2\/posts"}],"about":[{"href":"https:\/\/www.europesays.com\/de\/wp-json\/wp\/v2\/types\/post"}],"author":[{"embeddable":true,"href":"https:\/\/www.europesays.com\/de\/wp-json\/wp\/v2\/users\/2"}],"replies":[{"embeddable":true,"href":"https:\/\/www.europesays.com\/de\/wp-json\/wp\/v2\/comments?post=711687"}],"version-history":[{"count":0,"href":"https:\/\/www.europesays.com\/de\/wp-json\/wp\/v2\/posts\/711687\/revisions"}],"wp:featuredmedia":[{"embeddable":true,"href":"https:\/\/www.europesays.com\/de\/wp-json\/wp\/v2\/media\/711688"}],"wp:attachment":[{"href":"https:\/\/www.europesays.com\/de\/wp-json\/wp\/v2\/media?parent=711687"}],"wp:term":[{"taxonomy":"category","embeddable":true,"href":"https:\/\/www.europesays.com\/de\/wp-json\/wp\/v2\/categories?post=711687"},{"taxonomy":"post_tag","embeddable":true,"href":"https:\/\/www.europesays.com\/de\/wp-json\/wp\/v2\/tags?post=711687"}],"curies":[{"name":"wp","href":"https:\/\/api.w.org\/{rel}","templated":true}]}}