{"id":711713,"date":"2026-01-12T04:27:33","date_gmt":"2026-01-12T04:27:33","guid":{"rendered":"https:\/\/www.europesays.com\/de\/711713\/"},"modified":"2026-01-12T04:27:33","modified_gmt":"2026-01-12T04:27:33","slug":"mit-vielen-fotos-zwei-tage-fuer-fans-von-kaefer-bulli-und-co-in-herford","status":"publish","type":"post","link":"https:\/\/www.europesays.com\/de\/711713\/","title":{"rendered":"Mit vielen Fotos: Zwei Tage f\u00fcr Fans von K\u00e4fer, Bulli und Co in Herford"},"content":{"rendered":"<p class=\"&#10;      nw-text-base&#10;      nw-text-gray-500&#10;      nw-font-medium&#10;    \">\n        Wintertreffen der K\u00e4ferfans\n    <\/p>\n<p>    <img decoding=\"async\" src=\"https:\/\/www.nw.de\/_apps\/nw\/plus.svg\" alt=\"NW+-Icon\" style=\"margin-bottom:4px\" height=\"14px\" data-cmp-info=\"10\"\/><\/p>\n<p>                Mit vielen Fotos: Zwei Tage f\u00fcr Fans von K\u00e4fer, Bulli und Co in Herford<\/p>\n<p class=\"nw-text-lg nw-text-black md:nw-w-5\/6 nw-pb-7\">\n                Das 17. K\u00e4fer Wintertreffen lockt trotz winterlicher Witterung viele Fans der luftgek\u00fchlten Oldies an. Die Oldie-Schau im Au\u00dfenbereich f\u00e4llt kleiner aus als sonst, aber Teilej\u00e4ger und Technikfans kommen trotzdem auf ihre Kosten.\n            <\/p>\n","protected":false},"excerpt":{"rendered":"Wintertreffen der K\u00e4ferfans Mit vielen Fotos: Zwei Tage f\u00fcr Fans von K\u00e4fer, Bulli und Co in Herford Das&hellip;\n","protected":false},"author":2,"featured_media":711714,"comment_status":"","ping_status":"","sticky":false,"template":"","format":"standard","meta":{"footnotes":"","_share_on_mastodon":"0"},"categories":[1841],"tags":[513,164015,1605,3364,29,514,164012,30,16398,26267,3876,164014,10126,16352,9312,737,1209,15616,14056,16400,56954,64,164013,90558],"class_list":["post-711713","post","type-post","status-publish","format-standard","has-post-thumbnail","category-bielefeld","tag-auto","tag-bernd-wude","tag-bielefeld","tag-de","tag-deutschland","tag-fahrzeug","tag-gterbahnhof","tag-germany","tag-herford","tag-kreis-herford","tag-marokko","tag-maximilian-mller","tag-meta_artikelklasse_reportage","tag-meta_copyrights_nw_freier_mitarbeiter","tag-meta_themen_familie_bildung_freizeit","tag-meta_userneeds_lenkeab","tag-nordrhein-westfalen","tag-osnabrck","tag-porsche","tag-serie_nlherford","tag-tours","tag-usa","tag-wintertreffen","tag-witterung"],"share_on_mastodon":{"url":"https:\/\/pubeurope.com\/@de\/115880240250740825","error":""},"_links":{"self":[{"href":"https:\/\/www.europesays.com\/de\/wp-json\/wp\/v2\/posts\/711713","targetHints":{"allow":["GET"]}}],"collection":[{"href":"https:\/\/www.europesays.com\/de\/wp-json\/wp\/v2\/posts"}],"about":[{"href":"https:\/\/www.europesays.com\/de\/wp-json\/wp\/v2\/types\/post"}],"author":[{"embeddable":true,"href":"https:\/\/www.europesays.com\/de\/wp-json\/wp\/v2\/users\/2"}],"replies":[{"embeddable":true,"href":"https:\/\/www.europesays.com\/de\/wp-json\/wp\/v2\/comments?post=711713"}],"version-history":[{"count":0,"href":"https:\/\/www.europesays.com\/de\/wp-json\/wp\/v2\/posts\/711713\/revisions"}],"wp:featuredmedia":[{"embeddable":true,"href":"https:\/\/www.europesays.com\/de\/wp-json\/wp\/v2\/media\/711714"}],"wp:attachment":[{"href":"https:\/\/www.europesays.com\/de\/wp-json\/wp\/v2\/media?parent=711713"}],"wp:term":[{"taxonomy":"category","embeddable":true,"href":"https:\/\/www.europesays.com\/de\/wp-json\/wp\/v2\/categories?post=711713"},{"taxonomy":"post_tag","embeddable":true,"href":"https:\/\/www.europesays.com\/de\/wp-json\/wp\/v2\/tags?post=711713"}],"curies":[{"name":"wp","href":"https:\/\/api.w.org\/{rel}","templated":true}]}}