{"id":711750,"date":"2026-01-12T04:53:44","date_gmt":"2026-01-12T04:53:44","guid":{"rendered":"https:\/\/www.europesays.com\/de\/711750\/"},"modified":"2026-01-12T04:53:44","modified_gmt":"2026-01-12T04:53:44","slug":"wege-nach-baumpflegearbeiten-bis-ende-maerz-frei","status":"publish","type":"post","link":"https:\/\/www.europesays.com\/de\/711750\/","title":{"rendered":"Wege nach Baumpflegearbeiten bis Ende M\u00e4rz frei"},"content":{"rendered":"<p class=\"Textstyled__Text-sc-1cqv9mi-0 cLyiiX\">Dresden. Weithin h\u00f6rt man im Gro\u00dfen Garten derzeit S\u00e4gen und H\u00e4cksler. Schon seit Oktober laufen in Dresdens gr\u00f6\u00dfter Parkanlage die Baumpflegearbeiten. Bis Ende M\u00e4rz wollen die Baumpfleger mit den F\u00e4llungen abgestorbener B\u00e4ume und dem Abs\u00e4gen von Totholz so weit sein, dass der gr\u00f6\u00dfte Teil der seit zehn Monaten aus Sicherheitsgr\u00fcnden gesperrten Wege wieder freigegeben werden kann.<\/p>\n<p>Weiterlesen nach der Anzeige<\/p>\n<p>Weiterlesen nach der Anzeige<\/p>\n<p class=\"Textstyled__Text-sc-1cqv9mi-0 cLyiiX\">Lediglich beidseits der Hauptallee auf der Ostseite des Parkes an der Karcherallee werden dann noch drei Wege gesperrt bleiben.<\/p>\n<p>Schl\u00f6sserbetrieb braucht zus\u00e4tzliches Geld f\u00fcr Baumpflege<\/p>\n<p class=\"Textstyled__Text-sc-1cqv9mi-0 cLyiiX\">Baumpflegearbeiten in einer Gr\u00fcnanlage sind nichts Au\u00dfergew\u00f6hnliches. Doch mittlerweile haben sie vor allem im Gro\u00dfen Garten einen Umfang angenommen, den die Staatlichen Schl\u00f6sser, Burgen und G\u00e4rten Sachsen gGmbH (SBG) nicht mehr mit den Mitteln aus dem eigenen Etat bew\u00e4ltigen. <\/p>\n<p>Weiterlesen nach der Anzeige<\/p>\n<p>Weiterlesen nach der Anzeige<\/p>\n<p class=\"Textstyled__Text-sc-1cqv9mi-0 cLyiiX\">Denn durch die klimatischen Ver\u00e4nderungen mit langen Trockenperioden und zus\u00e4tzlich die Bodenverdichtung durch die hohe Besucherfrequenz leiden vor allem die alten B\u00e4ume und werden anf\u00e4llig f\u00fcr Krankheiten. \u00c4ste, Teile von Baumkronen oder oft auch ganze B\u00e4ume sterben ab. <\/p>\n<p><img decoding=\"async\" alt=\"Ein Mann wirft im Gro\u00dfen Garten Dresden \u00c4ste in einen Holzh\u00e4cksler.\" loading=\"lazy\"  src=\"https:\/\/www.europesays.com\/de\/wp-content\/uploads\/2026\/01\/VFKVTI3Y45EYTLYZZ7TPSNUPVY.jpg\" \/>Zahl der F\u00e4llungen hat sich in sechs Jahren mehr als verdreifacht<\/p>\n<p class=\"Textstyled__Text-sc-1cqv9mi-0 cLyiiX\">\u201eWir stehen an einem Punkt, wo uns die Verkehrssicherungspflicht \u00fcber den Kopf w\u00e4chst. Wir k\u00f6nnen nicht \u00fcberall auf einmal sein, deshalb mussten wir so viele Wege sperren\u201c, erkl\u00e4rt Claudius Wecke, Leiter des Bereiches G\u00e4rten bei den Staatlichen Schl\u00f6ssern und G\u00e4rten Sachsen. <\/p>\n<tr>\n<p class=\"Textstyled__Text-sc-1cqv9mi-0 kEnWSL\">Jahr<\/p>\n<p class=\"Textstyled__Text-sc-1cqv9mi-0 kEnWSL\">Zahl der Baumf\u00e4llungen<br \/>im Gro\u00dfen Garten<\/p>\n<\/tr>\n<tr>\n<td class=\"Tablestyled__TableTd-sc-f7l84r-2 fffGmo\">\n<p class=\"Textstyled__Text-sc-1cqv9mi-0 kEnWSL\">2020<\/p>\n<\/td>\n<td class=\"Tablestyled__TableTd-sc-f7l84r-2 fffGmo\">\n<p class=\"Textstyled__Text-sc-1cqv9mi-0 kEnWSL\">115<\/p>\n<\/td>\n<\/tr>\n<tr>\n<td class=\"Tablestyled__TableTd-sc-f7l84r-2 fffGmo\">\n<p class=\"Textstyled__Text-sc-1cqv9mi-0 kEnWSL\">2021<\/p>\n<\/td>\n<td class=\"Tablestyled__TableTd-sc-f7l84r-2 fffGmo\">\n<p class=\"Textstyled__Text-sc-1cqv9mi-0 kEnWSL\">185<\/p>\n<\/td>\n<\/tr>\n<tr>\n<td class=\"Tablestyled__TableTd-sc-f7l84r-2 fffGmo\">\n<p class=\"Textstyled__Text-sc-1cqv9mi-0 kEnWSL\">2022<\/p>\n<\/td>\n<td class=\"Tablestyled__TableTd-sc-f7l84r-2 fffGmo\">\n<p class=\"Textstyled__Text-sc-1cqv9mi-0 kEnWSL\">305<\/p>\n<\/td>\n<\/tr>\n<tr>\n<td class=\"Tablestyled__TableTd-sc-f7l84r-2 fffGmo\">\n<p class=\"Textstyled__Text-sc-1cqv9mi-0 kEnWSL\">2023<\/p>\n<\/td>\n<td class=\"Tablestyled__TableTd-sc-f7l84r-2 fffGmo\">\n<p class=\"Textstyled__Text-sc-1cqv9mi-0 kEnWSL\">318<\/p>\n<\/td>\n<\/tr>\n<tr>\n<td class=\"Tablestyled__TableTd-sc-f7l84r-2 fffGmo\">\n<p class=\"Textstyled__Text-sc-1cqv9mi-0 kEnWSL\">2024<\/p>\n<\/td>\n<td class=\"Tablestyled__TableTd-sc-f7l84r-2 fffGmo\">\n<p class=\"Textstyled__Text-sc-1cqv9mi-0 kEnWSL\">372<\/p>\n<\/td>\n<\/tr>\n<tr>\n<td class=\"Tablestyled__TableTd-sc-f7l84r-2 fffGmo\">\n<p class=\"Textstyled__Text-sc-1cqv9mi-0 kEnWSL\">2025<\/p>\n<\/td>\n<td class=\"Tablestyled__TableTd-sc-f7l84r-2 fffGmo\">\n<p class=\"Textstyled__Text-sc-1cqv9mi-0 kEnWSL\">425<\/p>\n<\/td>\n<\/tr>\n<p>Weiterlesen nach der Anzeige<\/p>\n<p>Weiterlesen nach der Anzeige<\/p>\n<p class=\"Textstyled__Text-sc-1cqv9mi-0 cLyiiX\">Quelle: SBG<\/p>\n<p class=\"Textstyled__Text-sc-1cqv9mi-0 cLyiiX\">Allein die Zahl der Baumf\u00e4llungen ist laut SBG von 115 im Jahr 2020 auf 425 im Jahr 2025 gestiegen. \u201eObwohl wir jedes Jahr mehr in die Baumpflege investieren, selbst Baumpfleger ausbilden und unser jetzt dreik\u00f6pfiges Baumpflegeteam noch mal um zwei Leute aufstocken werden, uns bereits einen neuen Hubsteiger angeschafft haben und dieses Jahr noch einen zweiten kaufen, l\u00e4sst sich die st\u00e4ndig steigende Zahl der n\u00f6tigen Pflegema\u00dfnahmen schwer bew\u00e4ltigen\u201c, bekr\u00e4ftigt Christian Striefler, der SBG-Gesch\u00e4ftsf\u00fchrer. <\/p>\n<p>Finanzspritze vom Land in H\u00f6he von 400.000 Euro<\/p>\n<p class=\"Textstyled__Text-sc-1cqv9mi-0 cLyiiX\">Vom Land Sachsen gab es deshalb jetzt f\u00fcr die laufende Saison eine Finanzspritze in H\u00f6he von 400.000 Euro. Zusammen mit den 400.000 Euro, die SBG aufbringt und daf\u00fcr an anderer Stelle sparen muss, stehen 800.000 Euro zur Verf\u00fcgung. <\/p>\n<blockquote><p>Es muss weitere zus\u00e4tzliche Mittel geben.<\/p><\/blockquote>\n<p class=\"Quotestyled__Author-sc-q277fq-1 iQZobn\">Claudius Wecke<\/p>\n<p class=\"Quotestyled__AuthorDescription-sc-q277fq-2 hQAqgn\">Leiter des Bereiches G\u00e4rten der Staatlichen Schl\u00f6sser, Burgen und G\u00e4rten Sachsen gGmbH<\/p>\n<p>Weiterlesen nach der Anzeige<\/p>\n<p>Weiterlesen nach der Anzeige<\/p>\n<p class=\"Textstyled__Text-sc-1cqv9mi-0 cLyiiX\">Wir haben im vergangenen Jahr insgesamt 1,2 Millionen Euro f\u00fcr Baumpflege, Baumkontrollen sowie Investitionen, die damit in Zusammenhang stehen, ausgegeben&#8220;, so Claudius Wecke. Die 400.000 Euro zus\u00e4tzlich seien wichtig, um bis zum Saisonbeginn Wege im Gro\u00dfen Garten wieder begehbar zu machen. Claudius Wecke sagt aber auch: \u201eEs muss weitere zus\u00e4tzliche Mittel geben.\u201c<\/p>\n<p>60 Neupflanzungen von B\u00e4umen in jetziger Herbst-\/Wintersaison<\/p>\n<p class=\"Textstyled__Text-sc-1cqv9mi-0 cLyiiX\">Um das historische Gartendenkmal zu erhalten und die Gestaltung zu bewahren, wird im Gro\u00dfen Garten regelm\u00e4\u00dfig nachgepflanzt. In der Herbst-\/Wintersaison 2025\/2026 seien 60 Neupflanzungen zum Beispiel von Eichen und Linden geplant bzw. schon erfolgt, so der Schl\u00f6sserbetrieb. <\/p>\n<p><img decoding=\"async\" alt=\"Dieser Weg ist jetzt wieder begehbar. Baumpfleger aus dem Gro\u00dfen Garten \u00f6ffnen mit dem s\u00e4chsischen Finanzminister Christian Piwarz (4.v.l.) und Vertretern der Staatlichen Schl\u00f6sser, Burgen und G\u00e4rten Sachsen gGmbH die Absperrung eines Weges im Gro\u00dfen Garten.\u00a0\" loading=\"lazy\"  src=\"https:\/\/www.europesays.com\/de\/wp-content\/uploads\/2026\/01\/3TUDAQI3CNHOXLMYKZOXWNFFUI.jpg\" \/><\/p>\n<p class=\"Textstyled__Text-sc-1cqv9mi-0 cLyiiX\">Seit August gebe es jetzt im Gro\u00dfen Garten einen Baumschulg\u00e4rtner, der in der neu angelegten Baumschule (<a href=\"https:\/\/www.dnn.de\/lokales\/dresden\/baustart-fuer-baumschule-im-grossen-garten-dresden-FSJNLYVYVBCFLOD7GK5FWMEDGM.html\" target=\"_self\" rel=\"noopener\" title=\"https:\/\/www.dnn.de\/lokales\/dresden\/baustart-fuer-baumschule-im-grossen-garten-dresden-FSJNLYVYVBCFLOD7GK5FWMEDGM.html\" data-vars-event-category=\"intext_link\" data-vars-event-action=\"click\" data-vars-event-label=\"https:\/\/www.dnn.de\/lokales\/dresden\/baustart-fuer-baumschule-im-grossen-garten-dresden-FSJNLYVYVBCFLOD7GK5FWMEDGM.html\">DNN berichtete<\/a>) B\u00e4umchen u.a. aus Saatgut aus dem Gro\u00dfen Garten anzieht. \u201eWir erwarten deutlich resilientere Geh\u00f6lze, wenn sie hier gleich vor Ort angezogen werden, sich von vornherein an die hier herrschenden Bedingungen gew\u00f6hnen und wir Gelegenheit haben, die ges\u00fcndesten Pflanzen auszuw\u00e4hlen\u201c, so Claudius Wecke. <\/p>\n<p class=\"Editorialstyled__Editorial-sc-1bfvh9l-0 cSmjnJ\">DNN<\/p>\n","protected":false},"excerpt":{"rendered":"Dresden. Weithin h\u00f6rt man im Gro\u00dfen Garten derzeit S\u00e4gen und H\u00e4cksler. Schon seit Oktober laufen in Dresdens gr\u00f6\u00dfter&hellip;\n","protected":false},"author":2,"featured_media":711751,"comment_status":"","ping_status":"","sticky":false,"template":"","format":"standard","meta":{"footnotes":""},"categories":[1835],"tags":[3364,29,2386,30,859],"class_list":{"0":"post-711750","1":"post","2":"type-post","3":"status-publish","4":"format-standard","5":"has-post-thumbnail","7":"category-dresden","8":"tag-de","9":"tag-deutschland","10":"tag-dresden","11":"tag-germany","12":"tag-sachsen"},"share_on_mastodon":{"url":"https:\/\/pubeurope.com\/@de\/115880342607004932","error":""},"_links":{"self":[{"href":"https:\/\/www.europesays.com\/de\/wp-json\/wp\/v2\/posts\/711750","targetHints":{"allow":["GET"]}}],"collection":[{"href":"https:\/\/www.europesays.com\/de\/wp-json\/wp\/v2\/posts"}],"about":[{"href":"https:\/\/www.europesays.com\/de\/wp-json\/wp\/v2\/types\/post"}],"author":[{"embeddable":true,"href":"https:\/\/www.europesays.com\/de\/wp-json\/wp\/v2\/users\/2"}],"replies":[{"embeddable":true,"href":"https:\/\/www.europesays.com\/de\/wp-json\/wp\/v2\/comments?post=711750"}],"version-history":[{"count":0,"href":"https:\/\/www.europesays.com\/de\/wp-json\/wp\/v2\/posts\/711750\/revisions"}],"wp:featuredmedia":[{"embeddable":true,"href":"https:\/\/www.europesays.com\/de\/wp-json\/wp\/v2\/media\/711751"}],"wp:attachment":[{"href":"https:\/\/www.europesays.com\/de\/wp-json\/wp\/v2\/media?parent=711750"}],"wp:term":[{"taxonomy":"category","embeddable":true,"href":"https:\/\/www.europesays.com\/de\/wp-json\/wp\/v2\/categories?post=711750"},{"taxonomy":"post_tag","embeddable":true,"href":"https:\/\/www.europesays.com\/de\/wp-json\/wp\/v2\/tags?post=711750"}],"curies":[{"name":"wp","href":"https:\/\/api.w.org\/{rel}","templated":true}]}}