{"id":711783,"date":"2026-01-12T05:14:16","date_gmt":"2026-01-12T05:14:16","guid":{"rendered":"https:\/\/www.europesays.com\/de\/711783\/"},"modified":"2026-01-12T05:14:16","modified_gmt":"2026-01-12T05:14:16","slug":"muenchen-zwei-millionen-euro-fuer-beratung-der-muenchner-wohnen-muenchen","status":"publish","type":"post","link":"https:\/\/www.europesays.com\/de\/711783\/","title":{"rendered":"M\u00fcnchen: Zwei Millionen Euro f\u00fcr Beratung der M\u00fcnchner Wohnen &#8211; M\u00fcnchen"},"content":{"rendered":"<p data-manual=\"paragraph\" data-schema-org-speakable=\"true\" class=\"css-9njfp7\">Die st\u00e4dtische Wohnungsgesellschaft M\u00fcnchner Wohnen (MW) gibt es erst seit zwei Jahren, aber in dieser kurzen Zeit hat sie schon viele negative Schlagzeilen produziert: deutlich verfehlte Neubauziele; monatelang stillstehende Baustellen; falsche Neben- und au\u00dfergew\u00f6hnlich hohe Heizkostenabrechnungen; fehlende Informationen f\u00fcr Mieter; ausbleibende Reaktionen auf Beschwerden: <a href=\"https:\/\/www.sueddeutsche.de\/muenchen\/muenchner-wohnen-neuer-chef-miete-aerger-chaos-li.3309998\" rel=\"nofollow noopener\" target=\"_blank\">Die Liste der bekannt gewordenen Missst\u00e4nde <\/a>ist lang \u2013 nun will die \u201eM\u00fcnchner Wohnen\u201c verst\u00e4rkt etwas gegen ihr schlechtes Image tun.<\/p>\n","protected":false},"excerpt":{"rendered":"Die st\u00e4dtische Wohnungsgesellschaft M\u00fcnchner Wohnen (MW) gibt es erst seit zwei Jahren, aber in dieser kurzen Zeit hat&hellip;\n","protected":false},"author":2,"featured_media":711784,"comment_status":"","ping_status":"","sticky":false,"template":"","format":"standard","meta":{"footnotes":"","_share_on_mastodon":"0"},"categories":[1827],"tags":[772,29,30,5732,5726,3311,1268,58079,5729,149,5728,5727],"class_list":["post-711783","post","type-post","status-publish","format-standard","has-post-thumbnail","category-muenchen","tag-bayern","tag-deutschland","tag-germany","tag-immobilien-und-wohnen","tag-immobilien-und-wohnen-in-muenchen","tag-leben-und-gesellschaft-in-muenchen","tag-muenchen","tag-muenchner-wohnen","tag-sozialer-wohnungsbau","tag-sueddeutsche-zeitung","tag-wohnungsmarkt","tag-wohnungspolitik"],"share_on_mastodon":{"url":"https:\/\/pubeurope.com\/@de\/115880425189618920","error":""},"_links":{"self":[{"href":"https:\/\/www.europesays.com\/de\/wp-json\/wp\/v2\/posts\/711783","targetHints":{"allow":["GET"]}}],"collection":[{"href":"https:\/\/www.europesays.com\/de\/wp-json\/wp\/v2\/posts"}],"about":[{"href":"https:\/\/www.europesays.com\/de\/wp-json\/wp\/v2\/types\/post"}],"author":[{"embeddable":true,"href":"https:\/\/www.europesays.com\/de\/wp-json\/wp\/v2\/users\/2"}],"replies":[{"embeddable":true,"href":"https:\/\/www.europesays.com\/de\/wp-json\/wp\/v2\/comments?post=711783"}],"version-history":[{"count":0,"href":"https:\/\/www.europesays.com\/de\/wp-json\/wp\/v2\/posts\/711783\/revisions"}],"wp:featuredmedia":[{"embeddable":true,"href":"https:\/\/www.europesays.com\/de\/wp-json\/wp\/v2\/media\/711784"}],"wp:attachment":[{"href":"https:\/\/www.europesays.com\/de\/wp-json\/wp\/v2\/media?parent=711783"}],"wp:term":[{"taxonomy":"category","embeddable":true,"href":"https:\/\/www.europesays.com\/de\/wp-json\/wp\/v2\/categories?post=711783"},{"taxonomy":"post_tag","embeddable":true,"href":"https:\/\/www.europesays.com\/de\/wp-json\/wp\/v2\/tags?post=711783"}],"curies":[{"name":"wp","href":"https:\/\/api.w.org\/{rel}","templated":true}]}}