{"id":711824,"date":"2026-01-12T05:37:19","date_gmt":"2026-01-12T05:37:19","guid":{"rendered":"https:\/\/www.europesays.com\/de\/711824\/"},"modified":"2026-01-12T05:37:19","modified_gmt":"2026-01-12T05:37:19","slug":"vertrag-bis-2028-verlaengert-gaugisch-bleibt-bundestrainer-der-handballerinnen","status":"publish","type":"post","link":"https:\/\/www.europesays.com\/de\/711824\/","title":{"rendered":"Vertrag bis 2028 verl\u00e4ngert: Gaugisch bleibt Bundestrainer der Handballerinnen"},"content":{"rendered":"<p>            <img loading=\"lazy\" decoding=\"async\" class=\"ts-image\" src=\"https:\/\/www.europesays.com\/de\/wp-content\/uploads\/2026\/01\/swr-markus-gaugisch-104.jpg\" alt=\"Markus Gaugisch\" title=\"Markus Gaugisch | IMAGO, wolf-sportfoto\"\/><\/p>\n<p class=\"metatextline\">Stand: 11.01.2026 18:21 Uhr<\/p>\n<p class=\"article-head__shorttext\">\n        <strong>Mit Bundestrainer Markus Gaugisch haben die deutschen Handballerinnen im Dezember WM-Silber geholt. Jetzt ist auch die Zukunft des Erfolgscoachs gekl\u00e4rt.<\/strong>\n    <\/p>\n<p class=\"textabsatz m-ten m-offset-one l-eight l-offset-two columns twelve\"><strong>Mit Bundestrainer Markus Gaugisch haben die deutschen Handballerinnen im Dezember WM-Silber geholt. Jetzt ist auch die Zukunft des Erfolgscoach gekl\u00e4rt.<\/strong><\/p>\n<p class=\"textabsatz m-ten m-offset-one l-eight l-offset-two columns twelve\">Markus Gaugisch bleibt auch \u00fcber den Sommer hinaus Bundestrainer der deutschen Handballerinnen. Der Deutsche Handballbund und der 51-J\u00e4hrige verk\u00fcndeten rund einen Monat nach dem Silber-Coup bei der Weltmeisterschaft die Vertragsverl\u00e4ngerung bis einschlie\u00dflich der Olympischen Spiele 2028 in Los Angeles. Der geb\u00fcrtige G\u00f6ppinger steht seit April 2022 an der Seitenlinie des DHB-Teams.<\/p>\n<p class=\"textabsatz m-ten m-offset-one l-eight l-offset-two columns twelve\">&#8222;Wir freuen uns sehr, dass wir mit dem weiteren Engagement von Markus eine zentrale Weiche f\u00fcr den k\u00fcnftigen Erfolg des deutschen Frauenhandballs gestellt haben. Seine Spielphilosophie, seine Mannschaftsf\u00fchrung und seine Talententwicklung sind essenzielle Bausteine&#8220;, betonte DHB-Sportvorstand Ingo Meckes.<\/p>\n<p>    Starke Bilanz unter Gaugisch<\/p>\n<p class=\"textabsatz m-ten m-offset-one l-eight l-offset-two columns twelve\">Mit Gaugisch gelang dem deutschen Team vor zwei Jahren in Frankreich nicht nur die erstmalige Olympia-Qualifikation seit 2008. Der Gymnasiallehrer hatte im Dezember entscheidenden Anteil daran, dass die DHB-Auswahl mit Silber ihren gr\u00f6\u00dften Erfolg seit dem WM-Titel 1993 feierte. Daran ankn\u00fcpfend soll Gaugisch sein Team nun auch bei der EM im Dezember aufs Podest f\u00fchren.<\/p>\n<p class=\"textabsatz m-ten m-offset-one l-eight l-offset-two columns twelve\">76 L\u00e4nderspiele bestritten die DHB-Frauen bislang mit Gaugisch. Die Bilanz: 49 Siege, ein Remis, 26 Niederlagen. &#8222;Wir haben inzwischen eine stabile Basis geschaffen, so dass wir an feineren Formen unseres Spiels arbeiten k\u00f6nnen. Das ist unsere Aufgabe, um das n\u00e4chste Level zu erreichen&#8220;, erkl\u00e4rte der Schwabe.<\/p>\n<p>    Gaugisch dementiert Angebote aus M\u00e4nner-Bundesliga<\/p>\n<p class=\"textabsatz m-ten m-offset-one l-eight l-offset-two columns twelve\">Unmittelbar nach der WM hatte Gaugisch seine Zukunft noch offen gelassen. Der Bundestrainer soll auch mit einer Trainerrolle im M\u00e4nnerbereich gelieb\u00e4ugelt haben. Berichte \u00fcber Angebote aus der Bundesliga hatte er zuletzt dementiert. Gaugischs Spielerinnen um Kapit\u00e4nin Antje D\u00f6ll und Xenia Smits hatten sich reihenweise f\u00fcr eine weitere Zusammenarbeit starkgemacht.<\/p>\n<p>                                        <a class=\"backlink__link\" href=\"https:\/\/www.swr.de\/sport\/mehr-sport\/handball-gaugisch-bundestrainer-handballerinnen-verlaengert-100.html\" target=\"_blank\" rel=\"noopener\"><\/p>\n<p>                                                <img decoding=\"async\" src=\"https:\/\/images.sportschau.de\/image\/d14251d0-d158-4797-a47c-e97e1e58a56b\/AAABlap_vas\/AAABmyZDc0k\/original\/lra-swr-logo-100.svg\" alt=\"S\u00fcdwestrundfunk\"\/><\/p>\n<p>                                        <\/a><\/p>\n","protected":false},"excerpt":{"rendered":"Stand: 11.01.2026 18:21 Uhr Mit Bundestrainer Markus Gaugisch haben die deutschen Handballerinnen im Dezember WM-Silber geholt. Jetzt ist&hellip;\n","protected":false},"author":2,"featured_media":711825,"comment_status":"","ping_status":"","sticky":false,"template":"","format":"standard","meta":{"footnotes":""},"categories":[5],"tags":[1391,13,14,15,12,265,1755,10,8,9,11],"class_list":{"0":"post-711824","1":"post","2":"type-post","3":"status-publish","4":"format-standard","5":"has-post-thumbnail","7":"category-nachrichten","8":"tag-handball","9":"tag-headlines","10":"tag-nachrichten","11":"tag-news","12":"tag-schlagzeilen","13":"tag-sport","14":"tag-swr","15":"tag-top-news","16":"tag-top-meldungen","17":"tag-topmeldungen","18":"tag-topnews"},"share_on_mastodon":{"url":"https:\/\/pubeurope.com\/@de\/115880515807901984","error":""},"_links":{"self":[{"href":"https:\/\/www.europesays.com\/de\/wp-json\/wp\/v2\/posts\/711824","targetHints":{"allow":["GET"]}}],"collection":[{"href":"https:\/\/www.europesays.com\/de\/wp-json\/wp\/v2\/posts"}],"about":[{"href":"https:\/\/www.europesays.com\/de\/wp-json\/wp\/v2\/types\/post"}],"author":[{"embeddable":true,"href":"https:\/\/www.europesays.com\/de\/wp-json\/wp\/v2\/users\/2"}],"replies":[{"embeddable":true,"href":"https:\/\/www.europesays.com\/de\/wp-json\/wp\/v2\/comments?post=711824"}],"version-history":[{"count":0,"href":"https:\/\/www.europesays.com\/de\/wp-json\/wp\/v2\/posts\/711824\/revisions"}],"wp:featuredmedia":[{"embeddable":true,"href":"https:\/\/www.europesays.com\/de\/wp-json\/wp\/v2\/media\/711825"}],"wp:attachment":[{"href":"https:\/\/www.europesays.com\/de\/wp-json\/wp\/v2\/media?parent=711824"}],"wp:term":[{"taxonomy":"category","embeddable":true,"href":"https:\/\/www.europesays.com\/de\/wp-json\/wp\/v2\/categories?post=711824"},{"taxonomy":"post_tag","embeddable":true,"href":"https:\/\/www.europesays.com\/de\/wp-json\/wp\/v2\/tags?post=711824"}],"curies":[{"name":"wp","href":"https:\/\/api.w.org\/{rel}","templated":true}]}}