{"id":711826,"date":"2026-01-12T05:38:14","date_gmt":"2026-01-12T05:38:14","guid":{"rendered":"https:\/\/www.europesays.com\/de\/711826\/"},"modified":"2026-01-12T05:38:14","modified_gmt":"2026-01-12T05:38:14","slug":"aktuelle-news-ereignisse-und-geschichten-vom-montag-12","status":"publish","type":"post","link":"https:\/\/www.europesays.com\/de\/711826\/","title":{"rendered":"Aktuelle News, Ereignisse und Geschichten vom Montag"},"content":{"rendered":"<p class=\"fp-paragraph\">Was passiert heute am <strong>Montag, 12. Januar,<\/strong> in Halle? Welche Stra\u00dfen sind gesperrt, wo gibt\u2019s Neues aus Politik, Kultur und Sport \u2013 und welche gute Nachricht sorgt f\u00fcr Gespr\u00e4chsstoff?<\/p>\n<p class=\"fp-paragraph\">Im Liveticker der Lokalredaktion Halle erfahren Sie den ganzen Tag \u00fcber alles Wichtige aus Halle. Wenn heute etwas passiert, lesen Sie es zuerst hier.<\/p>\n<p>Eine ganze Stadt auf einen Wisch<\/p>\n<p class=\"fp-paragraph\">Was war eigentlich vor dem Wochenende? Hier finden Sie <a href=\"https:\/\/www.mz.de\/lokal\/halle-saale\/heute-in-halle-freitag-090126-newsblog-4177681\" target=\"_blank\" rel=\"noopener\">den Newsblog von Freitag, 9. Januar<\/a>. Immer der aktuelle Ticker vom Tag steht unter <a rel=\"noopener\" target=\"_new\" href=\"https:\/\/www.mz.de\/thema\/heute-in-halle\">Heute in Halle<\/a>. Und hier erkl\u00e4ren wir Ihnen, was Sie dort sonst noch alles finden: <a href=\"https:\/\/www.mz.de\/lokal\/halle-saale\/das-ist-der-blog-heute-in-halle-alle-news-auf-einen-wisch-4114116\" target=\"_blank\" rel=\"noopener\">Newsblog, Newsletter und Podcast<\/a>.<\/p>\n<p class=\"fp-paragraph\">Wer den Blog auf dem Handy oder Tablet \u00f6ffnet und aktualisiert, hat immer die aktuellsten Nachrichten aus Halle auf dem Bildschirm \u2013 ganz ohne langes Suchen.<\/p>\n<p>Das ist neu am Montag in Halle:<\/p>\n<p>6.50 Uhr \u2013 Das ist Halles erstes Kinderprinzenpaar<\/p>\n<p class=\"fp-paragraph\">Vor den bald anstehenden Karnevalsveranstaltungen haben die Saalenarren gleich zwei neue Prinzenpaare proklamiert. Dabei flossen sogar Tr\u00e4nen.<br \/><a href=\"https:\/\/www.mz.de\/lokal\/halle-saale\/darauf-ein-helau-halles-saalenarren-kuren-erstmals-auch-ein-kinderprinzenpaar-4179282\" target=\"_blank\" rel=\"noopener\">Darauf ein Helau: Halles Saalenarren k\u00fcren erstmals auch ein Kinderprinzenpaar<\/a><\/p>\n<p><img decoding=\"async\" class=\"fp-lazyload lazyload\" src=\"https:\/\/www.europesays.com\/de\/wp-content\/uploads\/2026\/01\/d014811d-1b04-4880-9bdd-28dd6c2e929e.jpeg\"  data- style=\"display: block; width: 100%;\" loading=\"lazy\" alt=\"Selenia I. und Benedikt I. sind das erste Kinderprinzenpaar der halleschen Saalenarren.\u00a0\"\/>Selenia I. und Benedikt I. sind das erste Kinderprinzenpaar der halleschen Saalenarren.\u00a0<\/p>\n<p> (Foto: Denny Kleindienst)<\/p>\n<p class=\"fp-paragraph\"><strong>Kennen Sie schon unseren Newsletter?<\/strong> Wenn Sie sich hier anmelden, kommt <strong><a href=\"https:\/\/www.mz.de\/newsletter\/halle\" target=\"_blank\" rel=\"noopener\">Hier in Halle<\/a><\/strong> jeden Morgen von Montag bis Samstag direkt per Mail zu Ihnen.<\/p>\n<p class=\"fp-paragraph\">Lesen Sie heute von <strong>Denny Kleindienst<\/strong>: <a href=\"https:\/\/www.mz.de\/newsletter\/halle\/panne-im-warnsystem-sirenen-schlagen-falschlicherweise-alarm-4179346\" target=\"_blank\" rel=\"noopener\">Panne im Warnsystem: Sirenen schlagen f\u00e4lschlicherweise Alarm<\/a><\/p>\n<p>6.28 Uhr \u2013 Wer verst\u00e4rkt die Au\u00dfenbahn beim HFC?<\/p>\n<p class=\"fp-paragraph\">Der Hallesche FC will im Winter den Kader optimieren, Priorit\u00e4t liegt auf Verst\u00e4rkung der Au\u00dfenbahnen. Wie es um die Personalien Erich Berko und Theo Ogbidi steht.<br \/><a href=\"https:\/\/www.mz.de\/sport\/hallescher-fc\/regionalliga-nordost-wie-konkret-sind-erich-berko-und-theo-ogbidi-beim-hfc-4178566\" target=\"_blank\" rel=\"noopener\">Wie konkret sind die Personalien Erich Berko und Theo Ogbidi beim HFC?<\/a><\/p>\n<p><img decoding=\"async\" class=\"fp-lazyload lazyload\" src=\"https:\/\/www.europesays.com\/de\/wp-content\/uploads\/2026\/01\/1cb17991-17be-4fb6-8c7a-5474cf57a156.jpeg\"  data- style=\"display: block; width: 100%;\" loading=\"lazy\" alt=\"Erich Berko spielte bis zum Sommer 2024 f\u00fcr den HFC.\"\/>Erich Berko spielte bis zum Sommer 2024 f\u00fcr den HFC.<\/p>\n<p> (Foto: IMAGO\/Lucca Fundel)<\/p>\n<p class=\"fp-paragraph\">Wie bringen Fu\u00dfballer ihre H\u00f6chstleistung auf den Platz? <a href=\"https:\/\/www.mz.de\/podcast\/folge-35-tracking-hopserlauf-und-gummibarchen-so-halt-der-hfc-seine-profis-fit-und-leistungsbereit-4170459\" target=\"_blank\" rel=\"noopener\">In der neuen Folge unseres Podcasts \u201eChemie kennt keine Liga\u201c<\/a> geben Athletiktrainer Denis Hasenbeck sowie Sportwissenschaftler John Brandes spannende Einblicke hinter die Kulissen.<\/p>\n<p>6.10 Uhr \u2013 Quarterback schweigt: Was wird aus der Schorre?<\/p>\n<p class=\"fp-paragraph\">Der Quarterback Immobilien AG aus Leipzig geh\u00f6ren zwei Hochhausscheiben in Halle-Neustadt, ebenso eine Brachfl\u00e4che am Ritterhaus. Stehen die Vorhaben vor dem Aus?<br \/><a href=\"https:\/\/www.mz.de\/lokal\/halle-saale\/investor-aus-leipzig-auf-tauchstation-was-wird-aus-der-schorre-und-anderen-grossprojekten-in-halle-4178571\" target=\"_blank\" rel=\"noopener\">Investor aus Leipzig auf Tauchstation &#8211; was wird aus der Schorre und anderen Gro\u00dfprojekten in Halle?<\/a><\/p>\n<p><img decoding=\"async\" class=\"fp-lazyload lazyload\" src=\"https:\/\/www.europesays.com\/de\/wp-content\/uploads\/2026\/01\/1acce591-65c6-4c27-b536-28b7a9b1e226.jpeg\"  data- style=\"display: block; width: 100%;\" loading=\"lazy\" alt=\"Mehr als nur eine Winterpause: An der Schorre wird seit Monaten nicht mehr gearbeitet. Der Grund ist unklar.\"\/>Mehr als nur eine Winterpause: An der Schorre wird seit Monaten nicht mehr gearbeitet. Der Grund ist unklar.<\/p>\n<p> (Foto: Dirk Skrzypczak)<\/p>\n<p class=\"fp-paragraph\"><strong>Sie wollen lieber zuh\u00f6ren als lesen?<\/strong> <strong><a href=\"https:\/\/www.mz.de\/podcast\/halle-saale-aktuelle-nachrichten-podcast-4086590\" target=\"_blank\" rel=\"noopener\">\u201eHeute in Halle&#8220;<\/a> <\/strong>gibt es deshalb auch als Podcast: Hier und \u00fcberall, wo es Podcasts gibt, h\u00f6ren Sie jeden Abend die Schlagzeilen des Tages.<\/p>\n<p>5.51 Uhr \u2013 Was steckt hinter dem Fehlalarm von Samstagabend?<\/p>\n<p class=\"fp-paragraph\">Am Samstagabend l\u00f6sten alle Sirenen in Halle aus. Gefahr bestand laut Feuerwehr aber nicht. Was bisher \u00fcber den Vorfall bekannt ist.<br \/><a href=\"https:\/\/www.mz.de\/lokal\/halle-saale\/sirenen-alarm-verwirrung-sicherheit-fehler-ursache-4178987\" target=\"_blank\" rel=\"noopener\">Katastrophenschutz in Halle: Das steckt hinter dem r\u00e4tselhafte Sirenenalarm am Samstagabend in Halle<\/a><\/p>\n<p><img decoding=\"async\" class=\"fp-lazyload lazyload\" src=\"https:\/\/www.europesays.com\/de\/wp-content\/uploads\/2026\/01\/58d3b400-c703-4e4f-a502-09af564baf80.jpeg\"  data- style=\"display: block; width: 100%;\" loading=\"lazy\" alt=\"Am Samstagabend gegen 22 Uhr l\u00f6sten pl\u00f6tzlich alle Sirenen im Stadtgebiet von Halle aus. Ein Notfall lag aber nicht vor. Noch in der Nacht begann die Aufarbeitung des Fehlalarms.\u00a0\"\/>Am Samstagabend gegen 22 Uhr l\u00f6sten pl\u00f6tzlich alle Sirenen im Stadtgebiet von Halle aus. Ein Notfall lag aber nicht vor. Noch in der Nacht begann die Aufarbeitung des Fehlalarms.\u00a0<\/p>\n<p> (Foto: Yvonne Heyer\/Archiv)<\/p>\n<p>Newsletter und Podcast<\/p>\n<ul class=\"list-content\">\n<li class=\"list-item\"><a href=\"https:\/\/www.mz.de\/newsletter\/halle\" target=\"_blank\" rel=\"noopener\">Newsletter \u201eHier in Halle\u201c<\/a> \u2013 Montag bis Samstag fr\u00fch die wichtigsten News aus der Stadt<\/li>\n<li class=\"list-item\"><a href=\"https:\/\/www.mz.de\/podcast\/halle-saale-aktuelle-nachrichten-podcast-4086590\" target=\"_blank\" rel=\"noopener\">Podcast \u201eHeute in Halle\u201c<\/a> \u2013 t\u00e4glich die Schlagzeilen zum H\u00f6ren<\/li>\n<\/ul>\n<p>Archiv \u2013 die letzten drei Werktage<\/p>\n<p>Halles Tag im \u00dcberblick<\/p>\n<p class=\"fp-paragraph\"><a href=\"https:\/\/www.mz.de\/lokal\/halle-saale\/heute-in-halle-montag-050126-newsblog-4175255\" target=\"_blank\" rel=\"noopener\">Damit sind Sie f\u00fcr heute auf dem Laufenden. Im Laufe des Tages erg\u00e4nzen wir diesen Ticker um neue Meldungen aus Halle \u2013 aktuell, lokal und verl\u00e4sslich. Danke, dass Sie \u201eHeute in Halle\u201c lesen.<\/p>\n","protected":false},"excerpt":{"rendered":"Was passiert heute am Montag, 12. Januar, in Halle? Welche Stra\u00dfen sind gesperrt, wo gibt\u2019s Neues aus Politik,&hellip;\n","protected":false},"author":2,"featured_media":688494,"comment_status":"","ping_status":"","sticky":false,"template":"","format":"standard","meta":{"footnotes":""},"categories":[1860],"tags":[3364,29,548,663,3934,30,4062,17332,13,14,15,17331,860,12],"class_list":{"0":"post-711826","1":"post","2":"type-post","3":"status-publish","4":"format-standard","5":"has-post-thumbnail","7":"category-halle-saale","8":"tag-de","9":"tag-deutschland","10":"tag-eu","11":"tag-europa","12":"tag-europe","13":"tag-germany","14":"tag-halle","15":"tag-halle-saale","16":"tag-headlines","17":"tag-nachrichten","18":"tag-news","19":"tag-saale","20":"tag-sachsen-anhalt","21":"tag-schlagzeilen"},"share_on_mastodon":{"url":"https:\/\/pubeurope.com\/@de\/115880519673262127","error":""},"_links":{"self":[{"href":"https:\/\/www.europesays.com\/de\/wp-json\/wp\/v2\/posts\/711826","targetHints":{"allow":["GET"]}}],"collection":[{"href":"https:\/\/www.europesays.com\/de\/wp-json\/wp\/v2\/posts"}],"about":[{"href":"https:\/\/www.europesays.com\/de\/wp-json\/wp\/v2\/types\/post"}],"author":[{"embeddable":true,"href":"https:\/\/www.europesays.com\/de\/wp-json\/wp\/v2\/users\/2"}],"replies":[{"embeddable":true,"href":"https:\/\/www.europesays.com\/de\/wp-json\/wp\/v2\/comments?post=711826"}],"version-history":[{"count":0,"href":"https:\/\/www.europesays.com\/de\/wp-json\/wp\/v2\/posts\/711826\/revisions"}],"wp:featuredmedia":[{"embeddable":true,"href":"https:\/\/www.europesays.com\/de\/wp-json\/wp\/v2\/media\/688494"}],"wp:attachment":[{"href":"https:\/\/www.europesays.com\/de\/wp-json\/wp\/v2\/media?parent=711826"}],"wp:term":[{"taxonomy":"category","embeddable":true,"href":"https:\/\/www.europesays.com\/de\/wp-json\/wp\/v2\/categories?post=711826"},{"taxonomy":"post_tag","embeddable":true,"href":"https:\/\/www.europesays.com\/de\/wp-json\/wp\/v2\/tags?post=711826"}],"curies":[{"name":"wp","href":"https:\/\/api.w.org\/{rel}","templated":true}]}}