{"id":711861,"date":"2026-01-12T06:03:12","date_gmt":"2026-01-12T06:03:12","guid":{"rendered":"https:\/\/www.europesays.com\/de\/711861\/"},"modified":"2026-01-12T06:03:12","modified_gmt":"2026-01-12T06:03:12","slug":"klingbeil-und-wadephul-in-den-usa-die-europaeische-souveraenitaet-hat-jetzt-oberste-prioritaet","status":"publish","type":"post","link":"https:\/\/www.europesays.com\/de\/711861\/","title":{"rendered":"Klingbeil und Wadephul in den USA: &#8222;Die europ\u00e4ische Souver\u00e4nit\u00e4t hat jetzt oberste Priorit\u00e4t&#8220;"},"content":{"rendered":"<p>\n                        Mitten in der Gr\u00f6nlandkrise fliegen zwei Minister nach Washington. Und es ist nicht mehr klar, ob die USA noch Partner oder schon Gegner sind.\n                    <\/p>\n<p>        12. Januar 2026, 6:20 Uhr\n    <\/p>\n<p>                7 Min.<\/p>\n<p>        <a class=\"z-text-button\" href=\"#comments\" title=\"Kommentare anzeigen\" data-ct-row=\"comments\" data-ct-column=\"false\"><\/p>\n<p>            23 Kommentare<br \/>\n        <\/a><br \/>\n    Zusammenfassen<\/p>\n<p>                Schlie\u00dfen<br \/>\n                Artikelzusammenfassung<\/p>\n<p>Zwei deutsche Bundesminister reisen in die USA, begleitet von Kampfjets &#8211; ein ungew\u00f6hnlicher Anblick, der die br\u00fcchige transatlantische Beziehung widerspiegelt. Hintergrund sind Angriffe auf die Souver\u00e4nit\u00e4t Europas durch die USA, die zu politischen Spannungen f\u00fchren. Die Bundesregierung, wirtschaftlich von den USA abh\u00e4ngig, ger\u00e4t in einen Konflikt, den sie bisher zu vermeiden versuchte. Die Frage nach europ\u00e4ischer Souver\u00e4nit\u00e4t und der Umgang mit einem unberechenbaren US-Pr\u00e4sidenten stehen im Mittelpunkt der Debatte. Die Reise der Minister verdeutlicht die zunehmende Notwendigkeit, die europ\u00e4ische Souver\u00e4nit\u00e4t zu st\u00e4rken und sich auf m\u00f6gliche Konflikte vorzubereiten.<\/p>\n<p>                Diese Zusammenfassung wurde mithilfe von K\u00fcnstlicher Intelligenz erstellt. Vereinzelt kann es dabei zu Fehlern kommen.<\/p>\n<p class=\"summy__feedback-paragraph\">Fanden Sie die Zusammenfassung hilfreich? <\/p>\n<p>                        Gef\u00e4llt mir<\/p>\n<p>                        Gef\u00e4llt mir<\/p>\n<p>                        Gef\u00e4llt mir nicht<\/p>\n<p>                        Gef\u00e4llt mir nicht<\/p>\n<p>                        Send<\/p>\n<p>            <img decoding=\"async\" class=\"article__media-item\" src=\"https:\/\/www.europesays.com\/de\/wp-content\/uploads\/2026\/01\/wide__1000x562.png\" alt=\"lars-klingbeil-johann-wadephul-donald-trump-usa\"\/><\/p>\n<p>                    Hat Trump Interesse an einer gemeinsamen L\u00f6sung? Bundesfinanzminister Lars Klingbeil (links) und Au\u00dfenminister Johann Wadephul reisen zu Gespr\u00e4chen in die USA.<br \/>\n            \u00a9\u00a0Montage: DIE ZEIT; verwendete Bilder: Soeren Stache, Michael Kappeler\/\u200bdpa<\/p>\n<p class=\"paragraph\">Etwa eine<br \/>\nFlugstunde n\u00f6rdlich von Berlin steigen pl\u00f6tzlich zwei Kampfflugzeuge neben der<br \/>\nMaschine von Finanzminister und Vizekanzler <a href=\"https:\/\/www.zeit.de\/thema\/lars-klingbeil\" class=\"\" target=\"_blank\" rel=\"noopener\">Lars Klingbeil<\/a> auf. Es ist der<br \/>\ngestrige Sonntag, Klingbeil ist auf dem Weg in die amerikanische Hauptstadt. Man<br \/>\nkann durch das Bordfenster die Piloten in ihrer Montur erkennen, so nahe kommen<br \/>\nsie dem Regierungsflieger. Durchsage aus dem Cockpit: Kein Grund zur Sorge, es handele<br \/>\nsich um D\u00e4nen, die den Luftraum \u00fcberwachen, Verb\u00fcndete also. <\/p>\n<p class=\"paragraph\">Eine<br \/>\nRoutine\u00fcbung, aber was hei\u00dft das schon in diesen Zeiten, in denen man sich<br \/>\nnicht mehr sicher sein kann, wer eigentlich noch ein Verb\u00fcndeter ist und wer<br \/>\nnicht. Die Lage jedenfalls ist so vertrackt, dass gleich zwei Bundesminister<br \/>\nnach Washington, D. C. reisen. Eine halbe Stunde nach Klingbeil nimmt Au\u00dfenminister<br \/>\n<a href=\"https:\/\/www.zeit.de\/thema\/johann-wadephul\" class=\"\" target=\"_blank\" rel=\"noopener\">Johannes Wadephul<\/a> mit einem weiteren Flugzeug dieselbe Route.\u00a0<\/p>\n","protected":false},"excerpt":{"rendered":"Mitten in der Gr\u00f6nlandkrise fliegen zwei Minister nach Washington. Und es ist nicht mehr klar, ob die USA&hellip;\n","protected":false},"author":2,"featured_media":711862,"comment_status":"","ping_status":"","sticky":false,"template":"","format":"standard","meta":{"footnotes":""},"categories":[3977],"tags":[331,332,164073,13,164072,14,15,16,12,4017,4018,4016,64,4019,4020],"class_list":{"0":"post-711861","1":"post","2":"type-post","3":"status-publish","4":"format-standard","5":"has-post-thumbnail","7":"category-usa","8":"tag-aktuelle-nachrichten","9":"tag-aktuelle-news","10":"tag-donald-trump-klingbeil","11":"tag-headlines","12":"tag-klingbeil-und-wadephul-in-den-usa","13":"tag-nachrichten","14":"tag-news","15":"tag-politik","16":"tag-schlagzeilen","17":"tag-united-states","18":"tag-united-states-of-america","19":"tag-us","20":"tag-usa","21":"tag-vereinigte-staaten","22":"tag-vereinigte-staaten-von-amerika"},"share_on_mastodon":{"url":"https:\/\/pubeurope.com\/@de\/115880617879184985","error":""},"_links":{"self":[{"href":"https:\/\/www.europesays.com\/de\/wp-json\/wp\/v2\/posts\/711861","targetHints":{"allow":["GET"]}}],"collection":[{"href":"https:\/\/www.europesays.com\/de\/wp-json\/wp\/v2\/posts"}],"about":[{"href":"https:\/\/www.europesays.com\/de\/wp-json\/wp\/v2\/types\/post"}],"author":[{"embeddable":true,"href":"https:\/\/www.europesays.com\/de\/wp-json\/wp\/v2\/users\/2"}],"replies":[{"embeddable":true,"href":"https:\/\/www.europesays.com\/de\/wp-json\/wp\/v2\/comments?post=711861"}],"version-history":[{"count":0,"href":"https:\/\/www.europesays.com\/de\/wp-json\/wp\/v2\/posts\/711861\/revisions"}],"wp:featuredmedia":[{"embeddable":true,"href":"https:\/\/www.europesays.com\/de\/wp-json\/wp\/v2\/media\/711862"}],"wp:attachment":[{"href":"https:\/\/www.europesays.com\/de\/wp-json\/wp\/v2\/media?parent=711861"}],"wp:term":[{"taxonomy":"category","embeddable":true,"href":"https:\/\/www.europesays.com\/de\/wp-json\/wp\/v2\/categories?post=711861"},{"taxonomy":"post_tag","embeddable":true,"href":"https:\/\/www.europesays.com\/de\/wp-json\/wp\/v2\/tags?post=711861"}],"curies":[{"name":"wp","href":"https:\/\/api.w.org\/{rel}","templated":true}]}}