{"id":711866,"date":"2026-01-12T06:07:16","date_gmt":"2026-01-12T06:07:16","guid":{"rendered":"https:\/\/www.europesays.com\/de\/711866\/"},"modified":"2026-01-12T06:07:16","modified_gmt":"2026-01-12T06:07:16","slug":"italiens-ministerpraesidentin-giorgia-meloni-stellt-sich-hinter-macrons-forderung-nach-gespraechen-mit-dem-kreml","status":"publish","type":"post","link":"https:\/\/www.europesays.com\/de\/711866\/","title":{"rendered":"Italiens Ministerpr\u00e4sidentin Giorgia Meloni stellt sich hinter Macrons Forderung nach Gespr\u00e4chen mit dem Kreml"},"content":{"rendered":"<p>Italiens Ministerpr\u00e4sidentin Giorgia Meloni hat sich f\u00fcr neue Gespr\u00e4chskan\u00e4le Europas mit Russland ausgesprochen \u2013 und stellt sich damit demonstrativ hinter die Linie des franz\u00f6sischen Pr\u00e4sidenten Emmanuel Macron. \u00abIch glaube, es ist an der Zeit, dass auch Europa mit Russland spricht\u00bb, sagte Meloni auf einer Pressekonferenz in Rom. Sie schlug vor, einen europ\u00e4ischen Sonderbeauftragten f\u00fcr den Ukraine-Konflikt zu benennen.<\/p>\n<p>Wie Politico berichtet, warnte Meloni zugleich vor einer unkoordinierten Linie in der EU, die am Ende \u00abPutin einen Gefallen\u00bb tun k\u00f6nne. Bisherige Friedensverhandlungen liefen laut Meloni zu einseitig: \u00abWenn Europa nur mit einer Seite spricht, ist sein Einfluss begrenzt.\u00bb Ziel sei ein strukturierter europ\u00e4ischer Beitrag zur Deeskalation des Kriegs.<\/p>\n<p>Ein gemeinsames Vorgehen mit Frankreich und Grossbritannien in der Frage m\u00f6glicher Truppenstationierungen in der Ukraine lehnt Meloni ab. Ein kleiner ausl\u00e4ndischer Truppenkontingent sei keine ernstzunehmende Abschreckung gegen Russland. Stattdessen pl\u00e4diert sie f\u00fcr ein kollektives Sicherheitsabkommen f\u00fcr die Ukraine \u2013 angelehnt an Artikel 5 der NATO.<\/p>\n<p>Mit Blick auf Washingtons Forderung, Russland wieder in die G7 aufzunehmen, zeigte sich Meloni zur\u00fcckhaltend. Ein solcher Schritt sei \u00ababsolut verfr\u00fcht\u00bb. Auch zu den j\u00fcngsten Drohgeb\u00e4rden von US-Pr\u00e4sident Trump in Richtung Gr\u00f6nland \u00e4usserte sie sich kritisch und betonte die Notwendigkeit, internationales Recht zu verteidigen.<\/p>\n","protected":false},"excerpt":{"rendered":"Italiens Ministerpr\u00e4sidentin Giorgia Meloni hat sich f\u00fcr neue Gespr\u00e4chskan\u00e4le Europas mit Russland ausgesprochen \u2013 und stellt sich damit&hellip;\n","protected":false},"author":2,"featured_media":711867,"comment_status":"","ping_status":"","sticky":false,"template":"","format":"standard","meta":{"footnotes":""},"categories":[3933],"tags":[331,332,508,548,663,158,3934,3935,19104,13,4045,7301,20757,14,15,16,307,12,3931,317],"class_list":{"0":"post-711866","1":"post","2":"type-post","3":"status-publish","4":"format-standard","5":"has-post-thumbnail","7":"category-eu","8":"tag-aktuelle-nachrichten","9":"tag-aktuelle-news","10":"tag-diplomatie","11":"tag-eu","12":"tag-europa","13":"tag-europaeische-union","14":"tag-europe","15":"tag-european-union","16":"tag-g7","17":"tag-headlines","18":"tag-konflikt","19":"tag-macron","20":"tag-meloni","21":"tag-nachrichten","22":"tag-news","23":"tag-politik","24":"tag-russland","25":"tag-schlagzeilen","26":"tag-sicherheit","27":"tag-ukraine"},"share_on_mastodon":{"url":"https:\/\/pubeurope.com\/@de\/115880633534956425","error":""},"_links":{"self":[{"href":"https:\/\/www.europesays.com\/de\/wp-json\/wp\/v2\/posts\/711866","targetHints":{"allow":["GET"]}}],"collection":[{"href":"https:\/\/www.europesays.com\/de\/wp-json\/wp\/v2\/posts"}],"about":[{"href":"https:\/\/www.europesays.com\/de\/wp-json\/wp\/v2\/types\/post"}],"author":[{"embeddable":true,"href":"https:\/\/www.europesays.com\/de\/wp-json\/wp\/v2\/users\/2"}],"replies":[{"embeddable":true,"href":"https:\/\/www.europesays.com\/de\/wp-json\/wp\/v2\/comments?post=711866"}],"version-history":[{"count":0,"href":"https:\/\/www.europesays.com\/de\/wp-json\/wp\/v2\/posts\/711866\/revisions"}],"wp:featuredmedia":[{"embeddable":true,"href":"https:\/\/www.europesays.com\/de\/wp-json\/wp\/v2\/media\/711867"}],"wp:attachment":[{"href":"https:\/\/www.europesays.com\/de\/wp-json\/wp\/v2\/media?parent=711866"}],"wp:term":[{"taxonomy":"category","embeddable":true,"href":"https:\/\/www.europesays.com\/de\/wp-json\/wp\/v2\/categories?post=711866"},{"taxonomy":"post_tag","embeddable":true,"href":"https:\/\/www.europesays.com\/de\/wp-json\/wp\/v2\/tags?post=711866"}],"curies":[{"name":"wp","href":"https:\/\/api.w.org\/{rel}","templated":true}]}}