{"id":712039,"date":"2026-01-12T07:55:31","date_gmt":"2026-01-12T07:55:31","guid":{"rendered":"https:\/\/www.europesays.com\/de\/712039\/"},"modified":"2026-01-12T07:55:31","modified_gmt":"2026-01-12T07:55:31","slug":"eis-und-schnee-stoppen-leipziger-brueckenlauf-3","status":"publish","type":"post","link":"https:\/\/www.europesays.com\/de\/712039\/","title":{"rendered":"Eis und Schnee stoppen Leipziger Br\u00fcckenlauf"},"content":{"rendered":"<p class=\"is-first-paragraph\" data-external=\"Article.FirstParagraph\">Das Winterwetter mit Eis und Schnee hat auch Einfluss auf Freizeitveranstaltungen. Der f\u00fcr diesen Sonntag geplante Leipziger Br\u00fcckenlauf wurde abgesagt. \u00abAufgrund der aktuellen Witterungsverh\u00e4ltnisse ist eine sichere Durchf\u00fchrung nicht m\u00f6glich \u2013 eure Gesundheit hat f\u00fcr uns oberste Priorit\u00e4t\u00bb, wie die Veranstalter mitteilten. Man arbeite an einem Ersatztermin im Fr\u00fchjahr 2026.<\/p>\n","protected":false},"excerpt":{"rendered":"Das Winterwetter mit Eis und Schnee hat auch Einfluss auf Freizeitveranstaltungen. Der f\u00fcr diesen Sonntag geplante Leipziger Br\u00fcckenlauf&hellip;\n","protected":false},"author":2,"featured_media":712040,"comment_status":"","ping_status":"","sticky":false,"template":"","format":"standard","meta":{"footnotes":""},"categories":[1832],"tags":[3364,29,30,71,859],"class_list":{"0":"post-712039","1":"post","2":"type-post","3":"status-publish","4":"format-standard","5":"has-post-thumbnail","7":"category-leipzig","8":"tag-de","9":"tag-deutschland","10":"tag-germany","11":"tag-leipzig","12":"tag-sachsen"},"share_on_mastodon":{"url":"https:\/\/pubeurope.com\/@de\/115881058181790321","error":""},"_links":{"self":[{"href":"https:\/\/www.europesays.com\/de\/wp-json\/wp\/v2\/posts\/712039","targetHints":{"allow":["GET"]}}],"collection":[{"href":"https:\/\/www.europesays.com\/de\/wp-json\/wp\/v2\/posts"}],"about":[{"href":"https:\/\/www.europesays.com\/de\/wp-json\/wp\/v2\/types\/post"}],"author":[{"embeddable":true,"href":"https:\/\/www.europesays.com\/de\/wp-json\/wp\/v2\/users\/2"}],"replies":[{"embeddable":true,"href":"https:\/\/www.europesays.com\/de\/wp-json\/wp\/v2\/comments?post=712039"}],"version-history":[{"count":0,"href":"https:\/\/www.europesays.com\/de\/wp-json\/wp\/v2\/posts\/712039\/revisions"}],"wp:featuredmedia":[{"embeddable":true,"href":"https:\/\/www.europesays.com\/de\/wp-json\/wp\/v2\/media\/712040"}],"wp:attachment":[{"href":"https:\/\/www.europesays.com\/de\/wp-json\/wp\/v2\/media?parent=712039"}],"wp:term":[{"taxonomy":"category","embeddable":true,"href":"https:\/\/www.europesays.com\/de\/wp-json\/wp\/v2\/categories?post=712039"},{"taxonomy":"post_tag","embeddable":true,"href":"https:\/\/www.europesays.com\/de\/wp-json\/wp\/v2\/tags?post=712039"}],"curies":[{"name":"wp","href":"https:\/\/api.w.org\/{rel}","templated":true}]}}