{"id":712215,"date":"2026-01-12T09:41:19","date_gmt":"2026-01-12T09:41:19","guid":{"rendered":"https:\/\/www.europesays.com\/de\/712215\/"},"modified":"2026-01-12T09:41:19","modified_gmt":"2026-01-12T09:41:19","slug":"glatteis-am-montagmorgen-antenne-duesseldorf","status":"publish","type":"post","link":"https:\/\/www.europesays.com\/de\/712215\/","title":{"rendered":"Glatteis am Montagmorgen &#8211; Antenne D\u00fcsseldorf"},"content":{"rendered":"<p>Wegen der Gefahr von starkem Glatteis hat die NRW-Landesregierung entschieden, dass die Schulen am Montag landesweit in Distanzunterricht gehen. In den Schulen wird lediglich eine Notbetreuung angeboten, teilte die Landesregierung mit. Damit sollen Sch\u00fclerinnen und Sch\u00fcler sowie Eltern vor den Risiken des Eisregens gesch\u00fctzt werden. NRW-Schulministerin erkl\u00e4rte NRW-Schulministerin Dorothee Feller erkl\u00e4rte dazu:<\/p>\n<blockquote><p>&#8222;Wegen der Gefahr von starkem Glatteis hat die NRW-Landesregierung entschieden, dass die Schulen am Montag landesweit in Distanzunterricht gehen. In den Schulen wird lediglich eine Notbetreuung angeboten. Damit sollen Sch\u00fclerinnen und Sch\u00fcler sowie Eltern vor den Risiken des Eisregens gesch\u00fctzt werden.&#8220; <\/p><\/blockquote>\n<p>\ufeffDie Kindertagesst\u00e4tten bleiben in D\u00fcsseldorf grunds\u00e4tzlich ge\u00f6ffnet. Gegebenenfalls kann es Einschr\u00e4nkungen der Betreuungsangebote geben. Die Stadt bittet die Informationen der jeweiligen Einrichtung zu beachten.<\/p>\n","protected":false},"excerpt":{"rendered":"Wegen der Gefahr von starkem Glatteis hat die NRW-Landesregierung entschieden, dass die Schulen am Montag landesweit in Distanzunterricht&hellip;\n","protected":false},"author":2,"featured_media":712216,"comment_status":"","ping_status":"","sticky":false,"template":"","format":"standard","meta":{"footnotes":""},"categories":[1772],"tags":[29,214,30,1779,810,215],"class_list":{"0":"post-712215","1":"post","2":"type-post","3":"status-publish","4":"format-standard","5":"has-post-thumbnail","7":"category-musik","8":"tag-deutschland","9":"tag-entertainment","10":"tag-germany","11":"tag-music","12":"tag-musik","13":"tag-unterhaltung"},"share_on_mastodon":{"url":"https:\/\/pubeurope.com\/@de\/115881475136150651","error":""},"_links":{"self":[{"href":"https:\/\/www.europesays.com\/de\/wp-json\/wp\/v2\/posts\/712215","targetHints":{"allow":["GET"]}}],"collection":[{"href":"https:\/\/www.europesays.com\/de\/wp-json\/wp\/v2\/posts"}],"about":[{"href":"https:\/\/www.europesays.com\/de\/wp-json\/wp\/v2\/types\/post"}],"author":[{"embeddable":true,"href":"https:\/\/www.europesays.com\/de\/wp-json\/wp\/v2\/users\/2"}],"replies":[{"embeddable":true,"href":"https:\/\/www.europesays.com\/de\/wp-json\/wp\/v2\/comments?post=712215"}],"version-history":[{"count":0,"href":"https:\/\/www.europesays.com\/de\/wp-json\/wp\/v2\/posts\/712215\/revisions"}],"wp:featuredmedia":[{"embeddable":true,"href":"https:\/\/www.europesays.com\/de\/wp-json\/wp\/v2\/media\/712216"}],"wp:attachment":[{"href":"https:\/\/www.europesays.com\/de\/wp-json\/wp\/v2\/media?parent=712215"}],"wp:term":[{"taxonomy":"category","embeddable":true,"href":"https:\/\/www.europesays.com\/de\/wp-json\/wp\/v2\/categories?post=712215"},{"taxonomy":"post_tag","embeddable":true,"href":"https:\/\/www.europesays.com\/de\/wp-json\/wp\/v2\/tags?post=712215"}],"curies":[{"name":"wp","href":"https:\/\/api.w.org\/{rel}","templated":true}]}}