{"id":712285,"date":"2026-01-12T10:20:13","date_gmt":"2026-01-12T10:20:13","guid":{"rendered":"https:\/\/www.europesays.com\/de\/712285\/"},"modified":"2026-01-12T10:20:13","modified_gmt":"2026-01-12T10:20:13","slug":"us-justiz-droht-fed-chef-mit-anklage","status":"publish","type":"post","link":"https:\/\/www.europesays.com\/de\/712285\/","title":{"rendered":"US-Justiz droht Fed-Chef mit Anklage"},"content":{"rendered":"<p>            <img loading=\"lazy\" decoding=\"async\" class=\"ts-image\" src=\"https:\/\/www.europesays.com\/de\/wp-content\/uploads\/2026\/01\/jerome-powell-130.jpg\" alt=\"Jerome Powell\" title=\"Jerome Powell | REUTERS\"\/><\/p>\n<p class=\"metatextline\">Stand: 12.01.2026 08:11 Uhr<\/p>\n<p class=\"article-head__shorttext\">\n        <strong>Der politische Druck auf die US-Notenbank steigt. Fed-Chef Powell machte Ermittlungen gegen ihn und die Notenbank \u00f6ffentlich, in denen es um angebliche Falschaussagen geht. Er h\u00e4lt dies allerdings f\u00fcr einen Vorwand.<\/strong>\n    <\/p>\n<p class=\"textabsatz m-ten m-offset-one l-eight l-offset-two columns twelve\">Bundesstaatsanw\u00e4lte haben gegen die US-Notenbank nach Angaben ihres Chefs Jerome Powell Ermittlungen eingeleitet. Das Justizministerium habe der Federal Reserve sogenannte Subpoenas zugestellt, teilte Powell mit. Dabei handelt es sich um schriftliche Vorladungen oder Aufforderungen zur Herausgabe von Dokumenten unter Strafandrohung. Zudem habe das Ministerium der Notenbank mit einer Anklage gedroht.<\/p>\n<p class=\"textabsatz m-ten m-offset-one l-eight l-offset-two columns twelve\">Powell soll im Zusammenhang mit der mehrj\u00e4hrigen Sanierung von Geb\u00e4uden der Zentralbank in Washington vor dem Senat Falschaussagen gemacht haben, so der Vorwurf.<\/p>\n<p class=\"textabsatz m-ten m-offset-one l-eight l-offset-two columns twelve\">In seiner Erkl\u00e4rung nannte Powell das Vorgehen einen &#8222;Vorwand&#8220;, um im Streit \u00fcber die Zinspolitik mehr Druck auf die unabh\u00e4ngige Notenbank auszu\u00fcben. &#8222;Es geht darum, ob die Fed die Zinss\u00e4tze weiterhin auf Grundlage von Fakten und wirtschaftlichen Gegebenheiten festlegen kann &#8211; oder ob die Geldpolitik stattdessen von politischem Druck oder Einsch\u00fcchterung bestimmt wird&#8220;, erg\u00e4nzte er.<\/p>\n<p>    Trump setzt Powell unter Druck<\/p>\n<p class=\"textabsatz m-ten m-offset-one l-eight l-offset-two columns twelve\">Pr\u00e4sident Donald Trump fordert seit langem die Senkung des Leitzinses. Die Fed hatte diesen zuletzt in mehreren Schritten diesen gesenkt &#8211; Trump fordert allerdings deutlichere Schritte.<\/p>\n<p class=\"textabsatz m-ten m-offset-one l-eight l-offset-two columns twelve\">Trump beschimpfte Powell regelm\u00e4\u00dfig und sprach auch davon, ihn zu entlassen. Ob der Pr\u00e4sident den vom Senat best\u00e4tigten Chef der unabh\u00e4ngigen Notenbank tats\u00e4chlich feuern darf, ist unklar. Trump hatte erst vor wenigen Wochen eine Klage gegen Powell wegen &#8222;Inkompetenz&#8220; in Aussicht gestellt. Powells Amtszeit endet im kommenden Mai.<\/p>\n","protected":false},"excerpt":{"rendered":"Stand: 12.01.2026 08:11 Uhr Der politische Druck auf die US-Notenbank steigt. Fed-Chef Powell machte Ermittlungen gegen ihn und&hellip;\n","protected":false},"author":2,"featured_media":712286,"comment_status":"","ping_status":"","sticky":false,"template":"","format":"standard","meta":{"footnotes":"","_share_on_mastodon":"0"},"categories":[5],"tags":[331,332,3364,29,11397,30,13,14,15,23894,12,24322,64],"class_list":["post-712285","post","type-post","status-publish","format-standard","has-post-thumbnail","category-nachrichten","tag-aktuelle-nachrichten","tag-aktuelle-news","tag-de","tag-deutschland","tag-fed","tag-germany","tag-headlines","tag-nachrichten","tag-news","tag-powell","tag-schlagzeilen","tag-us-notenbank","tag-usa"],"share_on_mastodon":{"url":"https:\/\/pubeurope.com\/@de\/115881628526602175","error":""},"_links":{"self":[{"href":"https:\/\/www.europesays.com\/de\/wp-json\/wp\/v2\/posts\/712285","targetHints":{"allow":["GET"]}}],"collection":[{"href":"https:\/\/www.europesays.com\/de\/wp-json\/wp\/v2\/posts"}],"about":[{"href":"https:\/\/www.europesays.com\/de\/wp-json\/wp\/v2\/types\/post"}],"author":[{"embeddable":true,"href":"https:\/\/www.europesays.com\/de\/wp-json\/wp\/v2\/users\/2"}],"replies":[{"embeddable":true,"href":"https:\/\/www.europesays.com\/de\/wp-json\/wp\/v2\/comments?post=712285"}],"version-history":[{"count":0,"href":"https:\/\/www.europesays.com\/de\/wp-json\/wp\/v2\/posts\/712285\/revisions"}],"wp:featuredmedia":[{"embeddable":true,"href":"https:\/\/www.europesays.com\/de\/wp-json\/wp\/v2\/media\/712286"}],"wp:attachment":[{"href":"https:\/\/www.europesays.com\/de\/wp-json\/wp\/v2\/media?parent=712285"}],"wp:term":[{"taxonomy":"category","embeddable":true,"href":"https:\/\/www.europesays.com\/de\/wp-json\/wp\/v2\/categories?post=712285"},{"taxonomy":"post_tag","embeddable":true,"href":"https:\/\/www.europesays.com\/de\/wp-json\/wp\/v2\/tags?post=712285"}],"curies":[{"name":"wp","href":"https:\/\/api.w.org\/{rel}","templated":true}]}}