{"id":712427,"date":"2026-01-12T11:38:14","date_gmt":"2026-01-12T11:38:14","guid":{"rendered":"https:\/\/www.europesays.com\/de\/712427\/"},"modified":"2026-01-12T11:38:14","modified_gmt":"2026-01-12T11:38:14","slug":"basketball-ab-2027-nba-draengt-nach-europa","status":"publish","type":"post","link":"https:\/\/www.europesays.com\/de\/712427\/","title":{"rendered":"Basketball: Ab 2027: NBA dr\u00e4ngt nach Europa"},"content":{"rendered":"<p class=\"fp-paragraph\"><strong>Berlin<\/strong> &#8211; Gekommen, um zu bleiben: In dieser Woche steigt die gro\u00dfe NBA-Show in Berlin. Erstmals \u00fcberhaupt findet ein Pflichtspiel der besten Basketball-Liga der Welt in Deutschland statt. Franz und Moritz Wagner treffen am Donnerstag (20.00 Uhr\/Prime Video) mit ihren Orlando Magic auf die Memphis Grizzlies. Die Partie in der Hauptstadt verspricht ein gro\u00dfes Spektakel, zumal in Moritz Wagner zumindest ein deutscher Weltmeister auf dem Parkett stehen d\u00fcrfte.<\/p>\n<p class=\"fp-paragraph\">Geht es nach den Bossen um NBA-Chef Adam Silver, dann werden Partien, in denen es wirklich um Punkte geht, bald zur Regel in Europa. Ab Oktober 2027 soll die NBA Europe an den Start gehen und die Landschaft der europ\u00e4ischen Basketball-Wettbewerbe grundlegend ver\u00e4ndern.<\/p>\n<p>Europa wichtiger Markt f\u00fcr NBA<\/p>\n<p class=\"fp-paragraph\">\u201eEuropa bringt weiterhin mit die besten Spieler der Welt hervor, aber die kommerziellen Erfolge dort passen nicht zum Wachstum unseres Spiels\u201c, sagte Silver \u00fcber die ambitionierten Pl\u00e4ne.\u00a0<\/p>\n<p class=\"fp-paragraph\">Gemeinsam mit dem Weltverband Fiba treiben die Amerikaner das Projekt hinter den Kulissen schon seit einer ganzen Weile voran. \u201eUnsere\u00a0Gespr\u00e4che mit verschiedenen Stakeholdern in Europa haben uns in der \u00dcberzeugung best\u00e4rkt, dass die Gr\u00fcndung einer neuen Liga auf dem Kontinent eine enorme Chance bietet\u201c, hie\u00df es.<\/p>\n<p class=\"fp-paragraph\">Derzeit ist die Euroleague die sportlich beste Liga in Europa. Clubs wie Olympiakos Pir\u00e4us, Panathinaikos Athen, Fenerbahce Istanbul oder Hapoel Tel Aviv haben millionenschwere Starensembles zusammengestellt, die es sportlich auch mit vielen NBA-Teams aufnehmen k\u00f6nnten.<\/p>\n<p class=\"fp-paragraph\">Allerdings ist die Euroleague, die auch den Eurocup veranstaltet, privat wirtschaftlich organisiert und entscheidet damit selbst, wer mitspielt und wer nicht. Aus der Bundesliga ist in dieser Euroleague-Saison nur noch Bayern M\u00fcnchen dabei. Der deutsche Meister ist auch Anteilseigner der Liga.<\/p>\n<p>Alba setzt auf NBA Europe<\/p>\n<p class=\"fp-paragraph\">Alba Berlin dagegen hat sich im vergangenen Sommer nach vielen Jahren aus der europ\u00e4ischen K\u00f6nigsklasse zur\u00fcckgezogen. Die Hauptst\u00e4dter k\u00f6nnen und m\u00f6chten das finanzielle Wettr\u00fcsten nicht mehr mitmachen. Stattdessen hat sich Alba der von der Fiba ausgetragenen Champions League angeschlossen und hofft \u00fcber diesen Schritt dabei zu sein, wenn die NBA Europe in eineinhalb Jahren an den Start geht.<\/p>\n<p class=\"fp-paragraph\">\u201eDie NBA Europe wird kommen und wir wollen dabei sein\u201c, hatte Albas Gesch\u00e4ftsf\u00fchrer Marco Baldi bereits zu Saisonbeginn gesagt. Und in der Tat scheinen die Chancen nicht schlecht, dass Berlin als etablierte Basketball-Marke und Weltmetropole mit dabei ist.\u00a0<\/p>\n<p>Mischung aus Traditionsclubs und neuen Teams<\/p>\n<p class=\"fp-paragraph\">Im November des vergangenen Jahres konkretisierte George Aivazoglou, der bei der NBA f\u00fcr Europa zust\u00e4ndige Gesch\u00e4ftsf\u00fchrer, erstmals die Pl\u00e4ne. Demnach soll die Liga aus 16 Vertretern bestehen, von denen zw\u00f6lf permanent dabei sein sollen. Dabei nannte Aivazoglou unter anderem M\u00fcnchen, Berlin, Madrid oder Barcelona, wo es bereits ambitionierte Basketball-Clubs gibt. Allerdings stehen auf der Liste auch St\u00e4dte wie Rom, London oder Manchester, wo der Basketball bislang noch nicht auf Topniveau Fu\u00df gefasst hat.<\/p>\n<p class=\"fp-paragraph\">Was f\u00fcr europ\u00e4ische Sportfans erst einmal gew\u00f6hnungsbed\u00fcrftig scheint, ist f\u00fcr die NBA-Macher kein Problem. Schlie\u00dflich ist das Sportsystem in den USA komplett anders aufgestellt, basiert auf Franchises statt auf Clubs. Das bedeutet, dass auch in St\u00e4dten ohne Basketball-Tradition Mannschaften geschaffen werden k\u00f6nnen &#8211; soweit das Geld stimmt.<\/p>\n<p class=\"fp-paragraph\">In der Vergangenheit hatte es immer mal wieder Spekulationen \u00fcber ein Engagement der NBA in Europa gegeben. Auch ein Alleingang schien nicht ausgeschlossen. Durch die Zusammenarbeit mit dem Weltverband und den europ\u00e4ischen Ligen ist dieser nun kein Thema mehr. Stattdessen sorgt die Kooperation daf\u00fcr, dass es zu einem Mix aus amerikanischem und europ\u00e4ischem Sportsystem kommt.<\/p>\n<p>Was wird aus der Euroleague?<\/p>\n<p class=\"fp-paragraph\">Besonders wichtig aus Sicht der Fiba und der europ\u00e4ischen Ligen ist es, dass anders als in den US-Ligen auch Auf- und Abstieg m\u00f6glich sind. \u201eDas Ligakonzept respektiert die Prinzipien des europ\u00e4ischen Sportmodells, indem es jedem ambitionierten Club auf dem Kontinent einen fairen Weg an die Spitze er\u00f6ffnet\u201c, sagte Fiba-Generalsekret\u00e4r Andreas\u00a0Zagklis mit Blick auf vier Spots in der NBA Europe, die \u00fcber die europ\u00e4ischen Ligen und Wettbewerbe vergeben werden.<\/p>\n<p class=\"fp-paragraph\">Noch v\u00f6llig offen ist, wie die Euroleague in Zukunft eingebunden wird. Einig sind sich eigentlich alle Beteiligten, dass mit der NBA Europe nicht ein zus\u00e4tzlicher Wettbewerb installiert werden soll. Schon jetzt ist die Europapokal-Landschaft mit f\u00fcnf bis sechs Wettbewerben viel zu fragmentiert.\u00a0<\/p>\n<p class=\"fp-paragraph\">\u201eIdeal w\u00e4re eine Struktur wie im Fu\u00dfball. Champions League, Europa League, European Conference League \u2013 das funktioniert. Jeder Sportfan wei\u00df, wann welcher Wettbewerb gespielt wird. Daf\u00fcr m\u00fcssen wir auch im Basketball k\u00e4mpfen\u201c, sagte der Pr\u00e4sident der Europ\u00e4ischen Ligen, Tomas Van Den Spiegel, der dpa.<\/p>\n<p>Deutsche Bosse zuversichtlich<\/p>\n<p class=\"fp-paragraph\">Doch zwischen Fiba und Euroleague gibt es seit Jahren Streit \u00fcber die Struktur und die Zust\u00e4ndigkeiten im internationalen Basketball. Eine L\u00f6sung ist nicht in Sicht. \u201eDie NBA hat \u00fcber l\u00e4ngere Zeit versucht, mit der Euroleague zusammenzukommen\u201c, sagte DBB-Pr\u00e4sident Ingo Weiss in einem Interview bei \u201ebasketball-world\u201c.\u00a0<\/p>\n<p class=\"fp-paragraph\">\u201eEs lag ein finanziell sehr attraktives Angebot vor. Am Ende war die Euroleague auch hier wieder zu arrogant und hat von sich aus gesagt: Wir haben kein Interesse.\u201c Ob es dabei bleibt, ist unklar. Die Euroleague erkl\u00e4rte sich grunds\u00e4tzlich zu Gespr\u00e4chen bereit.<\/p>\n<p class=\"fp-paragraph\">Dass die neue NBA Europe kommen wird, davon sind alle Beteiligten inzwischen \u00fcberzeugt. \u201eDas hat Hand und Fu\u00df\u201c, sagte BBL-Gesch\u00e4ftsf\u00fchrer Stefan Holz. \u201eDas wird dem Basketball guttun, das wird der Bundesliga guttun. Der ganze Basketball in Europa wird dadurch nach oben gezogen.\u201c<\/p>\n","protected":false},"excerpt":{"rendered":"Berlin &#8211; Gekommen, um zu bleiben: In dieser Woche steigt die gro\u00dfe NBA-Show in Berlin. Erstmals \u00fcberhaupt findet&hellip;\n","protected":false},"author":2,"featured_media":712428,"comment_status":"","ping_status":"","sticky":false,"template":"","format":"standard","meta":{"footnotes":"","_share_on_mastodon":"0"},"categories":[3933],"tags":[331,332,2493,29,548,5842,663,158,3934,3935,101737,13,14,15918,15,12,64],"class_list":["post-712427","post","type-post","status-publish","format-standard","has-post-thumbnail","category-eu","tag-aktuelle-nachrichten","tag-aktuelle-news","tag-basketball","tag-deutschland","tag-eu","tag-euroleague","tag-europa","tag-europaeische-union","tag-europe","tag-european-union","tag-fiba","tag-headlines","tag-nachrichten","tag-nba","tag-news","tag-schlagzeilen","tag-usa"],"share_on_mastodon":{"url":"https:\/\/pubeurope.com\/@de\/115881935254172075","error":""},"_links":{"self":[{"href":"https:\/\/www.europesays.com\/de\/wp-json\/wp\/v2\/posts\/712427","targetHints":{"allow":["GET"]}}],"collection":[{"href":"https:\/\/www.europesays.com\/de\/wp-json\/wp\/v2\/posts"}],"about":[{"href":"https:\/\/www.europesays.com\/de\/wp-json\/wp\/v2\/types\/post"}],"author":[{"embeddable":true,"href":"https:\/\/www.europesays.com\/de\/wp-json\/wp\/v2\/users\/2"}],"replies":[{"embeddable":true,"href":"https:\/\/www.europesays.com\/de\/wp-json\/wp\/v2\/comments?post=712427"}],"version-history":[{"count":0,"href":"https:\/\/www.europesays.com\/de\/wp-json\/wp\/v2\/posts\/712427\/revisions"}],"wp:featuredmedia":[{"embeddable":true,"href":"https:\/\/www.europesays.com\/de\/wp-json\/wp\/v2\/media\/712428"}],"wp:attachment":[{"href":"https:\/\/www.europesays.com\/de\/wp-json\/wp\/v2\/media?parent=712427"}],"wp:term":[{"taxonomy":"category","embeddable":true,"href":"https:\/\/www.europesays.com\/de\/wp-json\/wp\/v2\/categories?post=712427"},{"taxonomy":"post_tag","embeddable":true,"href":"https:\/\/www.europesays.com\/de\/wp-json\/wp\/v2\/tags?post=712427"}],"curies":[{"name":"wp","href":"https:\/\/api.w.org\/{rel}","templated":true}]}}