{"id":712513,"date":"2026-01-12T12:26:11","date_gmt":"2026-01-12T12:26:11","guid":{"rendered":"https:\/\/www.europesays.com\/de\/712513\/"},"modified":"2026-01-12T12:26:11","modified_gmt":"2026-01-12T12:26:11","slug":"fc-bayern-das-steckt-hinter-olises-torjubel-es-hat-mit-dem-traurigen-joshua-unfall-zu-tun-sport","status":"publish","type":"post","link":"https:\/\/www.europesays.com\/de\/712513\/","title":{"rendered":"FC Bayern: Das steckt hinter Olises Torjubel \u2013 es hat mit dem traurigen Joshua-Unfall zu tun | Sport"},"content":{"rendered":"<p><b>Bei der 8:1-Gala des <\/b><a href=\"https:\/\/www.bild.de\/sport\/fussball\/bayern-muenchen\/startseite-fc-bayern-muenchen-31074450.bild.html\" class=\"text-link\" target=\"_blank\" rel=\"noopener\"><b>FC Bayern<\/b><\/a><b> gegen Wolfsburg in der Bundesliga erzielte Michael Olise (24) am Sonntag einen Doppelpack. Nach seinem ersten Treffer zeigte er einen auff\u00e4lligen Jubel.<\/b><\/p>\n<p>50. Minute: Olise zieht in Robben-Manier nach innen und schlenzt den Ball unhaltbar ins lange Eck. Das zwischenzeitliche 3:1. Unmittelbar nach seinem Traumtor hielt Olise einige Sekunden lang inne und reckte beide Zeigefinger in Richtung Himmel. Erst dann jubelte er mit seinen Mannschaftskollegen.<\/p>\n<p>Olise gedenkt verstorbenem Box-Trainer<\/p>\n<p>Seine Geste war h\u00f6chstwahrscheinlich an den verstorbenen Sina Ghami gerichtet. Der Ex-Athletik-Trainer von Box-Gigant Anthony Joshua (36) war Ende Dezember bei einem Autounfall in Nigeria ums Leben gekommen. Joshua sa\u00df mit vier weiteren Insassen in einem SUV der Marke Lexus, als der Wagen mit einem parkenden Lkw kollidierte.<\/p>\n<p>W\u00e4hrend Ghami und Latif Ayodele, ein weiterer Box-Trainer, starben, blieb Joshua selbst von schweren Verletzungen verschont. Er wurde in ein Krankenhaus gebracht, vor einigen Tagen wieder entlassen worden. Die Ursache f\u00fcr den Unfall war laut Beh\u00f6rden \u00fcberh\u00f6hte Geschwindigkeit.<\/p>\n<p>Mehr zum Thema<\/p>\n<p>Olise verlor mit Ghami einen alten Bekannten. Der Bayern-Star arbeitete mit dem Athletik-Trainer zusammen, als er noch f\u00fcr den FC Reading kickte.<\/p>\n<p>Ende Dezember, kurz nach Ghamis Tod, postete Olise ein gemeinsames Foto in seiner Instagram-Story (2,1 Mio. Follower), schrieb dazu: \u201eRuhe in Frieden, mein Bruder. Einer der ehrlichsten M\u00e4nner.\u201c<\/p>\n<p><img decoding=\"async\" width=\"992\" height=\"1261\" alt=\"Mit dieser Instagram-Story trauert Bayern-Star Michael Olise (l.) um Sina Ghami\" src=\"https:\/\/www.europesays.com\/de\/wp-content\/uploads\/2026\/01\/29866748093c660a5405d55ecdc7d861,d35345fb.jpeg\"   class=\"dynamic\" loading=\"lazy\"\/><\/p>\n<p class=\"fig__caption__text\">Mit dieser Instagram-Story trauert Bayern-Star Michael Olise (l.) um Sina Ghami<\/p>\n<p>Foto: m.olise\/Instagram<\/p>\n<p>Den urspr\u00fcnglichen Beitrag hatte Ghami am 13. Juli 2021 ver\u00f6ffentlicht. Damals begl\u00fcckw\u00fcnschte er Olise zu seinem Wechsel vom Drittligisten Reading zu Premier-League-Klub Crystal Palace. Dort spielte Olise bis zu seinem 53-Millionen-Wechsel zum FC Bayern im Sommer 2024.<\/p>\n<p>Sportlich l\u00e4uft es f\u00fcr Olise aktuell pr\u00e4chtig. In 26 Pflichtspielen in dieser Saison sammelte er bereits 28 Scorer-Punkte (zw\u00f6lf Treffer, 16 Assists).<\/p>\n","protected":false},"excerpt":{"rendered":"Bei der 8:1-Gala des FC Bayern gegen Wolfsburg in der Bundesliga erzielte Michael Olise (24) am Sonntag einen&hellip;\n","protected":false},"author":2,"featured_media":712514,"comment_status":"","ping_status":"","sticky":false,"template":"","format":"standard","meta":{"footnotes":""},"categories":[136],"tags":[154046,1263,520,29,538,458,30,121,265,1470,1576,45,2624,7781,931],"class_list":{"0":"post-712513","1":"post","2":"type-post","3":"status-publish","4":"format-standard","5":"has-post-thumbnail","7":"category-sport","8":"tag-anthony-joshua","9":"tag-aufmacher-bereich","10":"tag-boxen","11":"tag-deutschland","12":"tag-erste-bundesliga","13":"tag-fc-bayern-muenchen","14":"tag-germany","15":"tag-polizei","16":"tag-sport","17":"tag-sport-leuchtturm-muenchen","18":"tag-super-a-teaser","19":"tag-texttospeech","20":"tag-unfaelle","21":"tag-unfalltod","22":"tag-vfl-wolfsburg"},"share_on_mastodon":{"url":"https:\/\/pubeurope.com\/@de\/115882123918718196","error":""},"_links":{"self":[{"href":"https:\/\/www.europesays.com\/de\/wp-json\/wp\/v2\/posts\/712513","targetHints":{"allow":["GET"]}}],"collection":[{"href":"https:\/\/www.europesays.com\/de\/wp-json\/wp\/v2\/posts"}],"about":[{"href":"https:\/\/www.europesays.com\/de\/wp-json\/wp\/v2\/types\/post"}],"author":[{"embeddable":true,"href":"https:\/\/www.europesays.com\/de\/wp-json\/wp\/v2\/users\/2"}],"replies":[{"embeddable":true,"href":"https:\/\/www.europesays.com\/de\/wp-json\/wp\/v2\/comments?post=712513"}],"version-history":[{"count":0,"href":"https:\/\/www.europesays.com\/de\/wp-json\/wp\/v2\/posts\/712513\/revisions"}],"wp:featuredmedia":[{"embeddable":true,"href":"https:\/\/www.europesays.com\/de\/wp-json\/wp\/v2\/media\/712514"}],"wp:attachment":[{"href":"https:\/\/www.europesays.com\/de\/wp-json\/wp\/v2\/media?parent=712513"}],"wp:term":[{"taxonomy":"category","embeddable":true,"href":"https:\/\/www.europesays.com\/de\/wp-json\/wp\/v2\/categories?post=712513"},{"taxonomy":"post_tag","embeddable":true,"href":"https:\/\/www.europesays.com\/de\/wp-json\/wp\/v2\/tags?post=712513"}],"curies":[{"name":"wp","href":"https:\/\/api.w.org\/{rel}","templated":true}]}}