{"id":712521,"date":"2026-01-12T12:30:15","date_gmt":"2026-01-12T12:30:15","guid":{"rendered":"https:\/\/www.europesays.com\/de\/712521\/"},"modified":"2026-01-12T12:30:15","modified_gmt":"2026-01-12T12:30:15","slug":"ramsan-kadyrow-nierenversagen-liegt-tschetscheniens-praesident-im-sterben-politik","status":"publish","type":"post","link":"https:\/\/www.europesays.com\/de\/712521\/","title":{"rendered":"Ramsan Kadyrow: Nierenversagen! Liegt Tschetscheniens Pr\u00e4sident im Sterben? | Politik"},"content":{"rendered":"<p><b>Er scheint dem Tod schon n\u00e4her als dem Leben. Der brutale Tschetschenien-Diktator Ramsan Kadyrow (49) soll wegen Nierenversagens an ein Dialyseger\u00e4t angeschlossen sein, berichtet der ukrainische Geheimdienst. Familienmitglieder sollen in Scharen anreisen, um Putins Bluthund noch einmal zu besuchen. Er soll sich in einem Privatkrankenhaus in Tschetschenien befinden.<\/b><\/p>\n<p>Auch interessant<\/p>\n<p>Anzeige<\/p>\n<p>Auch interessant<\/p>\n<p>Anzeige<\/p>\n<p>Angesichts des miserablen Gesundheitszustands soll der Kreml schon fieberhaft auf der Suche nach einem <a href=\"https:\/\/www.bild.de\/politik\/ausland-und-internationales\/ramsan-kadyrow-putins-tschetschenen-chef-bittet-um-seine-entlassung-681a06a722bab50320e6c647\" class=\"text-link\" target=\"_blank\" rel=\"noopener\">Nachfolger<\/a> f\u00fcr Putins Statthalter sein. \u201eZu den wahrscheinlichsten und geeignetsten Kandidaten f\u00fcr den Kreml z\u00e4hlen Magomed Daudow, Apti Alaudinow und Ramsans \u00e4ltester Sohn, Achmat Kadyrow.\u201c<\/p>\n<p>Magomed Daudow (45) ist seit Mai 2024 Regierungschef der Tschetschenischen Republik. Von 2015 bis 2024 war er Pr\u00e4sident des tschetschenischen Parlaments. Daudow z\u00e4hlt zu den einflussreichsten Pers\u00f6nlichkeiten in Tschetschenien und geh\u00f6rt zum engsten Kreis um Kadyrow. Der immer in Schwarz gekleidete Daudow soll von Kadyrow deswegen den Spitznamen \u201eLord\u201c bekommen haben.<\/p>\n<p><img decoding=\"async\" width=\"992\" height=\"686\" alt=\"Magomed Daudow bei einer Rede am 23. Mai 2023 in der tschetschenischen Hauptstadt Grosny\" src=\"https:\/\/www.europesays.com\/de\/wp-content\/uploads\/2026\/01\/b98d1b233f97189e50a7be931e356e3d,ec99a66f.jpeg\"   class=\"dynamic\" loading=\"lazy\"\/><\/p>\n<p class=\"fig__caption__text\">Magomed Daudow bei einer Rede am 23. Mai 2023 in der tschetschenischen Hauptstadt Grosny<\/p>\n<p>Foto: picture alliance\/dpa\/TASS<\/p>\n<p>Apti Aronowitsch Alaudinow (52) ist ein russischer Offizier tschetschenischer Abstammung. Er ist Generalmajor und kommandiert die Spezialeinheit Achmat, die ein Teil der russischen Nationalgarde ist und in der <a href=\"https:\/\/www.bild.de\/politik\/ausland\/politik-ausland\/tschetschenen-chef-kadyrow-schickt-truppen-richtung-ukraine-79021742.bild.html\" class=\"text-link\" target=\"_blank\" rel=\"noopener\">Ukraine<\/a> schwere Verbrechen begeht. Aufgrund zahlreicher Menschenrechtsverletzungen wurde er auf die Sanktionsliste des amerikanischen Kongresses gesetzt.<\/p>\n<p><img decoding=\"async\" width=\"992\" height=\"679\" alt=\"Apti Aronowitsch Alaudinow mit viel Gebammel an seiner Brust\" src=\"https:\/\/www.europesays.com\/de\/wp-content\/uploads\/2026\/01\/e07410dcd5f8feef2c4d24e7694a80a7,e7f7e038.jpeg\"   class=\"dynamic\" loading=\"lazy\"\/><\/p>\n<p class=\"fig__caption__text\">Apti Aronowitsch Alaudinow mit viel Gebammel an seiner Brust<\/p>\n<p>Foto: picture alliance\/dpa\/POOL<\/p>\n<p>Aber auch der 20-j\u00e4hrige Kadyrow-Sohn Achmat hat gute Chancen, die Nachfolge seines Vaters anzutreten. Er ist jetzt schon stellvertretender Vorsitzender der Republikregierung, w\u00e4hrend er auch sein Amt als Sportminister behielt.<\/p>\n<p><img decoding=\"async\" width=\"992\" height=\"558\" alt=\"Die Kadyrow-S\u00f6hne beim Schie\u00dftraining. An der Waffe ist der zu diesem Zeitpunkt 16-j\u00e4hrige Achmat\" src=\"https:\/\/www.europesays.com\/de\/wp-content\/uploads\/2026\/01\/7a315b42e5b7aa7c45b46c3e77fdbc69,ab0cd69f.jpeg\"   class=\"landscape\" loading=\"lazy\"\/><\/p>\n<p class=\"fig__caption__text\">Die Kadyrow-S\u00f6hne beim Schie\u00dftraining. An der Waffe ist der zu diesem Zeitpunkt 16-j\u00e4hrige Achmat<\/p>\n<p>Foto: EPN\/Newscom \/ Avalon<\/p>\n<p>Ramsan Kadyrow ist seit Mai 2007 Putins Kettenhund in Tschetschenien und regiert das Land mit Brutalit\u00e4t, Unterdr\u00fcckungen, Folter und Exekutionen. Alle drei Kandidaten w\u00fcrden nahtlos in seine blutigen Fu\u00dfstapfen treten. Experten sehen es allerdings als fraglich an, ob sich die beiden \u00c4lteren dem jungen Kadyrow unterordnen w\u00fcrden und prophezeien jetzt schon Machtk\u00e4mpfe.<\/p>\n","protected":false},"excerpt":{"rendered":"Er scheint dem Tod schon n\u00e4her als dem Leben. Der brutale Tschetschenien-Diktator Ramsan Kadyrow (49) soll wegen Nierenversagens&hellip;\n","protected":false},"author":2,"featured_media":712522,"comment_status":"","ping_status":"","sticky":false,"template":"","format":"standard","meta":{"footnotes":""},"categories":[3],"tags":[13,164227,6806,3083,14,15,20266,24041,3082,307,12,138370,45,10,8,9,11,37014,317,103,104],"class_list":{"0":"post-712521","1":"post","2":"type-post","3":"status-publish","4":"format-standard","5":"has-post-thumbnail","7":"category-welt","8":"tag-headlines","9":"tag-kadyrow-ramsan","10":"tag-krank","11":"tag-krim","12":"tag-nachrichten","13":"tag-news","14":"tag-niere","15":"tag-nierenversagen","16":"tag-putin-wladimir","17":"tag-russland","18":"tag-schlagzeilen","19":"tag-team-first","20":"tag-texttospeech","21":"tag-top-news","22":"tag-top-meldungen","23":"tag-topmeldungen","24":"tag-topnews","25":"tag-tschetschenien","26":"tag-ukraine","27":"tag-welt","28":"tag-world"},"share_on_mastodon":{"url":"https:\/\/pubeurope.com\/@de\/115882139773487177","error":""},"_links":{"self":[{"href":"https:\/\/www.europesays.com\/de\/wp-json\/wp\/v2\/posts\/712521","targetHints":{"allow":["GET"]}}],"collection":[{"href":"https:\/\/www.europesays.com\/de\/wp-json\/wp\/v2\/posts"}],"about":[{"href":"https:\/\/www.europesays.com\/de\/wp-json\/wp\/v2\/types\/post"}],"author":[{"embeddable":true,"href":"https:\/\/www.europesays.com\/de\/wp-json\/wp\/v2\/users\/2"}],"replies":[{"embeddable":true,"href":"https:\/\/www.europesays.com\/de\/wp-json\/wp\/v2\/comments?post=712521"}],"version-history":[{"count":0,"href":"https:\/\/www.europesays.com\/de\/wp-json\/wp\/v2\/posts\/712521\/revisions"}],"wp:featuredmedia":[{"embeddable":true,"href":"https:\/\/www.europesays.com\/de\/wp-json\/wp\/v2\/media\/712522"}],"wp:attachment":[{"href":"https:\/\/www.europesays.com\/de\/wp-json\/wp\/v2\/media?parent=712521"}],"wp:term":[{"taxonomy":"category","embeddable":true,"href":"https:\/\/www.europesays.com\/de\/wp-json\/wp\/v2\/categories?post=712521"},{"taxonomy":"post_tag","embeddable":true,"href":"https:\/\/www.europesays.com\/de\/wp-json\/wp\/v2\/tags?post=712521"}],"curies":[{"name":"wp","href":"https:\/\/api.w.org\/{rel}","templated":true}]}}