{"id":712525,"date":"2026-01-12T12:32:13","date_gmt":"2026-01-12T12:32:13","guid":{"rendered":"https:\/\/www.europesays.com\/de\/712525\/"},"modified":"2026-01-12T12:32:13","modified_gmt":"2026-01-12T12:32:13","slug":"marktbericht-wartestellung-nach-neuem-allzeithoch","status":"publish","type":"post","link":"https:\/\/www.europesays.com\/de\/712525\/","title":{"rendered":"Marktbericht: Wartestellung nach neuem Allzeithoch"},"content":{"rendered":"<p>            <img loading=\"lazy\" decoding=\"async\" class=\"ts-image\" src=\"https:\/\/www.europesays.com\/de\/wp-content\/uploads\/2026\/01\/boerse-424.jpg\" alt=\"H\u00e4ndler an der Frankfurter B\u00f6rse.\" title=\"H\u00e4ndler an der Frankfurter B\u00f6rse. | picture alliance\/dpa\"\/><\/p>\n<p>                    <strong>marktbericht<\/strong><\/p>\n<p class=\"metatextline\">Stand: 12.01.2026 11:02 Uhr<\/p>\n<p class=\"article-head__shorttext\">\n        <strong>Der DAX erreicht im fr\u00fchen Handel erneut ein Allzeithoch, aber besonders schwungvoll ist die Bewegung nicht. Die Anleger halten sich kurz vor dem Beginn der US-Berichtssaison lieber zur\u00fcck.<\/strong>\n    <\/p>\n<p class=\"textabsatz m-ten m-offset-one l-eight l-offset-two columns twelve\">Der DAX hat im fr\u00fchen Handel ein neues Rekordhoch bei 25.283 Punkten markiert und h\u00e4lt sich derzeit stabil auf diesem Niveau. In der vergangenen Woche hatte der deutsche Leitindex nach einem starken Jahresstart zum ersten Mal in der Geschichte die Marke von 25.000 Punkten geknackt. Am Freitag <a href=\"https:\/\/www.tagesschau.de\/wirtschaft\/finanzen\/marktberichte\/marktbericht-dax-dow-geldanlage-aktienmarkt-100.html\" title=\"Marktbericht: DAX in Rekordlaune\" target=\"_blank\" rel=\"noopener\">hatte er mit zwischenzeitlich 25.281 Punkten<\/a> eine neue Bestmarke gesetzt. Im neuen Jahr liegt das Plus bei rund drei Prozent.<\/p>\n<p class=\"textabsatz m-ten m-offset-one l-eight l-offset-two columns twelve\">Wird der DAX als n\u00e4chstes Ziel die Marke von 26.000 Punkten anvisieren? &#8222;Nat\u00fcrlich stellt sich bei aller Euphorie die Frage nach der Nachhaltigkeit. Ewig kann eine derart steile Rallye nicht ohne Verschnaufpause weitergehen&#8220;, kommentiert Frank Sohlleder, Analyst beim Broker ActivTrades. Auch die Marktbeobachter der Helaba sind der Ansicht, dass zumindest vor\u00fcbergehende R\u00fccksetzer nicht ausgeschlossen werden sollten.<\/p>\n<p class=\"textabsatz m-ten m-offset-one l-eight l-offset-two columns twelve\">Dem DAX stehe aus technischer Sicht die Woche der Wahrheit bevor, meint Portfoliomanager Thomas Altmann von QC Partners, der den deutschen Leitindex derzeit f\u00fcr \u00fcberkauft h\u00e4lt. Altmann verweist auch auf die in diesen Tagen startende US-Berichtssaison. Da m\u00fcsste sich zeigen, ob die steigenden Aktienkurse auch von steigenden Unternehmensgewinnen gest\u00fctzt werden.<\/p>\n<p class=\"textabsatz m-ten m-offset-one l-eight l-offset-two columns twelve\">Denn die Bilanzen der Unternehmen sind noch immer der wesentliche Kurstreiber am Aktienmarkt. Deshalb werden sich die Anleger intensiv mit den kommenden Gesch\u00e4ftsberichten befassen. Am Dienstag er\u00f6ffnen die US-Banken die Berichtssaison, angef\u00fchrt von JPMorgan. Bankbilanzen erlauben einen zuverl\u00e4ssigen Blick auf den Gesamtzustand einer Volkswirtschaft.<\/p>\n<p class=\"textabsatz m-ten m-offset-one l-eight l-offset-two columns twelve\">Die Anleger schauen aber auch aus anderen Gr\u00fcnden in die USA. Dort eskaliert der Streit um die Unabh\u00e4ngigkeit der US-Notenbank Federal Reserve weiter. US-Pr\u00e4sident Donald Trump liegt schon seit langem im Clinch mit Notenbankchef Jerome Powell. Nun droht die US-Regierung Powell <a href=\"https:\/\/www.tagesschau.de\/wirtschaft\/weltwirtschaft\/powell-fed-vorladungen-justizministerium-100.html\" title=\"US-Justiz droht Fed-Chef mit Anklage\" target=\"_blank\" rel=\"noopener\">mit einer Klage wegen Falschaussage<\/a>.<\/p>\n<p class=\"textabsatz m-ten m-offset-one l-eight l-offset-two columns twelve\">Dabei geht es vordergr\u00fcndig um die Kosten der Sanierung f\u00fcr Geb\u00e4ude der Fed in Washington. Powell sieht darin aber nur einen Vorwand, um Druck auf die Fed zu machen. Immer wieder hatte Trump die Fed aufgefordert, die Leitzinsen st\u00e4rker zu senken. Sinkende Zinsen st\u00e4rken den Aktienmarkt und die US-Konjunktur &#8211; allerdings steigen damit die Inflationsgefahren.<\/p>\n<p class=\"textabsatz m-ten m-offset-one l-eight l-offset-two columns twelve\">Es sei offensichtlich, dass es innerhalb der Regierung ein gro\u00dfes Lager gebe, das darauf dringe, die Unabh\u00e4ngigkeit der Fed zu beenden, stellt Neil Wilson fest, Marktbeobachter bei Saxo Markets. Kann das vielleicht sogar positive Folgen f\u00fcr den deutschen Aktienmarkt haben? &#8222;Ausgerechnet der Fed-Streit k\u00f6nnte die Suche der Anleger nach Alternativen zu US\u2011Aktien anheizen&#8220;, stellt Jochen Stanzl, Marktanalyst bei der Consorsbank, fest. &#8222;Das k\u00f6nnte dem DAX zugutekommen.&#8220;<\/p>\n<p class=\"textabsatz m-ten m-offset-one l-eight l-offset-two columns twelve\">Die US-Investoren sind von diesem Streit tats\u00e4chlich nicht begeistert. Die US-Futures geben aktuell nach, was auf einen schwachen Start an der Wall Street hindeutet. Am Freitag waren die US-B\u00f6rsen noch mit Gewinnen ins Wochenende gegangen. Der US-Standardwerteindex Dow Jones schloss 0,5 Prozent h\u00f6her bei 49.504 Punkten. Der technologielastige Nasdaq r\u00fcckte 0,8 Prozent auf 23.671 Z\u00e4hler vor, der S&amp;P 500 stieg 0,6 Prozent auf 6.966 Stellen.<\/p>\n<p class=\"textabsatz m-ten m-offset-one l-eight l-offset-two columns twelve\">In der abgelaufenen Woche legte der S&amp;P damit 1,6 Prozent zu, die Nasdaq 1,9 Prozent und der Dow 2,3 Prozent.<\/p>\n<p class=\"textabsatz m-ten m-offset-one l-eight l-offset-two columns twelve\">Der Goldpreis klettert derweil auf ein frisches Allzeithoch. Anleger fl\u00fcchten angesichts der zunehmenden geopolitischen Unsicherheit und der Ermittlungen gegen US-Notenbankchef Jerome Powell in als sicher geltende Anlagen. In der Spitze kostet die Feinunze erstmals mehr als 4.600 Dollar.<\/p>\n<p class=\"textabsatz m-ten m-offset-one l-eight l-offset-two columns twelve\">&#8222;Die Ereignisse im Iran und eine m\u00f6gliche Verwicklung der USA sowie die strafrechtlichen Ermittlungen gegen den Fed-Chef haben die US-Futures ins Minus gedreht&#8220;, sagt Tim Waterer, Chef-Marktanalyst bei KCM Trade. &#8222;Das war gr\u00fcnes Licht f\u00fcr einen Gold-Anstieg.&#8220;<\/p>\n","protected":false},"excerpt":{"rendered":"marktbericht Stand: 12.01.2026 11:02 Uhr Der DAX erreicht im fr\u00fchen Handel erneut ein Allzeithoch, aber besonders schwungvoll ist&hellip;\n","protected":false},"author":2,"featured_media":712526,"comment_status":"","ping_status":"","sticky":false,"template":"","format":"standard","meta":{"footnotes":""},"categories":[5],"tags":[791,665,1384,7126,13,5800,14,15,12,10,8,9,11],"class_list":{"0":"post-712525","1":"post","2":"type-post","3":"status-publish","4":"format-standard","5":"has-post-thumbnail","7":"category-nachrichten","8":"tag-aktien","9":"tag-boerse","10":"tag-dax","11":"tag-dow-jones","12":"tag-headlines","13":"tag-marktbericht","14":"tag-nachrichten","15":"tag-news","16":"tag-schlagzeilen","17":"tag-top-news","18":"tag-top-meldungen","19":"tag-topmeldungen","20":"tag-topnews"},"share_on_mastodon":{"url":"https:\/\/pubeurope.com\/@de\/115882147519624127","error":""},"_links":{"self":[{"href":"https:\/\/www.europesays.com\/de\/wp-json\/wp\/v2\/posts\/712525","targetHints":{"allow":["GET"]}}],"collection":[{"href":"https:\/\/www.europesays.com\/de\/wp-json\/wp\/v2\/posts"}],"about":[{"href":"https:\/\/www.europesays.com\/de\/wp-json\/wp\/v2\/types\/post"}],"author":[{"embeddable":true,"href":"https:\/\/www.europesays.com\/de\/wp-json\/wp\/v2\/users\/2"}],"replies":[{"embeddable":true,"href":"https:\/\/www.europesays.com\/de\/wp-json\/wp\/v2\/comments?post=712525"}],"version-history":[{"count":0,"href":"https:\/\/www.europesays.com\/de\/wp-json\/wp\/v2\/posts\/712525\/revisions"}],"wp:featuredmedia":[{"embeddable":true,"href":"https:\/\/www.europesays.com\/de\/wp-json\/wp\/v2\/media\/712526"}],"wp:attachment":[{"href":"https:\/\/www.europesays.com\/de\/wp-json\/wp\/v2\/media?parent=712525"}],"wp:term":[{"taxonomy":"category","embeddable":true,"href":"https:\/\/www.europesays.com\/de\/wp-json\/wp\/v2\/categories?post=712525"},{"taxonomy":"post_tag","embeddable":true,"href":"https:\/\/www.europesays.com\/de\/wp-json\/wp\/v2\/tags?post=712525"}],"curies":[{"name":"wp","href":"https:\/\/api.w.org\/{rel}","templated":true}]}}