{"id":712611,"date":"2026-01-12T13:20:11","date_gmt":"2026-01-12T13:20:11","guid":{"rendered":"https:\/\/www.europesays.com\/de\/712611\/"},"modified":"2026-01-12T13:20:11","modified_gmt":"2026-01-12T13:20:11","slug":"partner-pferd-2026-kaum-noch-tickets-marcus-ehning-sagt-ab","status":"publish","type":"post","link":"https:\/\/www.europesays.com\/de\/712611\/","title":{"rendered":"Partner Pferd 2026: Kaum noch Tickets, Marcus Ehning sagt ab"},"content":{"rendered":"<p class=\"Textstyled__Text-sc-1cqv9mi-0 cLyiiX\">Leipzig. Die Partner Pferd ist auch 2026 neben der Fu\u00dfball-Bundesliga das erste Highlight im Leipziger Sportkalender \u2013 die 28. Auflage findet vom 15. bis 18. Januar auf der Neuen Messe statt. Wir haben im Anschluss an die Pressekonferenz an diesem Dienstag die wichtigsten Fragen und Antworten zusammengefasst.<\/p>\n<p>Weiterlesen nach der Anzeige<\/p>\n<p>Weiterlesen nach der Anzeige<\/p>\n<p>Worin besteht 2026 die besondere Herausforderung?<\/p>\n<p class=\"Textstyled__Text-sc-1cqv9mi-0 cLyiiX\">Veranstalter Volker Wulff ist froh, dass Leipzig als neunte von zw\u00f6lf Stationen wieder zur Qualifikation f\u00fcr das Weltcup-Finale der Springreiter z\u00e4hlt, das im April in Texas \u00fcber die B\u00fchne gehen wird. Doch die Alarmglocken schrillen, denn kurzfristig musste zum Beispiel Madrid sein f\u00fcr diese Hallensaison geplantes Weltcup-Turnier aus finanziellen Gr\u00fcnden absagen. \u201eZudem ist die Konkurrenz in \u00dcbersee mittlerweile enorm\u201c, erg\u00e4nzte der EnGarde-Chef. \u201eVon Januar bis M\u00e4rz gibt es in Doha bei zehn Veranstaltungen zehn Millionen Euro zu gewinnen. Hinzu kommen die 31 Millionen Dollar in Wellington, die viele Reiter zu Jahresbeginn in die USA locken.\u201c <\/p>\n<p class=\"Textstyled__Text-sc-1cqv9mi-0 cLyiiX\">Dennoch k\u00f6nne sich Leipzig gut behaupten. Doch auf die Zukunft angesprochen, sagte Wulff: \u201eWas ist schon sicher? Wir m\u00fcssen realistisch sein. Wir gehen ins vierte Jahr der Rezession in Deutschland. Alles ist schwieriger, aber um die Gesellschaft bei Laune zu halten, ist es wichtig, dass solche Veranstaltungen erhalten bleiben.\u201c Das wisse auch die Politik. Doch ein Selbstl\u00e4ufer sei das nicht.<\/p>\n<p>Weiterlesen nach der Anzeige<\/p>\n<p>Weiterlesen nach der Anzeige<\/p>\n<p>Welche sportlichen H\u00f6hepunkte gibt es bei der 28. Auflage?<\/p>\n<p class=\"Textstyled__Text-sc-1cqv9mi-0 cLyiiX\">Alle vier Wettkampftage halten sportliche Highlights bereit, an allen vier Tagen sind Weltklasse-Profis dabei. Der Donnerstag steht zudem im Zeichen des regionalen Partner-Pferd-Cups. Am Freitag treten ab 19.15 Uhr alle nationalen und internationalen Stars im Rahmen der Sparkassen-Sportgala bei der Qualifikation zur Weltcup-Pr\u00fcfung an, kurz vor Mitternacht heizen die Viersp\u00e4nner-Fahrer bei ihrer Qualifikation dem Publikum ein. Am Sonnabend gibt es ab 15.40 Uhr das Championat von Leipzig im Springen und ab 22 Uhr den Speed Cup im Rahmen der Leipziger Pferdenacht. H\u00f6hepunkte der Turnierwoche sind am Sonntag die Weltcup-Pr\u00fcfungen im Fahren (12.40 Uhr) und Springen (15.45 Uhr).<\/p>\n<p>Welche Stars haben fest zugesagt?<\/p>\n<p class=\"Textstyled__Text-sc-1cqv9mi-0 cLyiiX\">Erneut haben Weltklasse-Reiter zugesagt \u2013 unter anderem der Schweizer Steve Guerdat oder der Weltranglistenzehnte Julien Epailard aus Frankreich. \u201eUnd unser Seriensieger Christian Ahlmann kehrt in sein Wohnzimmer zur\u00fcck. Das ist ein Reiter, den die Leute in Leipzig stets gern sehen wollen\u201c, frohlockt Volker Wulff. Einige deutsche Stars der Spring-Szene zieht es im Winter aber in die USA und in den Orient. Daher fehlen <a href=\"https:\/\/www.lvz.de\/sport\/springreiter-richard-vogel-gewinnt-gold-bei-der-em-T3CB66LZ5RFQFKT47X3VTZZLR4.html\" target=\"_blank\" rel=\"noreferrer noopener\" title=\"https:\/\/www.lvz.de\/sport\/springreiter-richard-vogel-gewinnt-gold-bei-der-em-T3CB66LZ5RFQFKT47X3VTZZLR4.html\" data-vars-event-category=\"intext_link\" data-vars-event-action=\"click\" data-vars-event-label=\"https:\/\/www.lvz.de\/sport\/springreiter-richard-vogel-gewinnt-gold-bei-der-em-T3CB66LZ5RFQFKT47X3VTZZLR4.html\">Europameister Richard Vogel<\/a> sowie Christian Kuckuk, Daniel Deu\u00dfer, Sophie Hinners und Janne Friederike Meyer-Zimmermann, die allesamt zu den Top 50 der Welt z\u00e4hlen.<\/p>\n<p class=\"Textstyled__Text-sc-1cqv9mi-0 cLyiiX\">\u201eInsgesamt k\u00f6nnen wir mit den Feldern der Weltcups in Basel und Mechelen absolut mithalten\u201d, sagt der Engarde-Chef. Von den zehn besten Reiterinnen und Reitern der Weltcup-Gesamtwertung kommen f\u00fcnf nach Leipzig &#8211; mit Marvin J\u00fcngel und Michael K\u00f6lz werden zwei Sachsen die Weltcup-Pr\u00fcfung bestreiten. Kurzfristig passen musste Marcus Ehning. Der 51-J\u00e4hrige aus Borken ist Stammgast auf der Partner Pferd, hat sich aber das Knie verdreht. \u201eMit dickem Knie kann er zwar reiten, aber nicht springen. Diese Belastung ist momentan zu gro\u00df\u201c, bedauert Wulff. <\/p>\n<p class=\"Textstyled__Text-sc-1cqv9mi-0 cLyiiX\">Im Fahren freut sich der Turnier-Chef auf die Familienduelle Ijsbrand und Bram Chardon (Vater und Sohn) aus den Niederlanden sowie Christoph und Anna Sandmann (Vater und Tochter) aus Niedersachsen.<\/p>\n<p>Weiterlesen nach der Anzeige<\/p>\n<p>Weiterlesen nach der Anzeige<\/p>\n<p>Wie viel Preisgeld wird ausgesch\u00fcttet?<\/p>\n<p class=\"Textstyled__Text-sc-1cqv9mi-0 cLyiiX\">In den zahlreichen top besetzten Pr\u00fcfungen sind Preisgelder zwischen 650.000 und 700.000 Euro zu gewinnen. \u201eBei der Weltcup-Pr\u00fcfung am Sonntag haben wir um 15.000 auf \u00fcber 200.000 Euro zugelegt\u201c, so Volker Wulff. Der Gesamt-Etat liege bei 2,3 bis 2,4 Millionen Euro. \u201eAlles wird teurer, wir streichen nichts weg. Also ist das der h\u00f6chste Etat der Partner Pferd nach den drei Weltcup-Finals.\u201c <\/p>\n<p>Was sagen die Turnier-Macher?<\/p>\n<p class=\"Textstyled__Text-sc-1cqv9mi-0 cLyiiX\">\u201eDie Partner Pferd ist mehr als ein sportliches Gro\u00dfereignis. Sie ist wichtig f\u00fcr das Selbstbewusstsein der Menschen in Mitteldeutschland. Zudem hat Leipzig ein einzigartiges Publikum. Und ich erlebe alle Beteiligten immer mit gro\u00dfer Leidenschaft\u201c, meint Harald Langenfeld, Vorstandsvorsitzender der Sparkasse Leipzig. \u201eWir sind nach wie vor eine der gr\u00f6\u00dften Indoor-Reitveranstaltungen der Welt\u201c, erg\u00e4nzt Messe-Gesch\u00e4ftsf\u00fchrer Martin Buhl-Wagner. Und EnGarde-Chef Volker Wulff erg\u00e4nzt: \u201eJung und innovativ sind wir geblieben dank der jahrzehntelangen Partnerschaft zwischen Sparkasse, Messe und uns als sportlicher Veranstalter.\u201c<\/p>\n<p>Was wird in den Shows geboten?<\/p>\n<p class=\"Textstyled__Text-sc-1cqv9mi-0 cLyiiX\">Traditionell wird die Sparkassen-Gala das Publikum am Freitag bis Mitternacht in seinen Bann ziehen. Gleiches gilt f\u00fcr die Leipziger Pferdenacht am Sonnabend. Unter anderem ist das Landgest\u00fct Moritzburg wieder dabei, ebenso Miniatur-Pferde aus Frankreich und Show-Acts eines italienischen Pferde-K\u00fcnstlers.<\/p>\n<p>Weiterlesen nach der Anzeige<\/p>\n<p>Weiterlesen nach der Anzeige<\/p>\n<p>Gibt es noch Karten?<\/p>\n<p class=\"Textstyled__Text-sc-1cqv9mi-0 cLyiiX\">\u201eF\u00fcr Freitagabend, Sonnabend und Sonntag gibt es nur noch ganz wenige Restkarten. Die Leute stimmen also wieder mit den F\u00fc\u00dfen ab\u201c, sagt Buhl-Wagner. Wie die LVZ-Ticketgalerie mitteilte, gibt es f\u00fcr Freitag noch sechs Kombi-Tickets und zwei Abend-Karten. F\u00fcr Samstag ist nur noch eine Abendkarte zu haben. F\u00fcr den Final-Sonntag gibt es noch zwei Karten. Tickets f\u00fcr Donnerstag und Freitag (Tagesveranstaltung) k\u00f6nnen in der LVZ-Ticketgalerie <a href=\"https:\/\/www.ticketgalerie.de\/\" target=\"_blank\" rel=\"noreferrer noopener\" title=\"https:\/\/www.ticketgalerie.de\/\" data-vars-event-category=\"intext_link\" data-vars-event-action=\"click\" data-vars-event-label=\"https:\/\/www.ticketgalerie.de\/\">online<\/a> sowie in den Shops im Verlagsgeb\u00e4ude im Peterssteinweg sowie in der Hainstra\u00dfe (Barthels Hof).<\/p>\n<p>Was sagt der Newcomer des Jahres?<\/p>\n<p class=\"Textstyled__Text-sc-1cqv9mi-0 cLyiiX\">Springreiter Harm Lahde ist in den vergangenen Monaten unter die Top 200 der Weltrangliste vorgesto\u00dfen. \u201eEs ist wichtig, dass wir mit Stuttgart und Leipzig noch zwei F\u00fcnf-Sterne-Turniere in der Halle haben. Leider Gottes sind viele Standorte in Deutschland weggebrochen. Wir Reiter hoffen sehr, dass uns Leipzig noch lange erhalten bleibt. F\u00fcr mich ist es fast ein Heimspiel\u201c, sagte der 39-J\u00e4hrige aus Niedersachsen.<\/p>\n<p>Wird es wieder die LVZ-Schleifenkinder geben?<\/p>\n<p class=\"Textstyled__Text-sc-1cqv9mi-0 cLyiiX\">Die Partner Pferd ist ohne die Schleifenkinder der Leipziger Volkszeitung mittlerweile undenkbar. Wie jedes Jahr startete die LVZ Anfang Januar wieder den Aufruf, dass sich junge Reitsportbegeisterte der Region als Schleifenkind f\u00fcr die Siegerehrungen anmelden k\u00f6nnen. von gut 70 Bewerbungen hat eine Jury aus LVZ und Veranstalter acht Sieger ausgew\u00e4hlt \u2013 drei Jungen und f\u00fcnf M\u00e4dchen. <\/p>\n<p>Weiterlesen nach der Anzeige<\/p>\n<p>Weiterlesen nach der Anzeige<\/p>\n<p>Was wird noch auf der Partner Pferd geboten?<\/p>\n<p class=\"Textstyled__Text-sc-1cqv9mi-0 cLyiiX\">Die Mischung aus Sport, Show und Messe ist auch 2026 der Erfolg versprechende Dreiklang der Partner Pferd. In drei Hallen \u2013 also auf 60.000 Quadratmetern \u2013 werden rund 250 internationale Aussteller alles anbieten, was Pferdesportler und -besitzer brauchen k\u00f6nnten. Im Mittelpunkt des Rahmenprogramms stehen am Aktionsring am Freitag die Islandpferde. Am Donnerstag gibt es bei den Messe-Tickets und an den St\u00e4nden Rabattaktionen. Traditionell werden am Samstag auf dem \u201eForum Pferd\u201c spannende veterin\u00e4rmedizinische Vortr\u00e4ge geboten. <\/p>\n<p>Was ist neu?<\/p>\n<p class=\"Textstyled__Text-sc-1cqv9mi-0 cLyiiX\">F\u00fcr die Reiterinnen und Reiter gibt es einen zus\u00e4tzlichen Abreiteplatz, um in Ruhe mit den Pferden zu arbeiten. Erstmals werden am \u00f6ffentlichen Abreiteplatz zwei Info-Stewarts den Besuchern die Reitweise der Amateure und Profis erkl\u00e4ren und eventuelle Verst\u00f6\u00dfe gegen Regularien oder das Tierwohl vor Ort an den Weltverband melden und kl\u00e4ren.<\/p>\n<p class=\"Editorialstyled__Editorial-sc-1bfvh9l-0 cSmjnJ\">LVZ<\/p>\n","protected":false},"excerpt":{"rendered":"Leipzig. Die Partner Pferd ist auch 2026 neben der Fu\u00dfball-Bundesliga das erste Highlight im Leipziger Sportkalender \u2013 die&hellip;\n","protected":false},"author":2,"featured_media":712612,"comment_status":"","ping_status":"","sticky":false,"template":"","format":"standard","meta":{"footnotes":""},"categories":[1832],"tags":[3364,29,30,71,859],"class_list":{"0":"post-712611","1":"post","2":"type-post","3":"status-publish","4":"format-standard","5":"has-post-thumbnail","7":"category-leipzig","8":"tag-de","9":"tag-deutschland","10":"tag-germany","11":"tag-leipzig","12":"tag-sachsen"},"share_on_mastodon":{"url":"https:\/\/pubeurope.com\/@de\/115882336239564289","error":""},"_links":{"self":[{"href":"https:\/\/www.europesays.com\/de\/wp-json\/wp\/v2\/posts\/712611","targetHints":{"allow":["GET"]}}],"collection":[{"href":"https:\/\/www.europesays.com\/de\/wp-json\/wp\/v2\/posts"}],"about":[{"href":"https:\/\/www.europesays.com\/de\/wp-json\/wp\/v2\/types\/post"}],"author":[{"embeddable":true,"href":"https:\/\/www.europesays.com\/de\/wp-json\/wp\/v2\/users\/2"}],"replies":[{"embeddable":true,"href":"https:\/\/www.europesays.com\/de\/wp-json\/wp\/v2\/comments?post=712611"}],"version-history":[{"count":0,"href":"https:\/\/www.europesays.com\/de\/wp-json\/wp\/v2\/posts\/712611\/revisions"}],"wp:featuredmedia":[{"embeddable":true,"href":"https:\/\/www.europesays.com\/de\/wp-json\/wp\/v2\/media\/712612"}],"wp:attachment":[{"href":"https:\/\/www.europesays.com\/de\/wp-json\/wp\/v2\/media?parent=712611"}],"wp:term":[{"taxonomy":"category","embeddable":true,"href":"https:\/\/www.europesays.com\/de\/wp-json\/wp\/v2\/categories?post=712611"},{"taxonomy":"post_tag","embeddable":true,"href":"https:\/\/www.europesays.com\/de\/wp-json\/wp\/v2\/tags?post=712611"}],"curies":[{"name":"wp","href":"https:\/\/api.w.org\/{rel}","templated":true}]}}