{"id":712670,"date":"2026-01-12T13:52:11","date_gmt":"2026-01-12T13:52:11","guid":{"rendered":"https:\/\/www.europesays.com\/de\/712670\/"},"modified":"2026-01-12T13:52:11","modified_gmt":"2026-01-12T13:52:11","slug":"machthaber-von-kuba-warnt-trump-verteidigen-uns-bis-zum-letzten-tropfen-blut-politik","status":"publish","type":"post","link":"https:\/\/www.europesays.com\/de\/712670\/","title":{"rendered":"Machthaber von Kuba warnt Trump: \u201eVerteidigen uns bis zum letzten Tropfen Blut\u201c | Politik"},"content":{"rendered":"<p>Havanna\/Washington \u2013 <b>Kubas Machthaber Miguel D\u00edaz-Canel reagiert deutlich auf Drohungen der USA gegen den karibischen Inselstaat! Die Kubaner seien \u201ebereit, die Heimat bis zum letzten Tropfen Blut zu verteidigen\u201c.<\/b><\/p>\n<p>Nach der Intervention in Venezuela dr\u00e4ngt US-Pr\u00e4sident <a href=\"https:\/\/www.bild.de\/politik\/leute\/donald-trump\/thema-donald-trump-alle-infos-80018378.bild.html\" class=\"text-link\" target=\"_blank\" rel=\"noopener\">Donald Trump<\/a> Kuba zu einem Abkommen mit den USA. Er warnte am Sonntag auf seiner Plattform Truth Social, der Inselstaat werde k\u00fcnftig kein \u00d6l und kein Geld mehr aus <a href=\"https:\/\/www.bild.de\/themen\/orte\/venezuela\/nachrichten-news-fotos-videos-17303076.bild.html\" class=\"text-link\" target=\"_blank\" rel=\"noopener\">Venezuela<\/a> erhalten, Kubas gr\u00f6\u00dftem \u00d6llieferanten. Kuba rate er dringend zu einem Abkommen, bevor es zu sp\u00e4t sei, schrieb Trump. <\/p>\n<p>Mehr zum Thema<\/p>\n<p>Doch Trump st\u00f6\u00dft auf erbitterten Widerstand! <\/p>\n<p>Kubas Machthaber antwortete, die USA h\u00e4tten keine moralische Autorit\u00e4t, Kuba ein Abkommen aufzuzwingen. \u201eKuba greift nicht an \u2013 es wird seit 66 Jahren von den USA angegriffen.\u201c Der Inselstaat sei eine freie und unabh\u00e4ngige Nation, so D\u00edaz-Canel weiter. Er regiert seit 2018 das bitterarme Land, das seit den 1960er Jahren einem US-Handelsembargo unterliegt. <\/p>\n<p><b>Hintergrund:<\/b> Nach der Festnahme des venezolanischen Diktators Nicol\u00e1s Maduro durch US-Truppen hat Trump die \u00dcbergangspr\u00e4sidentin Delcy Rodriguez (56) aufgefordert, venezolanisches \u00d6l in die USA zu liefern \u2013 worunter Kuba leiden k\u00f6nnte. <\/p>\n<p>Kuba ist von venezolanischem Erd\u00f6l abh\u00e4ngig<\/p>\n<p>Die Importe aus Venezuela machten in Kuba bislang etwa 30 Prozent der ohnehin knappen \u00d6lversorgung aus. Das kommunistische Land leidet unter einer schweren Wirtschaftskrise, es kommt regelm\u00e4\u00dfig zu l\u00e4ngeren Stromausf\u00e4llen. Die Stromversorgung beruht der Internationalen Energieagentur (IEA) zufolge zu 83 Prozent auf \u00d6l und zu knapp 13 Prozent auf Erdgas.<\/p>\n<p><img decoding=\"async\" width=\"992\" height=\"558\" alt=\"US-Pr\u00e4sident Donald Trump (79) hatte Kuba gedroht \u2013 der Machthaber des kommunistischen Staates antwortet nun eine martialische Ansage\" src=\"https:\/\/www.europesays.com\/de\/wp-content\/uploads\/2026\/01\/43d7313e27fbba27ec7b02e192ba1efe,4bf6bb63.jpeg\"   class=\"landscape\" loading=\"lazy\"\/><\/p>\n<p class=\"fig__caption__text\">US-Pr\u00e4sident Donald Trump (79) hatte Kuba gedroht \u2013 der Machthaber des kommunistischen Staates antwortet nun mit einer martialischen Ansage<\/p>\n<p>Foto: UPI\/laif<\/p>\n<p>Der US-Geheimdienst CIA ist der Ansicht, dass wichtige Sektoren der kubanischen Wirtschaft, wie Landwirtschaft und Tourismus, durch die h\u00e4ufigen Stromausf\u00e4lle, Handelssanktionen und andere Probleme stark belastet sind. Der drohende Verlust von \u00d6limporten und anderer Unterst\u00fctzung aus Venezuela k\u00f6nne der kommunistischen F\u00fchrung erheblich zusetzen. <\/p>\n<p>Und: Trump hat offenbar schon eine Idee, wie ein Wechsel an der F\u00fchrungsspitze des Landes aussehen k\u00f6nnte: Als Reaktion auf einen (nicht ganz ernst gemeinten) Vorschlag eines Nutzers auf seiner Plattform Truth Social, man k\u00f6nne doch Au\u00dfenminister Marco Rubio (54) als neuen Pr\u00e4sidenten Kubas einsetzen, schrieb der US-Pr\u00e4sident: \u201eKlingt gut f\u00fcr mich\u201c. <\/p>\n<p>Die Feindschaft zwischen den USA und Kuba reicht zur\u00fcck bis zur Revolution von Fidel Castro 1959. Seit Jahrzehnten sanktioniert die Regierung in Washington den Inselstaat.<\/p>\n","protected":false},"excerpt":{"rendered":"Havanna\/Washington \u2013 Kubas Machthaber Miguel D\u00edaz-Canel reagiert deutlich auf Drohungen der USA gegen den karibischen Inselstaat! Die Kubaner&hellip;\n","protected":false},"author":2,"featured_media":712671,"comment_status":"","ping_status":"","sticky":false,"template":"","format":"standard","meta":{"footnotes":""},"categories":[3],"tags":[13,4047,93118,14,15,12,138370,45,10,8,9,11,1017,64,1700,103,104],"class_list":{"0":"post-712670","1":"post","2":"type-post","3":"status-publish","4":"format-standard","5":"has-post-thumbnail","7":"category-welt","8":"tag-headlines","9":"tag-kuba","10":"tag-maduro-nicolas","11":"tag-nachrichten","12":"tag-news","13":"tag-schlagzeilen","14":"tag-team-first","15":"tag-texttospeech","16":"tag-top-news","17":"tag-top-meldungen","18":"tag-topmeldungen","19":"tag-topnews","20":"tag-trump-donald","21":"tag-usa","22":"tag-venezuela","23":"tag-welt","24":"tag-world"},"share_on_mastodon":{"url":"https:\/\/pubeurope.com\/@de\/115882462129264460","error":""},"_links":{"self":[{"href":"https:\/\/www.europesays.com\/de\/wp-json\/wp\/v2\/posts\/712670","targetHints":{"allow":["GET"]}}],"collection":[{"href":"https:\/\/www.europesays.com\/de\/wp-json\/wp\/v2\/posts"}],"about":[{"href":"https:\/\/www.europesays.com\/de\/wp-json\/wp\/v2\/types\/post"}],"author":[{"embeddable":true,"href":"https:\/\/www.europesays.com\/de\/wp-json\/wp\/v2\/users\/2"}],"replies":[{"embeddable":true,"href":"https:\/\/www.europesays.com\/de\/wp-json\/wp\/v2\/comments?post=712670"}],"version-history":[{"count":0,"href":"https:\/\/www.europesays.com\/de\/wp-json\/wp\/v2\/posts\/712670\/revisions"}],"wp:featuredmedia":[{"embeddable":true,"href":"https:\/\/www.europesays.com\/de\/wp-json\/wp\/v2\/media\/712671"}],"wp:attachment":[{"href":"https:\/\/www.europesays.com\/de\/wp-json\/wp\/v2\/media?parent=712670"}],"wp:term":[{"taxonomy":"category","embeddable":true,"href":"https:\/\/www.europesays.com\/de\/wp-json\/wp\/v2\/categories?post=712670"},{"taxonomy":"post_tag","embeddable":true,"href":"https:\/\/www.europesays.com\/de\/wp-json\/wp\/v2\/tags?post=712670"}],"curies":[{"name":"wp","href":"https:\/\/api.w.org\/{rel}","templated":true}]}}