{"id":712721,"date":"2026-01-12T14:25:11","date_gmt":"2026-01-12T14:25:11","guid":{"rendered":"https:\/\/www.europesays.com\/de\/712721\/"},"modified":"2026-01-12T14:25:11","modified_gmt":"2026-01-12T14:25:11","slug":"kultur-highlights-europa-die-besten-dinge-dieser-woche-zum-tun-hoeren-sehen-oder-anschauen","status":"publish","type":"post","link":"https:\/\/www.europesays.com\/de\/712721\/","title":{"rendered":"Kultur-Highlights Europa: Die besten Dinge dieser Woche zum Tun, H\u00f6ren, Sehen oder Anschauen"},"content":{"rendered":"<p>Eine funkelnde Feier des Art D\u00e9co in Paris, die R\u00fcckkehr der Infizierten in \u201928 Years Later: The Bone Temple\u2018 und ein neues Game of Thrones-Spin-off. Hier ist, worauf man diese Woche achten sollte.<\/p>\n<p>Der erste Monat eines neuen Jahres geht stets mit viel Reflexion einher, etwas, das sich in den R\u00fcckblicken und Gedenkfeiern widerspiegelt, die \u00fcber den gesamten Kontinent stattfinden. Von W\u00fcrdigungen des Art D\u00e9co bis hin zu einer Wiederbelebung des bahnbrechenden 1986-Buchs von Nan Goldin, \u201aThe Ballad of Sexual Dependency\u2018, ist dies eine Zeit, um zur\u00fcckzublicken und neue Perspektiven zu finden, die in die Zukunft weisen.<\/p>\n<p>W\u00e4hrend der n\u00e4chste Teil von Alex Garlands Rage-Virus-Serie in die Kinos kommt, ist es auch eine bessere Zeit denn je, sich die weniger bekannten europ\u00e4ischen Filme anzusehen, die f\u00fcr die kommenden <strong>European Film Awards (EFAs)<\/strong> nominiert sind. Die Preisverleihung findet diesen Samstag (16. Januar) statt; unser festangestellter Filmkritiker David Mouriquand wird live aus Berlin berichten, bleib also dran, um mehr \u00fcber die Gewinner zu erfahren (und in der Zwischenzeit unsere Rezensionen zu den Favoriten <strong>Sentimental Value<\/strong>, <strong>Sirat<\/strong> und <strong>It Was Just An Accident<\/strong> zu lesen).<\/p>\n<p>Schlie\u00dflich, wenn Sie nach neuer Musik suchen, die die emotionale Wirbelsturm des Januars voller lustloser Nostalgie und vergorener Aufregung treffend widerspiegelt, haben Xiu Xiu das f\u00fcr Sie \u2013 und eine ganze Reihe ikonischer Songs \u2013 auf Lager.<\/p>\n<p>Bis zum n\u00e4chsten Mal genie\u00dfen Sie die Empfehlungen dieser Woche.<\/p>\n<p>Ausstellungen<\/p>\n<p><strong>Nan Goldin: The Ballad of Sexual Dependency<\/strong><\/p>\n<p><strong>When:<\/strong> 13. Januar\u201321. M\u00e4rz 2026<\/p>\n<p><strong>Where:<\/strong> Gagosian Davies Street (London, UK)<\/p>\n<p>Eine der ber\u00fchmtesten Fotografinnen unserer Zeit, hat Nan Goldin \u00fcber f\u00fcnf Jahrzehnte hinweg die Beziehungen und Innenwelten von Fremden mit einer intimen poetischen Sensibilit\u00e4t dokumentiert; Momentaufnahmen der stillen Sekunden, die die Menschheit definieren. Ihr 1986er Buch \u201eThe Ballad of Sexual Dependency\u201c bleibt ein Meilenstein ihrer Karriere, den Londons Gagosian-Galerie zum 40. Jubil\u00e4um durch die Ausstellung seiner 126 Bilder feiert \u2013 ein bisheriges Deb\u00fct im Vereinigten K\u00f6nigreich. Von Paaren im Bett bis zu reflektierenden Feiernden fangen Goldins Werke das Wesen ihrer Zeit ein; eine \u00c4ra in New York, die von verlorenen Seelen gepr\u00e4gt war, die sich in einem Dunst von Zigarettengeschmack und Lurex verbanden.<\/p>\n<p><strong>1925-2025. Ein Jahrhundert Art D\u00e9co<\/strong><\/p>\n","protected":false},"excerpt":{"rendered":"Eine funkelnde Feier des Art D\u00e9co in Paris, die R\u00fcckkehr der Infizierten in \u201928 Years Later: The Bone&hellip;\n","protected":false},"author":2,"featured_media":712722,"comment_status":"","ping_status":"","sticky":false,"template":"","format":"standard","meta":{"footnotes":""},"categories":[3933],"tags":[331,332,26644,20976,12391,20616,97418,548,663,158,3934,3935,13,85028,164266,14,15,20649,12,142723,164267,6152,106914],"class_list":{"0":"post-712721","1":"post","2":"type-post","3":"status-publish","4":"format-standard","5":"has-post-thumbnail","7":"category-eu","8":"tag-aktuelle-nachrichten","9":"tag-aktuelle-news","10":"tag-anschauen","11":"tag-besten","12":"tag-die","13":"tag-dieser","14":"tag-dinge","15":"tag-eu","16":"tag-europa","17":"tag-europaeische-union","18":"tag-europe","19":"tag-european-union","20":"tag-headlines","21":"tag-hoeren","22":"tag-kulturhighlights","23":"tag-nachrichten","24":"tag-news","25":"tag-oder","26":"tag-schlagzeilen","27":"tag-sehen","28":"tag-tun","29":"tag-woche","30":"tag-zum"},"share_on_mastodon":{"url":"https:\/\/pubeurope.com\/@de\/115882591888654445","error":""},"_links":{"self":[{"href":"https:\/\/www.europesays.com\/de\/wp-json\/wp\/v2\/posts\/712721","targetHints":{"allow":["GET"]}}],"collection":[{"href":"https:\/\/www.europesays.com\/de\/wp-json\/wp\/v2\/posts"}],"about":[{"href":"https:\/\/www.europesays.com\/de\/wp-json\/wp\/v2\/types\/post"}],"author":[{"embeddable":true,"href":"https:\/\/www.europesays.com\/de\/wp-json\/wp\/v2\/users\/2"}],"replies":[{"embeddable":true,"href":"https:\/\/www.europesays.com\/de\/wp-json\/wp\/v2\/comments?post=712721"}],"version-history":[{"count":0,"href":"https:\/\/www.europesays.com\/de\/wp-json\/wp\/v2\/posts\/712721\/revisions"}],"wp:featuredmedia":[{"embeddable":true,"href":"https:\/\/www.europesays.com\/de\/wp-json\/wp\/v2\/media\/712722"}],"wp:attachment":[{"href":"https:\/\/www.europesays.com\/de\/wp-json\/wp\/v2\/media?parent=712721"}],"wp:term":[{"taxonomy":"category","embeddable":true,"href":"https:\/\/www.europesays.com\/de\/wp-json\/wp\/v2\/categories?post=712721"},{"taxonomy":"post_tag","embeddable":true,"href":"https:\/\/www.europesays.com\/de\/wp-json\/wp\/v2\/tags?post=712721"}],"curies":[{"name":"wp","href":"https:\/\/api.w.org\/{rel}","templated":true}]}}