{"id":712805,"date":"2026-01-12T15:09:16","date_gmt":"2026-01-12T15:09:16","guid":{"rendered":"https:\/\/www.europesays.com\/de\/712805\/"},"modified":"2026-01-12T15:09:16","modified_gmt":"2026-01-12T15:09:16","slug":"bushido-verraet-wer-den-dj-macht","status":"publish","type":"post","link":"https:\/\/www.europesays.com\/de\/712805\/","title":{"rendered":"Bushido verr\u00e4t, wer den DJ macht"},"content":{"rendered":"<p>Heute Abend startet <a href=\"https:\/\/hiphop.de\/bushido\" rel=\" noopener nofollow\" target=\"_blank\">Bushido<\/a>s &#8222;Alles wird gut&#8220;-Tour mit dem Auftaktkonzert in Berlin. Bis zuletzt gab es einige Unklarheiten und Spekulationen bez\u00fcglich der <a href=\"https:\/\/hiphop.de\/magazin\/news\/nach-letzter-tour-2024-wieso-bushido-doch-nochmal-auf-abschiedstour-geht-416467\" rel=\" noopener nofollow\" target=\"_blank\">als letzte Tour angek\u00fcndigten<\/a> Konzertreihe. Unter anderem war nicht klar, wer Bushido dieses Mal als DJ begleiten wird. In der Vergangenheit hatte unter anderem Marvin California diese Rolle eingenommen, die beiden haben inzwischen jedoch <a href=\"https:\/\/hiphop.de\/magazin\/news\/electro-ghetto-mit-bushido-marvin-california-liefert-details-zum-podcast-aus-414823\" rel=\" noopener nofollow\" target=\"_blank\">ein angespanntes Verh\u00e4ltnis<\/a>. Mit dieser und weiteren Fragen rund um das Ganze r\u00e4umt Bushido jetzt auf.<\/p>\n<p>&#8222;Alles wird gut&#8220;-Tour: Bushido beantwortet Fragen zum DJ &amp; mehr<\/p>\n<p>Bei Twitter hielten sich zuletzt noch Spekulationen, dass Bushido seine anstehende Tournee wom\u00f6glich sogar noch absagen w\u00fcrde, so still war es zeitweise um das Thema geworden. Doch dies scheint nicht der Fall zu sein. Am Wochenende teilte Bushido in seiner Story Aufnahmen von ersten Proben und jetzt steht er seiner Followerschaft bei einer Fragerunde Rede und Antwort.<\/p>\n<p>Demnach wird ihn, wie in fr\u00fcheren Jahren, <a href=\"https:\/\/hiphop.de\/dj-gan-g\" rel=\" noopener nofollow\" target=\"_blank\">Gan-G<\/a> auf seiner Abschlusstour als DJ begleiten. Bushido sei &#8222;sehr happy&#8220; sich noch einmal die B\u00fchne mit seinem einstigen Weggef\u00e4hrten teilen zu k\u00f6nnen. Ebenfalls vor Ort werden seine Frau Anna-Maria und die gemeinsamen Kinder sein, die sich dem <a href=\"https:\/\/hiphop.de\/magazin\/news\/bushido-anna-maria-leben-jetzt-in-muenchen-416919\" rel=\" noopener nofollow\" target=\"_blank\">Wahl-M\u00fcnchener<\/a> zufolge um den Merchandising-Stand k\u00fcmmern. Auf einen Livestream der Auftaktshow wird dieses Mal hingegen verzichtet. Wer als Backup-Rapper am Start ist, und ob es \u00fcberhaupt einen geben wird, l\u00e4sst Bushido offen. Bei der &#8222;K\u00f6nig f\u00fcr immer&#8220;-Tour hatte er 2024 <a href=\"https:\/\/hiphop.de\/magazin\/news\/bushido-tour-animus-rechtfertigt-seine-backup-rolle-409126\" rel=\" noopener nofollow\" target=\"_blank\">Animus dabei<\/a>.<\/p>\n<p>Auf die Frage, ob er denn sein altes Leben in Berlin und die Leute aus dieser Zeit vermisse, antwortet Bushido ebenfalls. Mit einem klaren Nein: &#8222;Keine Sekunde. Weder die Zeit, noch die Leute.&#8220;\u00a0Nichtsdestotrotz wolle er bei den Konzerten auch \u00e4ltere Songs, wohl aus besagter Zeit, spielen.<\/p>\n<p>Seine grunds\u00e4tzliche Stimmung in Bezug auf die Tour beschreibt er so:<\/p>\n","protected":false},"excerpt":{"rendered":"Heute Abend startet Bushidos &#8222;Alles wird gut&#8220;-Tour mit dem Auftaktkonzert in Berlin. Bis zuletzt gab es einige Unklarheiten&hellip;\n","protected":false},"author":2,"featured_media":712806,"comment_status":"","ping_status":"","sticky":false,"template":"","format":"standard","meta":{"footnotes":"","_share_on_mastodon":"0"},"categories":[1772],"tags":[25437,164283,1266,29,2131,164282,214,17162,30,4006,1779,810,15,2138,1406,2884,215],"class_list":["post-712805","post","type-post","status-publish","format-standard","has-post-thumbnail","category-musik","tag-dj","tag-alles-wird-gut","tag-bushido","tag-deutschland","tag-deutschrap","tag-dj-gan-g","tag-entertainment","tag-fragen","tag-germany","tag-live","tag-music","tag-musik","tag-news","tag-rap","tag-tickets","tag-tour","tag-unterhaltung"],"share_on_mastodon":{"url":"https:\/\/pubeurope.com\/@de\/115882765059146839","error":""},"_links":{"self":[{"href":"https:\/\/www.europesays.com\/de\/wp-json\/wp\/v2\/posts\/712805","targetHints":{"allow":["GET"]}}],"collection":[{"href":"https:\/\/www.europesays.com\/de\/wp-json\/wp\/v2\/posts"}],"about":[{"href":"https:\/\/www.europesays.com\/de\/wp-json\/wp\/v2\/types\/post"}],"author":[{"embeddable":true,"href":"https:\/\/www.europesays.com\/de\/wp-json\/wp\/v2\/users\/2"}],"replies":[{"embeddable":true,"href":"https:\/\/www.europesays.com\/de\/wp-json\/wp\/v2\/comments?post=712805"}],"version-history":[{"count":0,"href":"https:\/\/www.europesays.com\/de\/wp-json\/wp\/v2\/posts\/712805\/revisions"}],"wp:featuredmedia":[{"embeddable":true,"href":"https:\/\/www.europesays.com\/de\/wp-json\/wp\/v2\/media\/712806"}],"wp:attachment":[{"href":"https:\/\/www.europesays.com\/de\/wp-json\/wp\/v2\/media?parent=712805"}],"wp:term":[{"taxonomy":"category","embeddable":true,"href":"https:\/\/www.europesays.com\/de\/wp-json\/wp\/v2\/categories?post=712805"},{"taxonomy":"post_tag","embeddable":true,"href":"https:\/\/www.europesays.com\/de\/wp-json\/wp\/v2\/tags?post=712805"}],"curies":[{"name":"wp","href":"https:\/\/api.w.org\/{rel}","templated":true}]}}