{"id":713001,"date":"2026-01-12T16:56:40","date_gmt":"2026-01-12T16:56:40","guid":{"rendered":"https:\/\/www.europesays.com\/de\/713001\/"},"modified":"2026-01-12T16:56:40","modified_gmt":"2026-01-12T16:56:40","slug":"wuppertal-als-erinnerungsraum-ortheils-neuer-roman-schwebebahnen","status":"publish","type":"post","link":"https:\/\/www.europesays.com\/de\/713001\/","title":{"rendered":"Wuppertal als Erinnerungsraum: Ortheils neuer Roman \u201eSchwebebahnen\u201c"},"content":{"rendered":"<p class=\"text_ohne_einzug richtext text-em-55 !leading-serif mx-6 desktop:mx-0\">Der kleine Josef ist ein seltsames Kind. Er spielt nicht gerne mit den anderen Jungs Fu\u00dfball, sondern setzt sich lieber stundenlang ans Klavier. Statt zu sprechen, schreibt er f\u00fcr sich Geschichten auf. Nach dem Umzug seiner Familie von K\u00f6ln nach Wuppertal bleibt Josef durch seine introvertierte Art und seine au\u00dfergew\u00f6hnlichen Begabungen ein Einzelg\u00e4nger.<\/p>\n","protected":false},"excerpt":{"rendered":"Der kleine Josef ist ein seltsames Kind. Er spielt nicht gerne mit den anderen Jungs Fu\u00dfball, sondern setzt&hellip;\n","protected":false},"author":2,"featured_media":713002,"comment_status":"","ping_status":"","sticky":false,"template":"","format":"standard","meta":{"footnotes":""},"categories":[1840],"tags":[8955,3364,29,3911,30,16699,109123,1460,18449,164307,8255,1209,1795,17128,36508,4418],"class_list":{"0":"post-713001","1":"post","2":"type-post","3":"status-publish","4":"format-standard","5":"has-post-thumbnail","7":"category-wuppertal","8":"tag-befreiung","9":"tag-de","10":"tag-deutschland","11":"tag-freundschaft","12":"tag-germany","13":"tag-gespielt","14":"tag-hanns-josef-ortheil","15":"tag-kind","16":"tag-kindheit","17":"tag-kindliche","18":"tag-klavier","19":"tag-nordrhein-westfalen","20":"tag-roman","21":"tag-schwebebahn","22":"tag-spielt","23":"tag-wuppertal"},"share_on_mastodon":{"url":"https:\/\/pubeurope.com\/@de\/115883185545453829","error":""},"_links":{"self":[{"href":"https:\/\/www.europesays.com\/de\/wp-json\/wp\/v2\/posts\/713001","targetHints":{"allow":["GET"]}}],"collection":[{"href":"https:\/\/www.europesays.com\/de\/wp-json\/wp\/v2\/posts"}],"about":[{"href":"https:\/\/www.europesays.com\/de\/wp-json\/wp\/v2\/types\/post"}],"author":[{"embeddable":true,"href":"https:\/\/www.europesays.com\/de\/wp-json\/wp\/v2\/users\/2"}],"replies":[{"embeddable":true,"href":"https:\/\/www.europesays.com\/de\/wp-json\/wp\/v2\/comments?post=713001"}],"version-history":[{"count":0,"href":"https:\/\/www.europesays.com\/de\/wp-json\/wp\/v2\/posts\/713001\/revisions"}],"wp:featuredmedia":[{"embeddable":true,"href":"https:\/\/www.europesays.com\/de\/wp-json\/wp\/v2\/media\/713002"}],"wp:attachment":[{"href":"https:\/\/www.europesays.com\/de\/wp-json\/wp\/v2\/media?parent=713001"}],"wp:term":[{"taxonomy":"category","embeddable":true,"href":"https:\/\/www.europesays.com\/de\/wp-json\/wp\/v2\/categories?post=713001"},{"taxonomy":"post_tag","embeddable":true,"href":"https:\/\/www.europesays.com\/de\/wp-json\/wp\/v2\/tags?post=713001"}],"curies":[{"name":"wp","href":"https:\/\/api.w.org\/{rel}","templated":true}]}}