{"id":71301,"date":"2025-04-29T18:55:11","date_gmt":"2025-04-29T18:55:11","guid":{"rendered":"https:\/\/www.europesays.com\/de\/71301\/"},"modified":"2025-04-29T18:55:11","modified_gmt":"2025-04-29T18:55:11","slug":"schon-laenger-geschieden-bergdoktor-star-mark-keller-verraet-ein-geheimnis","status":"publish","type":"post","link":"https:\/\/www.europesays.com\/de\/71301\/","title":{"rendered":"&#8222;Schon l\u00e4nger geschieden&#8220;: &#8222;Bergdoktor&#8220;-Star Mark Keller verr\u00e4t ein Geheimnis"},"content":{"rendered":"<p>                    &#8222;Schon l\u00e4nger geschieden&#8220;<br \/>\n                &#8222;Bergdoktor&#8220;-Star Mark Keller verr\u00e4t ein Geheimnis<\/p>\n<p>\t\t\t\t              29.04.2025, 18:59 Uhr<\/p>\n<p>\t\t\t\t\t       Artikel anh\u00f6ren<\/p>\n<p>\t\t\t\t\t\t\tDiese Audioversion wurde k\u00fcnstlich generiert. <a href=\"https:\/\/www.n-tv.de\/23249898\" target=\"_blank\" rel=\"noopener\">Mehr Infos<\/a><\/p>\n<p><strong>Er ist der beste Freund vom &#8222;Bergdoktor&#8220;. Jedenfalls in der gleichnamigen Serie. In ihr verk\u00f6rpert Mark Keller den Klinikarzt Alexander Kahnweiler, der dem Titelhelden Martin Gruber regelm\u00e4\u00dfig zur Seite steht. Privat plaudert der Schauspieler nun ein pikantes Detail aus.<\/strong><\/p>\n<p>&#8222;Bergdoktor&#8220;-Star Mark Keller hat zum ersten Mal \u00f6ffentlich \u00fcber die Scheidung von seiner Frau T\u00fclin Keller gesprochen. Im Interview mit der Zeitschrift &#8222;Bunte&#8220; erkl\u00e4rt er: &#8222;Ich bin schon l\u00e4nger geschieden, habe das aber bisher nie erz\u00e4hlt, weil ich keine gro\u00dfe Geschichte daraus machen wollte.&#8220;<\/p>\n<p>Der Schauspieler ist schon lange wieder in einer neuen Beziehung. &#8222;Anna und ich leben seit 13 Jahren zusammen. Sie ist ein sehr zur\u00fcckhaltender Mensch, mag die \u00d6ffentlichkeit nicht, aber sie macht alles f\u00fcr mich und meine Familie&#8220;, sagt er \u00fcber seine aktuelle Lebensgef\u00e4hrtin. <\/p>\n<p>  <a href=\"https:\/\/www.europesays.com\/de\/wp-content\/uploads\/2025\/04\/396459994.jpg\">     <img decoding=\"async\" alt=\"Privat lebt Keller seit vielen Jahren in einer neuen Partnerschaft.\" src=\"https:\/\/www.europesays.com\/de\/wp-content\/uploads\/2025\/04\/396459994.jpg\" class=\"lazyload\"\/>  <\/a>  <\/p>\n<p class=\"article__aside__caption\">Privat lebt Keller seit vielen Jahren in einer neuen Partnerschaft.<\/p>\n<p class=\"article__aside__copy\">(Foto: picture alliance \/ dpa)<\/p>\n<p>Ihm sei wichtig, zu betonen, dass alle miteinander im Reinen seien, macht Mark Keller deutlich. Schlie\u00dflich verbinde ihn auch mit der Mutter seiner Kinder &#8222;eine lange Geschichte&#8220;. <\/p>\n<p>Mit den S\u00f6hnen auf Social Media aktiv<\/p>\n<p>In seiner neuen Partnerschaft habe es sich jedoch irgendwann nicht mehr richtig angef\u00fchlt, mit einer anderen Frau verheiratet zu bleiben. &#8222;Es gab Situationen, wo Anna neben mir sa\u00df und mich Leute gefragt haben, wie es meiner Frau geht&#8220;, sagt Keller. Das habe er seiner Lebensgef\u00e4hrtin gegen\u00fcber als unfair empfunden, &#8222;denn sie teilt mein Leben, sie ist die Frau, die ich liebe&#8220;. <\/p>\n<p>Mark Keller hatte seine heutige Ex-Ehefrau 1992 geheiratet. Mit ihr hat er die beiden S\u00f6hne Joshua (29) und Aaron (32). Zusammen mit ihnen bildet er im Internet auch das Trio &#8222;Los Kelleros&#8220;, das seine Fans regelm\u00e4\u00dfig mit kurzen Tanz-Clips in den sozialen Netzwerken begl\u00fcckt.<\/p>\n<p>Seine Ex-Frau ist chronisch krank<\/p>\n<p>2021 offenbarte Keller in einem Interview mit &#8222;Bunte&#8220;, dass die Mutter seiner Kinder schwer krank sei. &#8222;T\u00fclin ist seit Jahren ein Pflegefall. Sie hat seit 20 Jahren eine schwere, chronische Krankheit&#8220;, berichtete der Schauspieler damals. &#8222;Meine Jungs und ich sind auch deswegen so ein eingeschwei\u00dftes Team, weil sie mich schon zu Schulzeiten oft begleitet haben, als T\u00fclin krank wurde.&#8220;<\/p>\n<p>Als Schauspieler ist Mark Keller seit 2008 Teil der Kult-Serie &#8222;Der Bergdoktor&#8220;. In ihr spielt er den Klinik-Chefarzt Alexander Kahnweiler. Er ist nicht nur der beste Kumpel des von Hans Sigl dargestellten Mediziners Martin Gruber. Er greift dem &#8222;Bergdoktor&#8220; oftmals auch bei der Behandlung seiner Patienten unter die Arme.<\/p>\n<p>Auch den Fans von &#8222;Let&#8217;s Dance&#8220; ist Mark Keller vertraut. Im vergangenen Jahr nahm er an der Tanz-Show bei RTL <a href=\"https:\/\/plus.rtl.de\/video-tv\/shows\/lets-dance-145232?utm_campaign=textlink&amp;utm_source=ntv&amp;utm_medium=owned&amp;utm_term=lets-dance\" rel=\"Follow noopener\" target=\"_blank\">und auf RTL+<\/a> teil. An der Seite von Profit\u00e4nzerin Kathrin Menzinger schaffte er es bis auf den sechsten Platz. <\/p>\n","protected":false},"excerpt":{"rendered":"&#8222;Schon l\u00e4nger geschieden&#8220; &#8222;Bergdoktor&#8220;-Star Mark Keller verr\u00e4t ein Geheimnis 29.04.2025, 18:59 Uhr Artikel anh\u00f6ren Diese Audioversion wurde k\u00fcnstlich&hellip;\n","protected":false},"author":2,"featured_media":71302,"comment_status":"","ping_status":"","sticky":false,"template":"","format":"standard","meta":{"footnotes":""},"categories":[155],"tags":[29,214,9973,30,811,684,215,1448],"class_list":{"0":"post-71301","1":"post","2":"type-post","3":"status-publish","4":"format-standard","5":"has-post-thumbnail","7":"category-unterhaltung","8":"tag-deutschland","9":"tag-entertainment","10":"tag-fernsehserie","11":"tag-germany","12":"tag-promi-paare","13":"tag-tv","14":"tag-unterhaltung","15":"tag-zdf"},"share_on_mastodon":{"url":"https:\/\/pubeurope.com\/@de\/114422777557291552","error":""},"_links":{"self":[{"href":"https:\/\/www.europesays.com\/de\/wp-json\/wp\/v2\/posts\/71301","targetHints":{"allow":["GET"]}}],"collection":[{"href":"https:\/\/www.europesays.com\/de\/wp-json\/wp\/v2\/posts"}],"about":[{"href":"https:\/\/www.europesays.com\/de\/wp-json\/wp\/v2\/types\/post"}],"author":[{"embeddable":true,"href":"https:\/\/www.europesays.com\/de\/wp-json\/wp\/v2\/users\/2"}],"replies":[{"embeddable":true,"href":"https:\/\/www.europesays.com\/de\/wp-json\/wp\/v2\/comments?post=71301"}],"version-history":[{"count":0,"href":"https:\/\/www.europesays.com\/de\/wp-json\/wp\/v2\/posts\/71301\/revisions"}],"wp:featuredmedia":[{"embeddable":true,"href":"https:\/\/www.europesays.com\/de\/wp-json\/wp\/v2\/media\/71302"}],"wp:attachment":[{"href":"https:\/\/www.europesays.com\/de\/wp-json\/wp\/v2\/media?parent=71301"}],"wp:term":[{"taxonomy":"category","embeddable":true,"href":"https:\/\/www.europesays.com\/de\/wp-json\/wp\/v2\/categories?post=71301"},{"taxonomy":"post_tag","embeddable":true,"href":"https:\/\/www.europesays.com\/de\/wp-json\/wp\/v2\/tags?post=71301"}],"curies":[{"name":"wp","href":"https:\/\/api.w.org\/{rel}","templated":true}]}}