{"id":713101,"date":"2026-01-12T17:51:13","date_gmt":"2026-01-12T17:51:13","guid":{"rendered":"https:\/\/www.europesays.com\/de\/713101\/"},"modified":"2026-01-12T17:51:13","modified_gmt":"2026-01-12T17:51:13","slug":"scharfe-kritik-an-deutschem-kriegsfilm","status":"publish","type":"post","link":"https:\/\/www.europesays.com\/de\/713101\/","title":{"rendered":"Scharfe Kritik an deutschem Kriegsfilm"},"content":{"rendered":"<p><img decoding=\"async\" class=\"watson-snippet__image bg-grey-10 block h-auto w-full \" src=\"https:\/\/www.europesays.com\/de\/wp-content\/uploads\/2026\/01\/2449217205093822.webp\" fetchpriority=\"high\" width=\"675\" height=\"450\" alt=\"&quot;Der Tiger&quot; hat eine Kontroverse ausgel\u00f6st.\" data-image-id=\"2449217205093822\"\/><\/p>\n<p>&#8222;Der Tiger&#8220; hat eine Kontroverse ausgel\u00f6st.Bild: Amazon\/MGM<\/p>\n<p>Analyse<\/p>\n<p>Ein deutscher Film, der bei Amazon Prime viel Aufmerksamkeit generiert: Da ist die Aufregung hierzulande gro\u00df. Im Ausland wird &#8222;Der Tiger&#8220; jedoch kritisch gesehen.<\/p>\n<p>12.01.2026, 15:5612.01.2026, 15:56<\/p>\n<p><img decoding=\"async\" class=\"h-auto w-14 rounded-full\" src=\"https:\/\/www.europesays.com\/de\/wp-content\/uploads\/2025\/07\/7025418733544881.webp\" alt=\"Jennifer Ullrich\" width=\"50\" height=\"50\" loading=\"lazy\"\/><\/p>\n<p>Folgen<\/p>\n<p class=\"watson-snippet__text my-6 text-[16px] lg:text-[18px] leading-normal md:w-3\/5\">Seit Tagen h\u00e4lt sich &#8222;Der Tiger&#8220; in den Charts bei Amazon Prime, und das nicht nur in Deutschland: Zwischenzeitlich f\u00fchrte der Film die Rangliste in 17 L\u00e4ndern an. Dass die Neugier gro\u00df ist, \u00fcberrascht einerseits nicht \u2013 so ist das eben, wenn es mal wieder um das dunkelste Kapitel deutscher Vergangenheit geht.<\/p>\n<p class=\"watson-snippet__text my-6 text-[16px] lg:text-[18px] leading-normal md:w-3\/5\"><strong>Zugleich wird aber, mal wieder, offensichtlich: &#8222;Nazifilme&#8220; aus Deutschland haben auch ohne Hitler als Protagonisten oft einen gewissen Beigeschmack, sind mindestens polarisierend. <\/strong><\/p>\n<p class=\"watson-snippet__text my-6 text-[16px] lg:text-[18px] leading-normal md:w-3\/5\"><strong\/>Dass Kritik an &#8222;Der Tiger&#8220; vor allem aus dem Ausland kommt, st\u00f6\u00dft dann doch unangenehm auf.<\/p>\n<p>Darum geht es in &#8222;Der Tiger&#8220;<\/p>\n<p class=\"watson-snippet__text my-6 text-[16px] lg:text-[18px] leading-normal md:w-3\/5\">Der Film spielt im Herbst 1943 an der Ostfront des Zweiten Weltkriegs. Die f\u00fcnfk\u00f6pfige Besatzung eines deutschen Tiger\u2011Panzers unter dem Kommando von Leutnant Philip Gerkens erh\u00e4lt einen geheimen Auftrag: weit hinter die Frontlinie vorzusto\u00dfen, um einen verschollenen Offizier zu finden und zur\u00fcckzubringen.<\/p>\n<p class=\"watson-snippet__text my-6 text-[16px] lg:text-[18px] leading-normal md:w-3\/5\">Jetzt die neue Folge &#8222;Touchdown &amp; Tacheles \u2013 der NFL-Podcast von watson&#8220; h\u00f6ren und tolle Preise gewinnen.<\/p>\n<p class=\"watson-snippet__text my-6 text-[16px] lg:text-[18px] leading-normal md:w-3\/5\">Was als milit\u00e4rische Mission beginnt, entwickelt sich schnell zu einer bedr\u00fcckenden Reise, bei der die M\u00e4nner nicht nur den grausamen Realit\u00e4ten des Krieges begegnen, <strong>sondern auch zunehmend mit ihren eigenen \u00c4ngsten, Schuldgef\u00fchlen und moralischen Konflikten konfrontiert werden.<\/strong><\/p>\n<p class=\"watson-snippet__text my-6 text-[16px] lg:text-[18px] leading-normal md:w-3\/5\">Die engen, klaustrophobischen Situationen im Panzer verst\u00e4rken den inneren Druck der Soldaten und lassen die Grenzen zwischen Realit\u00e4t und innerer Zerrissenheit verschwimmen.<\/p>\n<p>Was stimmt nicht mit &#8222;Der Tiger&#8220;?<\/p>\n<p class=\"watson-snippet__text my-6 text-[16px] lg:text-[18px] leading-normal md:w-3\/5\"><strong>Achtung, ab hier folgen Spoiler zu &#8222;Der Tiger&#8220;!<\/strong><\/p>\n<p class=\"watson-snippet__text my-6 text-[16px] lg:text-[18px] leading-normal md:w-3\/5\">Der Kriegsfilm ist das vielleicht schwierigste Genre \u00fcberhaupt. Es geht immer um den Spagat, die Sinnlosigkeit des Krieges darzustellen und dabei eben doch das Publikum fesseln zu &#8222;m\u00fcssen&#8220;. Krieg als Unterhaltung \u2013 nicht wenige stellen das Genre schon im Grundsatz infrage.<\/p>\n<p class=\"watson-snippet__text my-6 text-[16px] lg:text-[18px] leading-normal md:w-3\/5\">Zugegeben: Mit dem Twist am Ende ist Regisseur Dennis Gansel durchaus bem\u00fcht, die Sinnlosigkeit des Ganzen aufzuzeigen. Schlie\u00dflich stellt sich heraus, dass die Protagonisten die ganze Zeit tot waren. Hoffnung geht anders.<\/p>\n<p class=\"watson-snippet__text my-6 text-[16px] lg:text-[18px] leading-normal md:w-3\/5\"><strong>Dass dieses wenig originelle Finale wie &#8222;frisch&#8220; aus den 90er Jahren wirkt, steht auf einem anderen Blatt und hier nicht zur Debatte.<\/strong><\/p>\n<p class=\"watson-snippet__text my-6 text-[16px] lg:text-[18px] leading-normal md:w-3\/5\">Vielmehr geht es um etwas Subtileres. &#8222;Der Tiger&#8220; wird vor allem aus der Sicht der deutschen Panzerbesatzung erz\u00e4hlt, wodurch die Opfer des Krieges relativ in den Hintergrund r\u00fccken.<\/p>\n<p class=\"watson-snippet__text my-6 text-[16px] lg:text-[18px] leading-normal md:w-3\/5\">Leicht wird der Eindruck erweckt, der Film stellt die Soldaten eher als Opfer einer Situation dar statt als aktiver Teil einer verbrecherischen milit\u00e4rischen Maschinerie. <\/p>\n<p class=\"watson-snippet__text my-6 text-[16px] lg:text-[18px] leading-normal md:w-3\/5\"><strong>Die Regie h\u00e4lt so wenig Distanz zu den Figuren, dass am Ende die M\u00e4r vom &#8222;guten deutschen Soldaten&#8220; beschworen wird<\/strong>, nach dem Motto: Es waren damals nicht alle immer nur b\u00f6se.<\/p>\n<p class=\"watson-snippet__text my-6 text-[16px] lg:text-[18px] leading-normal md:w-3\/5\">Moralische Fragen sind dem Regisseur zwar nicht komplett fremd, doch er l\u00e4sst die Soldaten damit durchkommen, dass sie ja &#8222;nur&#8220; Befehle befolgt haben. Ein Film dieser Art muss mehr leisten.<\/p>\n<p class=\"watson-snippet__text my-6 text-[16px] lg:text-[18px] leading-normal md:w-3\/5\">Folgerichtig spricht ein Zuschauer auf <a target=\"_blank\" rel=\"nofollow noopener\" href=\"https:\/\/www.rottentomatoes.com\/m\/the_tank_2025\/reviews\/all-audience\">Rotten Tomatoes<\/a> von einem &#8222;moralischen Desaster&#8220;:<\/p>\n<p>&#8222;Indem er das &#8218;Leiden&#8216; und die &#8218;Kameradschaft&#8216; einer Panzerbesatzung in den Mittelpunkt stellt, blendet der Film die Opfer der Ideologie aus.&#8220;<\/p>\n<p class=\"watson-snippet__text my-6 text-[16px] lg:text-[18px] leading-normal md:w-3\/5\">Noch deutlicher wird dieser Nutzer: &#8222;Sie versuchen, aus deutschen Killern Helden zu machen.&#8220;<\/p>\n<p>Dennis Gansel wiederholt Fehler aus &#8222;Die Welle&#8220;<\/p>\n<p class=\"watson-snippet__text my-6 text-[16px] lg:text-[18px] leading-normal md:w-3\/5\">Dabei d\u00fcrfte Regisseur Dennis Gansel die Kontroverse, mit der er konfrontiert ist, durchaus bekannt vorkommen. 2008 ver\u00f6ffentlichte er mit &#8222;Die Welle&#8220; n\u00e4mlich einen Film, der auch hochumstritten ist.<\/p>\n<p class=\"watson-snippet__text my-6 text-[16px] lg:text-[18px] leading-normal md:w-3\/5\">Im Zentrum steht hier ein Sozialexperiment an einer deutschen Schule, <strong>bei dem ein Lehrer seinen Sch\u00fcler:innen demonstrieren will, wie leicht totalit\u00e4re Strukturen<\/strong> entstehen k\u00f6nnen \u2013 durch Disziplin, Uniformit\u00e4t und Gruppenzwang. <\/p>\n<p class=\"watson-snippet__text my-6 text-[16px] lg:text-[18px] leading-normal md:w-3\/5\">Dieses Experiment ger\u00e4t au\u00dfer Kontrolle, doch speziell beim jungen Publikum kam die Botschaft nicht durchgehend an. Statt die totalit\u00e4re Dynamik kritisch zu durchschauen, fanden manche die faschistische Bewegung irgendwie &#8222;cool&#8220;. <\/p>\n<p class=\"watson-snippet__text my-6 text-[16px] lg:text-[18px] leading-normal md:w-3\/5\"><strong>Lehrkr\u00e4fte berichteten von Nachahmungen oder Heroisierungen einzelner Figuren im Klassenzimmer.<\/strong><\/p>\n<p class=\"watson-snippet__text my-6 text-[16px] lg:text-[18px] leading-normal md:w-3\/5\">Actionreiche Szenen, schnelle Schnitte und eine teilweise klischeehafte Figurenzeichnung f\u00fchrten zu diesem Ergebnis. &#8222;Die Welle&#8220; erz\u00e4hlt das Experiment als &#8222;packendes Drama&#8220; und verliert dabei an Reflexionstiefe.<\/p>\n<p class=\"watson-snippet__text my-6 text-[16px] lg:text-[18px] leading-normal md:w-3\/5\"><strong>Wie inszeniert man Totalitarismus so, dass man ihn dekonstruiert und nicht ungewollt die Faszination vergr\u00f6\u00dfert? An dieser Frage ist Dennis Gansel jetzt also schon zum zweiten Mal gescheitert.<\/strong> Vielleicht sollte er sich k\u00fcnftig lieber auf anderen Themen fokussieren&#8230;<\/p>\n","protected":false},"excerpt":{"rendered":"&#8222;Der Tiger&#8220; hat eine Kontroverse ausgel\u00f6st.Bild: Amazon\/MGM Analyse Ein deutscher Film, der bei Amazon Prime viel Aufmerksamkeit generiert:&hellip;\n","protected":false},"author":2,"featured_media":713102,"comment_status":"","ping_status":"","sticky":false,"template":"","format":"standard","meta":{"footnotes":""},"categories":[1771],"tags":[1778,29,214,30,95,1777,215],"class_list":{"0":"post-713101","1":"post","2":"type-post","3":"status-publish","4":"format-standard","5":"has-post-thumbnail","7":"category-kino","8":"tag-cinema","9":"tag-deutschland","10":"tag-entertainment","11":"tag-germany","12":"tag-kino","13":"tag-movie","14":"tag-unterhaltung"},"share_on_mastodon":{"url":"https:\/\/pubeurope.com\/@de\/115883401886588076","error":""},"_links":{"self":[{"href":"https:\/\/www.europesays.com\/de\/wp-json\/wp\/v2\/posts\/713101","targetHints":{"allow":["GET"]}}],"collection":[{"href":"https:\/\/www.europesays.com\/de\/wp-json\/wp\/v2\/posts"}],"about":[{"href":"https:\/\/www.europesays.com\/de\/wp-json\/wp\/v2\/types\/post"}],"author":[{"embeddable":true,"href":"https:\/\/www.europesays.com\/de\/wp-json\/wp\/v2\/users\/2"}],"replies":[{"embeddable":true,"href":"https:\/\/www.europesays.com\/de\/wp-json\/wp\/v2\/comments?post=713101"}],"version-history":[{"count":0,"href":"https:\/\/www.europesays.com\/de\/wp-json\/wp\/v2\/posts\/713101\/revisions"}],"wp:featuredmedia":[{"embeddable":true,"href":"https:\/\/www.europesays.com\/de\/wp-json\/wp\/v2\/media\/713102"}],"wp:attachment":[{"href":"https:\/\/www.europesays.com\/de\/wp-json\/wp\/v2\/media?parent=713101"}],"wp:term":[{"taxonomy":"category","embeddable":true,"href":"https:\/\/www.europesays.com\/de\/wp-json\/wp\/v2\/categories?post=713101"},{"taxonomy":"post_tag","embeddable":true,"href":"https:\/\/www.europesays.com\/de\/wp-json\/wp\/v2\/tags?post=713101"}],"curies":[{"name":"wp","href":"https:\/\/api.w.org\/{rel}","templated":true}]}}