{"id":713113,"date":"2026-01-12T17:57:11","date_gmt":"2026-01-12T17:57:11","guid":{"rendered":"https:\/\/www.europesays.com\/de\/713113\/"},"modified":"2026-01-12T17:57:11","modified_gmt":"2026-01-12T17:57:11","slug":"muell-lawine-begraebt-haeuser-in-urlaubsland-zahl-der-toten-steigt-weiter-an","status":"publish","type":"post","link":"https:\/\/www.europesays.com\/de\/713113\/","title":{"rendered":"M\u00fcll-Lawine begr\u00e4bt H\u00e4user in Urlaubsland \u2013 Zahl der Toten steigt weiter an"},"content":{"rendered":"<ol class=\"id-DonaldBreadcrumb lp_west_breadcrumb id-DonaldBreadcrumb--default\" data-k5a-pos=\"west_breadcrumb\">\n<li class=\"id-Breadcrumb-item\"><a href=\"https:\/\/www.fr.de\/\" class=\"id-Breadcrumb-link\" data-id-ec=\"{\" shn=\"\" textlink=\"\" data-k5a-pos=\"1_startseite\" target=\"_blank\" rel=\"noopener\">Startseite<\/a><\/li>\n<li class=\"id-Breadcrumb-item\"><a href=\"https:\/\/www.fr.de\/panorama\/\" class=\"id-Breadcrumb-link\" data-id-ec=\"{\" shn=\"\" textlink=\"\" data-k5a-pos=\"2_panorama\" target=\"_blank\" rel=\"noopener\">Panorama<\/a><\/li>\n<\/ol>\n<p class=\"id-Story-timestamp id-Story-timestamp--default\">Stand: 12.01.2026, 15:53 Uhr<\/p>\n<p class=\"id-Story-authors id-Story-authors--default\">Von: <a class=\"id-Story-authors-link lp_west_author\" href=\"https:\/\/www.fr.de\/autor\/kilian-baeuml-3fzjolfm8.html\" title=\"Zur Autorenseite von Kilian B&#xE4;uml\" data-id-ec=\"{\" shn=\"\" author-link=\"\" b=\"\" data-k5a-pos=\"west_author\" target=\"_blank\" rel=\"noopener\">Kilian B\u00e4uml<\/a>, <a class=\"id-Story-authors-link lp_west_author\" href=\"https:\/\/www.fr.de\/autor\/moritz-bletzinger-epaicsyo5.html\" title=\"Zur Autorenseite von Moritz Bletzinger\" data-id-ec=\"{\" shn=\"\" author-link=\"\" bletzinger=\"\" data-k5a-pos=\"west_author\" target=\"_blank\" rel=\"noopener\">Moritz Bletzinger<\/a><\/p>\n<p class=\"id-Story-interactionBar id-Story-interactionBar--default\">DruckenTeilen<\/p>\n<p class=\"id-StoryElement-leadText\">Dutzende Menschen versch\u00fcttet, als ein vier Stockwerke hoher M\u00fcllberg in sich zusammenst\u00fcrzt. Die Suche nach Vermissten l\u00e4uft \u2013 die Zahl der Toten steigt. <\/p>\n<p class=\"id-StoryElement-paragraph\"><strong>Update vom 12. Januar, 9.03 Uhr:<\/strong> Nach der gewaltigen M\u00fcll-Lawine auf den\u00a0Philippinen\u00a0mit Dutzenden Vermissten ist die Zahl der Toten auf acht gestiegen. Mindestens 28 weitere Menschen werden weiter vermisst, best\u00e4tigte Nestor Archival, der B\u00fcrgermeister von Cebu City, wo sich das Ungl\u00fcck am Donnerstag ereignet hatte. Die Stadt liegt rund 560 Kilometer s\u00fcdlich der Hauptstadt Manila. Vergangene Woche hatten gro\u00dfe Mengen M\u00fcll auf einer Deponie eine Recyclinganlage und mehrere H\u00e4user unter sich begraben. Zuvor hatte tagelanger Dauerregen den Boden auf dem Gel\u00e4nde aufgeweicht.<\/p>\n<p><img decoding=\"async\" class=\"id-RatioPlaceholder-element wv_story_el_image\" src=\"https:\/\/www.europesays.com\/de\/wp-content\/uploads\/2026\/01\/41085394-einsturz-einer-muelldeponie-auf-den-philippinen-O7BG.jpg\" loading=\"lazy\"   height=\"733\" width=\"1100\" alt=\"Einsturz einer M&#xFC;lldeponie auf den Philippinen\"\/>Eine M\u00fcll-Lawine in Cebu City fordert acht Todesopfer. Mindestens 28 Menschen werden noch vermisst, w\u00e4hrend die Suche weitergeht. \u00a9\u00a0Jacqueline Hernandez\/dpa<\/p>\n<p class=\"id-StoryElement-paragraph\">Die Einsatzkr\u00e4fte suchten unter anderem mit einem Kran in den Abfall-Massen nach Lebenszeichen, sagte Archival. \u201eWir sind weiterhin im Rettungsmodus. Wir hoffen immer noch, dass wir \u00dcberlebende finden.\u201c\u00a0Bei den Versch\u00fctteten handelt es sich gr\u00f6\u00dftenteils um Besch\u00e4ftigte der Deponie und der Recyclinganlage. Jedoch wurden auch mehrere einfache Wohnh\u00e4user teilweise versch\u00fcttet. Laut Archival wurden bislang 18 Menschen mit verschiedenen Verletzungen in Krankenh\u00e4user gebracht.<\/p>\n<p class=\"id-StoryElement-paragraph\"><strong>Erstmeldung vom 9. Januar, 13.15 Uhr:<\/strong> Cebu City \u2013 In der Stadt Cebu City auf den Philippinen brach am Donnerstagnachmittag (8. Januar) eine Deponie zusammen und riss mehrere Menschen in den Tod.<\/p>\n<p class=\"id-StoryElement-paragraph\">Der Zusammenbruch ereignete sich gegen 17 Uhr Ortszeit in der Deponie Binaliw im Barangay Binaliw, wie die lokale Zeitung Cebu Daily News berichtet. Mindestens eine Person kam ums Leben, nach aktuellen Berichten werden noch bis zu 38 Menschen <a href=\"https:\/\/www.fr.de\/panorama\/vermisstenfaelle-sti1110106\/\" target=\"_blank\" class=\"id-import-Link\" data-id-ec=\"{&quot;sht&quot;:&quot;Container&quot;,&quot;shn&quot;:&quot;Story&quot;,&quot;p&quot;:{&quot;containerType&quot;:&quot;Paragraph&quot;,&quot;displayType&quot;:&quot;Paragraph InlineLink&quot;,&quot;type&quot;:&quot;INLINE_LINK&quot;,&quot;value&quot;:&quot;vermisst&quot;,&quot;variant&quot;:&quot;standardLink&quot;,&quot;sponsored&quot;:false,&quot;linkHref&quot;:&quot;https:\/\/www.fr.de\/panorama\/vermisstenfaelle-sti1110106\/&quot;,&quot;storyElementPosition&quot;:14,&quot;storyElementCount&quot;:25}}\" rel=\"noopener\">vermisst<\/a>. Die M\u00fcll-Lawine hatte mehrere H\u00e4user erfasst.<\/p>\n<p>Top 25: Die bev\u00f6lkerungsreichsten L\u00e4nder der Welt <img decoding=\"async\" class=\"id-RatioPlaceholder-element wv_story_el_interstitialImage\" src=\"https:\/\/www.europesays.com\/de\/wp-content\/uploads\/2026\/01\/37543239-montage-bevoelkerungsreichste-laender-links-philippinen-mitte-indien-rechts-nigeria-2kfe.jp.jpeg\" loading=\"lazy\"   height=\"1350\" width=\"2400\" alt=\"Montage bev&#xF6;lkerungsreichste L&#xE4;nder, links Philippinen, Mitte Indien, Rechts Nigeria\"\/><a href=\"https:\/\/www.fr.de\/panorama\/top-25-die-bevoelkerungsreichsten-laender-der-welt-zr-93645149.html\" class=\"id-StoryElement-intestitialLink-link\" data-id-ec=\"{\" shn=\"\" ansehen=\"\" data-k5a-pos=\"west_story_14_photoGalleryLink\" title=\"Zur Fotostrecke: Top 25: Die bev&#xF6;lkerungsreichsten L&#xE4;nder der Welt \" target=\"_blank\" rel=\"noopener\">Fotostrecke ansehen<\/a>M\u00fcllberg auf den Philippinen eingest\u00fcrzt: Vermisste unter Schutt \u2013 \u201eKeine sanit\u00e4re Deponie\u201c<\/p>\n<p class=\"id-StoryElement-paragraph\">Die Rettungsarbeiten dauern an, Familien warten verzweifelt auf Nachrichten \u00fcber ihre Angeh\u00f6rigen. Das Portal Rappler berichtete, dass kontinuierliche Regenf\u00e4lle den Boden der Deponie aufgeweicht und den Zusammenbruch beg\u00fcnstigt haben k\u00f6nnten.<\/p>\n<p class=\"id-StoryElement-paragraph\">Stadtrat Dave Tumulak best\u00e4tigte den sofortigen Einsatz der Rettungskr\u00e4fte. Schwere Baumaschinen wurden zur Bergung der Versch\u00fctteten angefordert. Der Vorsitzende des Umweltausschusses, Joel Garganera, machte das schiere Volumen des angeh\u00e4uften M\u00fclls f\u00fcr die Katastrophe verantwortlich. Er kritisierte die Betreiber scharf: \u201eEs ist keine sanit\u00e4re Deponie. F\u00fcr mich ist es bereits eine offene M\u00fcllhalde.\u201c<\/p>\n<p>\u201eMuss vier Stockwerke hoch sein\u201c: Auf M\u00fclldeponie werden t\u00e4glich 1.000 Tonnen Abfall verarbeitet<\/p>\n<p class=\"id-StoryElement-paragraph\">Der M\u00fcllberg hatte laut Stadtbeamten beeindruckende Dimensionen erreicht: \u201eEr muss vier Stockwerke hoch sein\u201c, hie\u00df es \u00fcber die Ausma\u00dfe des Abfallhaufens. <a href=\"https:\/\/www.fr.de\/panorama\/rumaenien-groesste-muelldeponie-europas-nationalpark-umweltverschmutzung-biogas-93042681.html\" class=\"id-import-Link\" data-id-ec=\"{&quot;sht&quot;:&quot;Container&quot;,&quot;shn&quot;:&quot;Story&quot;,&quot;p&quot;:{&quot;containerType&quot;:&quot;Paragraph&quot;,&quot;displayType&quot;:&quot;Paragraph InlineLink&quot;,&quot;type&quot;:&quot;INLINE_LINK&quot;,&quot;value&quot;:&quot;Die gr&#xF6;&#xDF;te M&#xFC;lldeponie Europas&quot;,&quot;variant&quot;:&quot;standardLink&quot;,&quot;sponsored&quot;:false,&quot;linkHref&quot;:&quot;https:\/\/www.fr.de\/panorama\/rumaenien-groesste-muelldeponie-europas-nationalpark-umweltverschmutzung-biogas-93042681.html&quot;,&quot;storyElementPosition&quot;:22,&quot;storyElementCount&quot;:25}}\" target=\"_blank\" rel=\"noopener\">Die gr\u00f6\u00dfte M\u00fclldeponie Europas<\/a> steht \u00fcbrigens direkt neben einem Nationalpark.<\/p>\n<p class=\"id-StoryElement-paragraph\">B\u00fcrgermeister Nestor Archival versprach, die Lage pers\u00f6nlich im Blick zu behalten. \u201eIch \u00fcberwache die Situation genau und werde so schnell wie m\u00f6glich pers\u00f6nlich zur Binaliw-Deponie gehen, um die Lage zu pr\u00fcfen und die n\u00e4chsten Schritte zu koordinieren\u201c, erkl\u00e4rt er.<\/p>\n<p class=\"id-StoryElement-paragraph\">Die Deponie wird von Prime Integrated Waste Solutions betrieben, einem Unternehmen, das t\u00e4glich 1.000 Tonnen Siedlungsabfall verarbeitet. Die Anlage war bereits zuvor wegen Geruchsbel\u00e4stigung und Sicherheitsbedenken in der Kritik gestanden. (Verwendete Quellen: Cebu Daily News Inquierer, Rappler, AFP) (moe)<\/p>\n","protected":false},"excerpt":{"rendered":"Startseite Panorama Stand: 12.01.2026, 15:53 Uhr Von: Kilian B\u00e4uml, Moritz Bletzinger DruckenTeilen Dutzende Menschen versch\u00fcttet, als ein vier&hellip;\n","protected":false},"author":2,"featured_media":713114,"comment_status":"","ping_status":"","sticky":false,"template":"","format":"standard","meta":{"footnotes":""},"categories":[3],"tags":[13,14,15,12,10,8,9,11,103,104],"class_list":{"0":"post-713113","1":"post","2":"type-post","3":"status-publish","4":"format-standard","5":"has-post-thumbnail","7":"category-welt","8":"tag-headlines","9":"tag-nachrichten","10":"tag-news","11":"tag-schlagzeilen","12":"tag-top-news","13":"tag-top-meldungen","14":"tag-topmeldungen","15":"tag-topnews","16":"tag-welt","17":"tag-world"},"share_on_mastodon":{"url":"https:\/\/pubeurope.com\/@de\/115883425583979526","error":""},"_links":{"self":[{"href":"https:\/\/www.europesays.com\/de\/wp-json\/wp\/v2\/posts\/713113","targetHints":{"allow":["GET"]}}],"collection":[{"href":"https:\/\/www.europesays.com\/de\/wp-json\/wp\/v2\/posts"}],"about":[{"href":"https:\/\/www.europesays.com\/de\/wp-json\/wp\/v2\/types\/post"}],"author":[{"embeddable":true,"href":"https:\/\/www.europesays.com\/de\/wp-json\/wp\/v2\/users\/2"}],"replies":[{"embeddable":true,"href":"https:\/\/www.europesays.com\/de\/wp-json\/wp\/v2\/comments?post=713113"}],"version-history":[{"count":0,"href":"https:\/\/www.europesays.com\/de\/wp-json\/wp\/v2\/posts\/713113\/revisions"}],"wp:featuredmedia":[{"embeddable":true,"href":"https:\/\/www.europesays.com\/de\/wp-json\/wp\/v2\/media\/713114"}],"wp:attachment":[{"href":"https:\/\/www.europesays.com\/de\/wp-json\/wp\/v2\/media?parent=713113"}],"wp:term":[{"taxonomy":"category","embeddable":true,"href":"https:\/\/www.europesays.com\/de\/wp-json\/wp\/v2\/categories?post=713113"},{"taxonomy":"post_tag","embeddable":true,"href":"https:\/\/www.europesays.com\/de\/wp-json\/wp\/v2\/tags?post=713113"}],"curies":[{"name":"wp","href":"https:\/\/api.w.org\/{rel}","templated":true}]}}