{"id":713117,"date":"2026-01-12T17:59:18","date_gmt":"2026-01-12T17:59:18","guid":{"rendered":"https:\/\/www.europesays.com\/de\/713117\/"},"modified":"2026-01-12T17:59:18","modified_gmt":"2026-01-12T17:59:18","slug":"sicherheit-groenlands-friedrich-merz-rechnet-mit-us-beteiligung-an-nato-schutz-fuer-groenland","status":"publish","type":"post","link":"https:\/\/www.europesays.com\/de\/713117\/","title":{"rendered":"Sicherheit Gr\u00f6nlands: Friedrich Merz rechnet mit US-Beteiligung an Nato-Schutz f\u00fcr Gr\u00f6nland"},"content":{"rendered":"<p class=\"paragraph article__item\">Bundeskanzler Friedrich Merz (CDU) rechnet mit einer Beteiligung der USA an einer st\u00e4rkeren Nato-Pr\u00e4senz, um die Sicherheit <a class=\"rtr-entity\" href=\"https:\/\/www.zeit.de\/thema\/groenland\" target=\"_blank\" rel=\"noopener\">Gr\u00f6nlands<\/a> zu verbessern. &#8222;Wir wollen einfach die Sicherheitslage f\u00fcr Gr\u00f6nland gemeinsam verbessern&#8220;, sagte Merz w\u00e4hrend seiner Indienreise. &#8222;Und ich gehe davon aus, dass die Amerikaner sich daran auch beteiligen.&#8220; Man teile die amerikanischen Besorgnisse, dass &#8222;dieser Teil D\u00e4nemarks&#8220; besser gesch\u00fctzt werden m\u00fcsse.\n<\/p>\n<p class=\"paragraph article__item\">Laut dem Kanzler f\u00fchrt Au\u00dfenminister Johann Wadephul (CDU) aktuell Gespr\u00e4che \u00fcber die Sicherheit Gr\u00f6nlands in Washington. Er hoffe auf eine einvernehmliche L\u00f6sung innerhalb des Nato-Verteidigungsb\u00fcndnisses, sagte <a class=\"rtr-entity\" href=\"https:\/\/www.zeit.de\/thema\/friedrich-merz\" target=\"_blank\" rel=\"noopener\">Merz<\/a>. Die Gespr\u00e4che in den n\u00e4chsten Tagen und Wochen w\u00fcrden zeigen, in welchem Umfang sich die Vereinigten Staaten am Schutz Gr\u00f6nlands beteiligen werden.\n<\/p>\n<p class=\"paragraph article__item\">Zuletzt hatten sich <a href=\"https:\/\/www.zeit.de\/politik\/ausland\/2026-01\/johann-wadephul-usa-marco-rubio\" class=\"\" target=\"_blank\" rel=\"noopener\">mehrere Nato-Staaten, darunter Gro\u00dfbritannien, f\u00fcr einen Ausbau der Pr\u00e4senz der Nato in der Arktis ausgesprochen<\/a>. Auch ein \u00dcberwachungseinsatz des B\u00fcndnisses wird Diplomaten zufolge diskutiert. Ziel ist auch, der Behauptung der US-Regierung entgegenzuwirken, Gr\u00f6nland sei gef\u00e4hrdet und die Sicherheit in der strategisch wichtigen Region k\u00f6nne nicht ausreichend gew\u00e4hrleistet werden.\n<\/p>\n<p>        Wadephul weist US-Anspr\u00fcche zur\u00fcck        <\/p>\n<p class=\"paragraph article__item\">Au\u00dfenminister Wadephul trifft am Montag seinen US-amerikanischen Amtskollegen Marco Rubio. In den Gespr\u00e4chen soll es laut dem Ausw\u00e4rtigen Amt auch um die &#8222;St\u00e4rkung der transatlantischen Zusammenarbeit&#8220; gehen. &#8222;Noch nie war es so wichtig, in die transatlantische Partnerschaft zu investieren, um \u2013 angesichts globaler Umbr\u00fcche \u2013 in der Lage zu bleiben, die Weltordnung zu gestalten&#8220;, sagte Wadephul vor seiner Abreise.\n<\/p>\n<p>                            \u00a9\u00a0Lea Dohle<\/p>\n<p>\n                                        Newsletter<br \/>\n                                        Was jetzt? \u2013 Der t\u00e4gliche Morgen\u00fcberblick<\/p>\n<p class=\"newsletter-signup__text\">Starten Sie mit unserem kurzen Nachrichten-Newsletter in den Tag. Erhalten Sie zudem freitags das digitale Magazin ZEIT am Wochenende.<\/p>\n<p class=\"newsletter-signup__datapolicy\" hidden=\"\">\n            Mit Ihrer Registrierung nehmen Sie die <a href=\"https:\/\/datenschutz.zeit.de\/zon#Newsletter\" target=\"_blank\" rel=\"noopener\">Datenschutzerkl\u00e4rung<\/a> zur Kenntnis.\n        <\/p>\n<p>    Vielen Dank! Wir haben Ihnen eine E-Mail geschickt.<\/p>\n<p>Pr\u00fcfen Sie Ihr Postfach und best\u00e4tigen Sie das Newsletter-Abonnement.<\/p>\n<p class=\"paragraph article__item\">Der Bild am Sonntag hatte\u00a0Wadephul zuvor gesagt, <a href=\"https:\/\/www.zeit.de\/politik\/ausland\/2026-01\/groenland-wadephul-trump-usa-reise-gxe\" class=\"\" target=\"_blank\" rel=\"noopener\">es sei &#8222;klar, dass es allein Sache Gr\u00f6nlands und D\u00e4nemarks ist, \u00fcber Fragen von Territorium und Souver\u00e4nit\u00e4t von Gr\u00f6nland zu entscheiden&#8220;<\/a>. Auch er betonte die &#8222;sicherheitspolitische Bedeutung&#8220; der Arktis. Diese Bedeutung werde weiter zunehmen, &#8222;gerade weil Russland und auch China dort Interessen haben, die unseren zuwiderlaufen&#8220;.\n<\/p>\n<p>        Trump spricht von &#8222;Erwerb&#8220; D\u00e4nemarks        <\/p>\n<p class=\"paragraph article__item\">In Gr\u00f6nland demonstrierten die f\u00fcnf im Parlament vertretenen politischen Parteien unterdessen ihre Einigkeit darin, die Anspr\u00fcche der US-Regierung und insbesondere des US-Pr\u00e4sidenten <a class=\"rtr-entity\" href=\"https:\/\/www.zeit.de\/thema\/donald-trump\" target=\"_blank\" rel=\"noopener\">Donald Trumps<\/a> auf die gr\u00f6\u00dfte Insel der Welt zur\u00fcckzuweisen. Von den USA forderten sie in einer Erkl\u00e4rung, die &#8222;Geringsch\u00e4tzung gegen\u00fcber unserem Land&#8220; einzustellen. Die Zukunft Gr\u00f6nlands m\u00fcsse vom gr\u00f6nl\u00e4ndischen Volk entschieden werden.\n<\/p>\n<p class=\"paragraph article__item\">Ungeachtet dessen bekr\u00e4ftigte Trump <a href=\"https:\/\/www.zeit.de\/2026\/02\/groenland-donald-trump-usa-daenemark-nato\" class=\"\" target=\"_blank\" rel=\"noopener\">die US-Anspr\u00fcche auf das zu D\u00e4nemark geh\u00f6rende autonome Territorium<\/a>. Er machte deutlich, dass es den USA darum geht, Gr\u00f6nland langfristig zu besitzen. &#8222;Wir <a href=\"https:\/\/www.zeit.de\/politik\/ausland\/2026-01\/donald-trump-groenland-usa-nato-sicherheit-gxe\" class=\"\" target=\"_blank\" rel=\"noopener\">sprechen \u00fcber Erwerb, nicht \u00fcber eine Pacht&#8220;, sagte Trump an Bord der Air Force One<\/a>.\u00a0Die Anspr\u00fcche rechtfertigte er erneut damit, dass sich ansonsten China oder Russland die Insel einverleiben w\u00fcrden.\n<\/p>\n<p>                An dieser Stelle ist ein externer Inhalt eingebunden<\/p>\n<p>Zum Anschauen ben\u00f6tigen wir Ihre Zustimmung<\/p>\n<p>\n                Weiter\n            <\/p>\n<p>Mehr zum Thema<\/p>\n<p>                <a href=\"https:\/\/www.zeit.de\/politik\/ausland\/2026-01\/groenland-usa-donald-trump-europa-daenemark\" data-ct-label=\"Gr\u00f6nland und die USA: Kaufen, erpressen, besetzen\" target=\"_blank\" rel=\"noopener\"><\/p>\n<p>                        Gr\u00f6nland und die USA:<br \/>\n                        Kaufen, erpressen, besetzen<\/p>\n<p>                <\/a><\/p>\n<p>                <a href=\"https:\/\/www.zeit.de\/politik\/ausland\/2026-01\/groenland-geopolitik-usa-daenemark-strategische-bedeutung-karte\" data-ct-label=\"Gr\u00f6nland: Diese Karten zeigen, warum Trump Gr\u00f6nland will\" target=\"_blank\" rel=\"noopener\"><\/p>\n<p>        Z+ (abopflichtiger Inhalt);<\/p>\n<p>    Gr\u00f6nland:<br \/>\n                        Diese Karten zeigen, warum Trump Gr\u00f6nland will<\/p>\n<p>                <\/a><\/p>\n<p>                <a href=\"https:\/\/www.zeit.de\/2026\/02\/groenland-donald-trump-usa-daenemark-nato\" data-ct-label=\"USA und Gr\u00f6nland: &quot;Wir brauchen es&quot;\" target=\"_blank\" rel=\"noopener\"><\/p>\n<p>        Z+ (abopflichtiger Inhalt);<\/p>\n<p>    USA und Gr\u00f6nland:<br \/>\n                        &#8222;Wir brauchen es&#8220;<\/p>\n<p>                <\/a><\/p>\n","protected":false},"excerpt":{"rendered":"Bundeskanzler Friedrich Merz (CDU) rechnet mit einer Beteiligung der USA an einer st\u00e4rkeren Nato-Pr\u00e4senz, um die Sicherheit Gr\u00f6nlands&hellip;\n","protected":false},"author":2,"featured_media":713118,"comment_status":"","ping_status":"","sticky":false,"template":"","format":"standard","meta":{"footnotes":""},"categories":[5],"tags":[1173,106,775,452,13,14,1159,15,16,12,3931,164316,10,8,9,11,3940],"class_list":{"0":"post-713117","1":"post","2":"type-post","3":"status-publish","4":"format-standard","5":"has-post-thumbnail","7":"category-nachrichten","8":"tag-bundesregierung","9":"tag-donald-trump","10":"tag-friedrich-merz","11":"tag-groenland","12":"tag-headlines","13":"tag-nachrichten","14":"tag-nato","15":"tag-news","16":"tag-politik","17":"tag-schlagzeilen","18":"tag-sicherheit","19":"tag-sicherheit-groenlands","20":"tag-top-news","21":"tag-top-meldungen","22":"tag-topmeldungen","23":"tag-topnews","24":"tag-us-regierung"},"share_on_mastodon":{"url":"https:\/\/pubeurope.com\/@de\/115883433261559409","error":""},"_links":{"self":[{"href":"https:\/\/www.europesays.com\/de\/wp-json\/wp\/v2\/posts\/713117","targetHints":{"allow":["GET"]}}],"collection":[{"href":"https:\/\/www.europesays.com\/de\/wp-json\/wp\/v2\/posts"}],"about":[{"href":"https:\/\/www.europesays.com\/de\/wp-json\/wp\/v2\/types\/post"}],"author":[{"embeddable":true,"href":"https:\/\/www.europesays.com\/de\/wp-json\/wp\/v2\/users\/2"}],"replies":[{"embeddable":true,"href":"https:\/\/www.europesays.com\/de\/wp-json\/wp\/v2\/comments?post=713117"}],"version-history":[{"count":0,"href":"https:\/\/www.europesays.com\/de\/wp-json\/wp\/v2\/posts\/713117\/revisions"}],"wp:featuredmedia":[{"embeddable":true,"href":"https:\/\/www.europesays.com\/de\/wp-json\/wp\/v2\/media\/713118"}],"wp:attachment":[{"href":"https:\/\/www.europesays.com\/de\/wp-json\/wp\/v2\/media?parent=713117"}],"wp:term":[{"taxonomy":"category","embeddable":true,"href":"https:\/\/www.europesays.com\/de\/wp-json\/wp\/v2\/categories?post=713117"},{"taxonomy":"post_tag","embeddable":true,"href":"https:\/\/www.europesays.com\/de\/wp-json\/wp\/v2\/tags?post=713117"}],"curies":[{"name":"wp","href":"https:\/\/api.w.org\/{rel}","templated":true}]}}