{"id":713119,"date":"2026-01-12T18:00:16","date_gmt":"2026-01-12T18:00:16","guid":{"rendered":"https:\/\/www.europesays.com\/de\/713119\/"},"modified":"2026-01-12T18:00:16","modified_gmt":"2026-01-12T18:00:16","slug":"alarm-sirenenfehlalarm-in-halle-stadt-geht-von-angriff-aus-panorama","status":"publish","type":"post","link":"https:\/\/www.europesays.com\/de\/713119\/","title":{"rendered":"Alarm &#8211; Sirenenfehlalarm in Halle: Stadt geht von Angriff aus &#8211; Panorama"},"content":{"rendered":"<p data-manual=\"paragraph\" data-schema-org-speakable=\"true\" class=\"css-1eosz7k\">Halle (dpa) &#8211; Nach dem gro\u00dffl\u00e4chigen Sirenenfehlalarm am Samstag in Halle (Saale) geht die Stadt von einem Angriff auf das System aus. Die Polizei ermittle zu dem Vorfall auf Hochtouren, teilte die Stadt mit. Weder die Stadt noch das Land <a href=\"https:\/\/www.sueddeutsche.de\/thema\/Sachsen-Anhalt\" target=\"_blank\" rel=\"noopener\">Sachsen-Anhalt<\/a> oder der Bund h\u00e4tten den Alarm demnach ausgel\u00f6st. Zum jetzigen Zeitpunkt m\u00fcsse mit hoher Wahrscheinlichkeit von einem externen Angriff ausgegangen werden.<\/p>\n<p>System nach Fehlalarm gesichert<\/p>\n<p data-manual=\"paragraph\" data-schema-org-speakable=\"true\" class=\"css-1eosz7k\">Nach Angaben der Stadt wurden Ma\u00dfnahmen zur Sicherung des Systems ergriffen. Alle Sirenen im Stadtgebiet seien inzwischen vor \u00e4u\u00dferen Zugriffen gesch\u00fctzt und weiterhin alarmf\u00e4hig.\u00a0<\/p>\n<p data-manual=\"paragraph\" data-schema-org-speakable=\"true\" class=\"css-1eosz7k\">Am Samstag gegen 22.00 Uhr hatten alle betriebsf\u00e4higen Alarmsirenen in Halle geheult, eine Gefahrenlage bestand jedoch nicht. Die Stadt war zun\u00e4chst von einem technischen Defekt ausgegangen.\u00a0<\/p>\n<p>Webseite nicht erreichbar<\/p>\n<p data-manual=\"paragraph\" data-schema-org-speakable=\"true\" class=\"css-1eosz7k\">Auch die st\u00e4dtische Webseite war am Samstagabend kurzzeitig nicht erreichbar. F\u00fcr den Ausfall sollen den Angaben nach ungewohnt hohe Zugriffszahlen w\u00e4hrend des Alarms verantwortlich sein. Ein Angriff auf die Webseite k\u00f6nne mit hoher Wahrscheinlichkeit ausgeschlossen werden.<\/p>\n<p data-manual=\"paragraph\" data-schema-org-speakable=\"true\" class=\"css-1eosz7k\">\u00a9 dpa-infocom, dpa:260112-930-534865\/1<\/p>\n","protected":false},"excerpt":{"rendered":"Halle (dpa) &#8211; Nach dem gro\u00dffl\u00e4chigen Sirenenfehlalarm am Samstag in Halle (Saale) geht die Stadt von einem Angriff&hellip;\n","protected":false},"author":2,"featured_media":713120,"comment_status":"","ping_status":"","sticky":false,"template":"","format":"standard","meta":{"footnotes":""},"categories":[1860],"tags":[3364,29,548,663,3934,30,4062,17332,13,14,15,4338,1974,17331,860,12,149],"class_list":{"0":"post-713119","1":"post","2":"type-post","3":"status-publish","4":"format-standard","5":"has-post-thumbnail","7":"category-halle-saale","8":"tag-de","9":"tag-deutschland","10":"tag-eu","11":"tag-europa","12":"tag-europe","13":"tag-germany","14":"tag-halle","15":"tag-halle-saale","16":"tag-headlines","17":"tag-nachrichten","18":"tag-news","19":"tag-notfall","20":"tag-panorama","21":"tag-saale","22":"tag-sachsen-anhalt","23":"tag-schlagzeilen","24":"tag-sueddeutsche-zeitung"},"share_on_mastodon":{"url":"https:\/\/pubeurope.com\/@de\/115883437165893053","error":""},"_links":{"self":[{"href":"https:\/\/www.europesays.com\/de\/wp-json\/wp\/v2\/posts\/713119","targetHints":{"allow":["GET"]}}],"collection":[{"href":"https:\/\/www.europesays.com\/de\/wp-json\/wp\/v2\/posts"}],"about":[{"href":"https:\/\/www.europesays.com\/de\/wp-json\/wp\/v2\/types\/post"}],"author":[{"embeddable":true,"href":"https:\/\/www.europesays.com\/de\/wp-json\/wp\/v2\/users\/2"}],"replies":[{"embeddable":true,"href":"https:\/\/www.europesays.com\/de\/wp-json\/wp\/v2\/comments?post=713119"}],"version-history":[{"count":0,"href":"https:\/\/www.europesays.com\/de\/wp-json\/wp\/v2\/posts\/713119\/revisions"}],"wp:featuredmedia":[{"embeddable":true,"href":"https:\/\/www.europesays.com\/de\/wp-json\/wp\/v2\/media\/713120"}],"wp:attachment":[{"href":"https:\/\/www.europesays.com\/de\/wp-json\/wp\/v2\/media?parent=713119"}],"wp:term":[{"taxonomy":"category","embeddable":true,"href":"https:\/\/www.europesays.com\/de\/wp-json\/wp\/v2\/categories?post=713119"},{"taxonomy":"post_tag","embeddable":true,"href":"https:\/\/www.europesays.com\/de\/wp-json\/wp\/v2\/tags?post=713119"}],"curies":[{"name":"wp","href":"https:\/\/api.w.org\/{rel}","templated":true}]}}