{"id":713125,"date":"2026-01-12T18:03:11","date_gmt":"2026-01-12T18:03:11","guid":{"rendered":"https:\/\/www.europesays.com\/de\/713125\/"},"modified":"2026-01-12T18:03:11","modified_gmt":"2026-01-12T18:03:11","slug":"angeklagter-soll-bereits-kinder-in-chemnitz-bedraengt-haben","status":"publish","type":"post","link":"https:\/\/www.europesays.com\/de\/713125\/","title":{"rendered":"Angeklagter soll bereits Kinder in Chemnitz bedr\u00e4ngt haben"},"content":{"rendered":"<p class=\"bold\">\n\t\t\t\t\t\t\t\t\t\tEin 25-J\u00e4hriger muss sich nach dem \u00dcbergriff auf ein Schulkind vor Gericht verantworten. Die Staatsanwaltschaft sieht in ihm aufgrund einer psychischen Erkrankung eine Gefahr f\u00fcr die Allgemeinheit.\t\t\t\t<\/p>\n<p>\t\t\t\t Diese Tat sorgte in Schneeberg f\u00fcr Aufregung: Am 27. Juli 2025 wurde ein neunj\u00e4hriger Junge von einem Mann festgehalten und gegen seinen Willen gek\u00fcsst. Nur durch die Zivilcourage eines Anwohners konnte Schlimmeres verhindert werden. Seit Montag muss sich der mutma\u00dfliche T\u00e4ter vor dem Landgericht Chemnitz verantworten. Im Prozess wurde&#8230;<\/p>\n<p>\t\t<img decoding=\"async\" class=\"fp-plus-logo\" src=\"https:\/\/www.freiepresse.de\/img\/fpplus.svg\" alt=\"Freie Presse plus Logo\"\/><\/p>\n<p>Registrieren und testen.<\/p>\n<p>Jetzt mit Ihrer Registrierung 1 Monat gratis testen und alle Beitr\u00e4ge lesen.<\/p>\n<p>Schon Abonnent? Melden Sie sich mit ihren Zugangsdaten an.<\/p>\n","protected":false},"excerpt":{"rendered":"Ein 25-J\u00e4hriger muss sich nach dem \u00dcbergriff auf ein Schulkind vor Gericht verantworten. Die Staatsanwaltschaft sieht in ihm&hellip;\n","protected":false},"author":2,"featured_media":713126,"comment_status":"","ping_status":"","sticky":false,"template":"","format":"standard","meta":{"footnotes":""},"categories":[1851],"tags":[2770,3364,29,548,663,3934,18853,30,13,14,15,859,12],"class_list":{"0":"post-713125","1":"post","2":"type-post","3":"status-publish","4":"format-standard","5":"has-post-thumbnail","7":"category-chemnitz","8":"tag-chemnitz","9":"tag-de","10":"tag-deutschland","11":"tag-eu","12":"tag-europa","13":"tag-europe","14":"tag-gericht-rechtsstreit","15":"tag-germany","16":"tag-headlines","17":"tag-nachrichten","18":"tag-news","19":"tag-sachsen","20":"tag-schlagzeilen"},"share_on_mastodon":{"url":"https:\/\/pubeurope.com\/@de\/115883449008075003","error":""},"_links":{"self":[{"href":"https:\/\/www.europesays.com\/de\/wp-json\/wp\/v2\/posts\/713125","targetHints":{"allow":["GET"]}}],"collection":[{"href":"https:\/\/www.europesays.com\/de\/wp-json\/wp\/v2\/posts"}],"about":[{"href":"https:\/\/www.europesays.com\/de\/wp-json\/wp\/v2\/types\/post"}],"author":[{"embeddable":true,"href":"https:\/\/www.europesays.com\/de\/wp-json\/wp\/v2\/users\/2"}],"replies":[{"embeddable":true,"href":"https:\/\/www.europesays.com\/de\/wp-json\/wp\/v2\/comments?post=713125"}],"version-history":[{"count":0,"href":"https:\/\/www.europesays.com\/de\/wp-json\/wp\/v2\/posts\/713125\/revisions"}],"wp:featuredmedia":[{"embeddable":true,"href":"https:\/\/www.europesays.com\/de\/wp-json\/wp\/v2\/media\/713126"}],"wp:attachment":[{"href":"https:\/\/www.europesays.com\/de\/wp-json\/wp\/v2\/media?parent=713125"}],"wp:term":[{"taxonomy":"category","embeddable":true,"href":"https:\/\/www.europesays.com\/de\/wp-json\/wp\/v2\/categories?post=713125"},{"taxonomy":"post_tag","embeddable":true,"href":"https:\/\/www.europesays.com\/de\/wp-json\/wp\/v2\/tags?post=713125"}],"curies":[{"name":"wp","href":"https:\/\/api.w.org\/{rel}","templated":true}]}}