{"id":713127,"date":"2026-01-12T18:04:18","date_gmt":"2026-01-12T18:04:18","guid":{"rendered":"https:\/\/www.europesays.com\/de\/713127\/"},"modified":"2026-01-12T18:04:18","modified_gmt":"2026-01-12T18:04:18","slug":"volkswagen-halle-braunschweig-bleibt-leer-torsten-straeter-sagt-auftritt-ab","status":"publish","type":"post","link":"https:\/\/www.europesays.com\/de\/713127\/","title":{"rendered":"Volkswagen Halle Braunschweig bleibt leer: Torsten Str\u00e4ter sagt Auftritt ab"},"content":{"rendered":"<p>Torsten Str\u00e4ter hat seine geplanten Auftritte abgesagt. | Foto: Marvin Ruppert<\/p>\n<p class=\"datum\">12.01.2026, 17:04 Uhr<\/p>\n<p><strong>Braunschweig. Torsten Str\u00e4ter ist seit Jahren eine feste Gr\u00f6\u00dfe in der deutschen Comedy-Szene. Mit seinem Ruhrpott-Humor begeistert er das Publikum nicht nur auf der B\u00fchne, sondern auch als Schriftsteller sowie als H\u00f6rbuch- und Synchronsprecher. Am 12. Februar sollte er in der Volkswagen Halle Braunschweig auftreten, doch daraus wird nun vorerst nichts.<br \/><\/strong><br \/>\n<\/p>\n<p>Wie das Management des Kabarettisten auf dessen Website mitteilt, m\u00fcssen alle bevorstehenden Auftritte von Torsten Str\u00e4ter im Zeitraum von Januar bis M\u00e4rz 2026 abgesagt werden, darunter auch der Termin in der L\u00f6wenstadt. Grund hierf\u00fcr sei eine Erkrankung, die eine l\u00e4ngerfristige Regenerationsphase erfordere. N\u00e4here Informationen gibt es nicht, das Management bittet die Presse jedoch darum, die Privatsph\u00e4re des K\u00fcnstlers zu respektieren und von weiteren Nachfragen abzusehen.<\/p>\n<p>So geht es f\u00fcr das Publikum weiter<\/p>\n<p>Torsten Str\u00e4ter h\u00e4tte in der n\u00e4chsten Zeit in etlichen St\u00e4dten auftreten sollen. Seitens seines Managements hei\u00dft es, dass aufgrund der Vielzahl der abgesagten Termine keine Ersatzshows angeboten werden k\u00f6nnten. Wer bereits ein Ticket f\u00fcr den Auftritt <a class=\"redlink\" href=\"https:\/\/regionalheute.de\/braunschweig\/\" target=\"_blank\" rel=\"noopener\">in Braunschweig<\/a> gekauft hatte, kann Informationen zur R\u00fcckerstattung der Tickets auf der Website des jeweiligen Ticketanbieters oder direkt beim Veranstalter finden.<\/p>\n","protected":false},"excerpt":{"rendered":"Torsten Str\u00e4ter hat seine geplanten Auftritte abgesagt. | Foto: Marvin Ruppert 12.01.2026, 17:04 Uhr Braunschweig. Torsten Str\u00e4ter ist&hellip;\n","protected":false},"author":2,"featured_media":713128,"comment_status":"","ping_status":"","sticky":false,"template":"","format":"standard","meta":{"footnotes":""},"categories":[1850],"tags":[6429,3364,29,548,663,3934,30,13,14,15,1411,12],"class_list":{"0":"post-713127","1":"post","2":"type-post","3":"status-publish","4":"format-standard","5":"has-post-thumbnail","7":"category-braunschweig","8":"tag-braunschweig","9":"tag-de","10":"tag-deutschland","11":"tag-eu","12":"tag-europa","13":"tag-europe","14":"tag-germany","15":"tag-headlines","16":"tag-nachrichten","17":"tag-news","18":"tag-niedersachsen","19":"tag-schlagzeilen"},"share_on_mastodon":{"url":"https:\/\/pubeurope.com\/@de\/115883452946382444","error":""},"_links":{"self":[{"href":"https:\/\/www.europesays.com\/de\/wp-json\/wp\/v2\/posts\/713127","targetHints":{"allow":["GET"]}}],"collection":[{"href":"https:\/\/www.europesays.com\/de\/wp-json\/wp\/v2\/posts"}],"about":[{"href":"https:\/\/www.europesays.com\/de\/wp-json\/wp\/v2\/types\/post"}],"author":[{"embeddable":true,"href":"https:\/\/www.europesays.com\/de\/wp-json\/wp\/v2\/users\/2"}],"replies":[{"embeddable":true,"href":"https:\/\/www.europesays.com\/de\/wp-json\/wp\/v2\/comments?post=713127"}],"version-history":[{"count":0,"href":"https:\/\/www.europesays.com\/de\/wp-json\/wp\/v2\/posts\/713127\/revisions"}],"wp:featuredmedia":[{"embeddable":true,"href":"https:\/\/www.europesays.com\/de\/wp-json\/wp\/v2\/media\/713128"}],"wp:attachment":[{"href":"https:\/\/www.europesays.com\/de\/wp-json\/wp\/v2\/media?parent=713127"}],"wp:term":[{"taxonomy":"category","embeddable":true,"href":"https:\/\/www.europesays.com\/de\/wp-json\/wp\/v2\/categories?post=713127"},{"taxonomy":"post_tag","embeddable":true,"href":"https:\/\/www.europesays.com\/de\/wp-json\/wp\/v2\/tags?post=713127"}],"curies":[{"name":"wp","href":"https:\/\/api.w.org\/{rel}","templated":true}]}}