{"id":713150,"date":"2026-01-12T18:16:10","date_gmt":"2026-01-12T18:16:10","guid":{"rendered":"https:\/\/www.europesays.com\/de\/713150\/"},"modified":"2026-01-12T18:16:10","modified_gmt":"2026-01-12T18:16:10","slug":"disco-in-der-wasserwelt-ist-ein-volltreffer","status":"publish","type":"post","link":"https:\/\/www.europesays.com\/de\/713150\/","title":{"rendered":"Disco in der Wasserwelt ist ein Volltreffer"},"content":{"rendered":"<p class=\"text_ohne_einzug richtext text-em-55 !leading-serif mx-6 desktop:mx-0\"> Das ist schon etwas Besonderes: <a href=\"https:\/\/rp-online.de\/thema\/nebel\/\" target=\"_blank\" rel=\"noopener\">Nebel<\/a> taucht das Hallenbad in eine ganz spezielle Atmosph\u00e4re. Bunte Lichter und Musik, das gibt es \u00fcblicherweise sonst auch nicht in der Wasserwelt. Doch am Samstag war alles ganz anders: Denn anl\u00e4sslich ihres 75. Jubil\u00e4ums hat die W\u00fclfrather Ortsgruppe der Deutschen Lebens-Rettungs-Gesellschaft, kurz DLRG, aus dem Schwimmbad eine echte Wasserdisco f\u00fcr Kinder und Jugendliche gezaubert.<\/p>\n","protected":false},"excerpt":{"rendered":"Das ist schon etwas Besonderes: Nebel taucht das Hallenbad in eine ganz spezielle Atmosph\u00e4re. Bunte Lichter und Musik,&hellip;\n","protected":false},"author":2,"featured_media":713151,"comment_status":"","ping_status":"","sticky":false,"template":"","format":"standard","meta":{"footnotes":""},"categories":[1840],"tags":[36617,3364,29,5892,64180,30,15842,1635,6158,810,1209,164319,17610,3699,27167,4418],"class_list":{"0":"post-713150","1":"post","2":"type-post","3":"status-publish","4":"format-standard","5":"has-post-thumbnail","7":"category-wuppertal","8":"tag-dlrg","9":"tag-de","10":"tag-deutschland","11":"tag-disco","12":"tag-finde","13":"tag-germany","14":"tag-hallenbad","15":"tag-jugend","16":"tag-licht","17":"tag-musik","18":"tag-nordrhein-westfalen","19":"tag-stadtjugendrings","20":"tag-tolle","21":"tag-veranstaltung","22":"tag-wuelfrath","23":"tag-wuppertal"},"share_on_mastodon":{"url":"https:\/\/pubeurope.com\/@de\/115883500150639716","error":""},"_links":{"self":[{"href":"https:\/\/www.europesays.com\/de\/wp-json\/wp\/v2\/posts\/713150","targetHints":{"allow":["GET"]}}],"collection":[{"href":"https:\/\/www.europesays.com\/de\/wp-json\/wp\/v2\/posts"}],"about":[{"href":"https:\/\/www.europesays.com\/de\/wp-json\/wp\/v2\/types\/post"}],"author":[{"embeddable":true,"href":"https:\/\/www.europesays.com\/de\/wp-json\/wp\/v2\/users\/2"}],"replies":[{"embeddable":true,"href":"https:\/\/www.europesays.com\/de\/wp-json\/wp\/v2\/comments?post=713150"}],"version-history":[{"count":0,"href":"https:\/\/www.europesays.com\/de\/wp-json\/wp\/v2\/posts\/713150\/revisions"}],"wp:featuredmedia":[{"embeddable":true,"href":"https:\/\/www.europesays.com\/de\/wp-json\/wp\/v2\/media\/713151"}],"wp:attachment":[{"href":"https:\/\/www.europesays.com\/de\/wp-json\/wp\/v2\/media?parent=713150"}],"wp:term":[{"taxonomy":"category","embeddable":true,"href":"https:\/\/www.europesays.com\/de\/wp-json\/wp\/v2\/categories?post=713150"},{"taxonomy":"post_tag","embeddable":true,"href":"https:\/\/www.europesays.com\/de\/wp-json\/wp\/v2\/tags?post=713150"}],"curies":[{"name":"wp","href":"https:\/\/api.w.org\/{rel}","templated":true}]}}