{"id":713172,"date":"2026-01-12T18:30:20","date_gmt":"2026-01-12T18:30:20","guid":{"rendered":"https:\/\/www.europesays.com\/de\/713172\/"},"modified":"2026-01-12T18:30:20","modified_gmt":"2026-01-12T18:30:20","slug":"glatteis-und-windboeen-zum-wochenstart-in-sh","status":"publish","type":"post","link":"https:\/\/www.europesays.com\/de\/713172\/","title":{"rendered":"Glatteis und Windb\u00f6en zum Wochenstart in SH"},"content":{"rendered":"<p>        <img decoding=\"async\" src=\"https:\/\/www.europesays.com\/de\/wp-content\/uploads\/2026\/01\/schnee-972.webp.webp\" alt=\"Eine Frau &quot;schlittert&quot; am Morgen mit ihrem Fahrrad \u00fcber eine schneebedeckte glatte Stra\u00dfe.\" title=\"Eine Frau &quot;schlittert&quot; am Morgen mit ihrem Fahrrad \u00fcber eine schneebedeckte glatte Stra\u00dfe. | picture alliance\/dpa\" class=\"responsive\"\/><\/p>\n<p>AUDIO: Gl\u00e4tteunf\u00e4lle in SH (1 Min)<\/p>\n<p>\n                Stand: 12.01.2026 17:51 Uhr<\/p>\n<p class=\"preface\">Am Montagvormitttag gab es in vielen Teilen von Schleswig-Holstein leichten Schneefall. Sp\u00e4ter sorgte warme Luft daf\u00fcr, dass aus Schnee Regen wurde. Und der verwandelte sich am Boden vielerorts zu  Glatteis.<\/p>\n<p class=\"\">Wegen \u00fcberfrierender N\u00e4sse gab es am Montagabend <a href=\"https:\/\/www.ndr.de\/nachrichten\/info\/glaette-wegen-blitzeis-unwetterwarnung-fuer-alle-nord-laender,glatt-100.html\" title=\"Gl\u00e4tte wegen Blitzeis: Unwetterwarnung f\u00fcr alle Nord-L\u00e4nder\" target=\"_blank\" rel=\"noopener\">zahlreiche Unf\u00e4lle<\/a> in Schleswig-Holstein. Es gilt weiterhin eine <a href=\"https:\/\/www.wettergefahren.de\/warnungen\/warnsituation\/warnlagebericht\/schleswig_holstein_und_hamburg.html\" title=\"Unwetterwarnung\" class=\"js-link-dialog\" data-type=\"external\" target=\"_blank\" rel=\"noopener\">Unwetterwarnung des Deutsche Wetterdienstes<\/a> (DWD) vor Glatteis. Warme Luft sorgte daf\u00fcr, dass sich Schnee, der von Westen aufzog und nach Fehmarn (<a href=\"https:\/\/www.ndr.de\/nachrichten\/schleswig-holstein\/Ostholstein-Aktuelle-Nachrichten-und-Videos,ostholstein126.html\" title=\"Ostholstein - Aktuelle Nachrichten und Videos\" target=\"_blank\" rel=\"noopener\">Kreis Ostholstein<\/a>) zog, in Regen verwandelte &#8211; erkl\u00e4rt NDR-Wetterexperte Sebastian Wache. &#8222;Diese \u00dcbergangsphase, wenn Schnee in Regen \u00fcbergeht, ist kritisch. Die zum Teil unterk\u00fchlten Wassertr\u00f6pfchen fallen dann durch die kalte Luft. Und sobald sie zu Boden treffen, gefrieren sie sofort zu Blitzeis&#8220;, sagt er. Es k\u00f6nnten sich an Autos oder auf dem Kopfsteinpflaster regelrechte Eispanzer bilden.<\/p>\n<p>    Windb\u00f6en an der K\u00fcste<\/p>\n<p class=\"\">Zu dem Glatteis kam der Wind: Auf <a href=\"https:\/\/www.ndr.de\/nachrichten\/schleswig-holstein\/Helgoland-News-und-Videos-von-der-Nordsee-Insel,helgoland1340.html\" title=\"Helgoland - News und Videos von der Nordsee-Insel\" target=\"_blank\" rel=\"noopener\">Helgoland<\/a> (<a href=\"https:\/\/www.ndr.de\/nachrichten\/schleswig-holstein\/Kreis-Pinneberg-Aktuelle-Nachrichten-und-Videos,pinneberg280.html\" title=\"Kreis Pinneberg - Aktuelle Nachrichten und Videos\" target=\"_blank\" rel=\"noopener\">Kreis Pinneberg<\/a>), den <a href=\"https:\/\/www.ndr.de\/nachrichten\/schleswig-holstein\/Nordfriesland-Aktuelle-Nachrichten-und-Videos,nordfriesland174.html\" title=\"Nordfriesland - Aktuelle Nachrichten und Videos\" target=\"_blank\" rel=\"noopener\">Nordfriesischen Inseln<\/a> und an der Nordseek\u00fcste wurde es bis zum Mittag sehr windig.<\/p>\n<p class=\"\">In den n\u00e4chsten Tagen werden laut Wache mildere Temperaturen erwartet. &#8222;Die Temperaturen gehen peu \u00e0 peu nach oben. Richtung Wochenende k\u00f6nnen es 5, 6, vielleicht 7, 8 Grad plus werden&#8220;, so Wache. Solange es noch Schneematsch gebe, bestehe aber weiterhin die Gefahr von \u00fcberfrierender N\u00e4sse. So ist auch am Dienstag \u00f6rtlich Glatteis m\u00f6glich &#8211; und der DWD warnt zudem vor Nebel mit Sichtweiten unter 150 Metern.<\/p>\n<p>        <img decoding=\"async\" src=\"https:\/\/www.europesays.com\/de\/wp-content\/uploads\/2026\/01\/screenshot-106602.webp.webp\" alt=\"Ein besch\u00e4digter Lkw nach einem Unfall bei Winterwetter.\" title=\"Ein besch\u00e4digter Lkw nach einem Unfall bei Winterwetter. | Screenshot\" class=\"responsive\" loading=\"lazy\"\/><\/p>\n<p>In Niedersachsen und Hamburg gab es Unf\u00e4lle &#8211; mehrere Autobahn-Abschnitte wurden gesperrt. Auch die Bahn ringt weiter mit Schnee und Eis.<\/p>\n<p>        <img decoding=\"async\" src=\"https:\/\/www.europesays.com\/de\/wp-content\/uploads\/2026\/01\/wetter-5738.webp.webp\" alt=\"Wetterexperte Sebastian Wache steht im Studio mit der Wettervorhersage.\" title=\"Wetterexperte Sebastian Wache steht im Studio mit der Wettervorhersage. | NDR\" class=\"responsive\" loading=\"lazy\"\/><\/p>\n<p>\n                                    2 Min<\/p>\n<p>NDR Schleswig-Holstein Wetterexperte Sebastian Wache mit den Aussichten f\u00fcr den 12. Januar und die kommenden Tage.<\/p>\n<p>        <img decoding=\"async\" src=\"https:\/\/www.europesays.com\/de\/wp-content\/uploads\/2026\/01\/glatteis-166.webp.webp\" alt=\"Autos fahren bei gefrierenden Regen \u00fcber eine Stra\u00dfe =\" title=\"Autos fahren bei gefrierenden Regen \u00fcber eine Stra\u00dfe = | lbn brb\" class=\"responsive\" loading=\"lazy\"\/><\/p>\n<p>\n                                    1 Min<\/p>\n<p>Es ist glatt auf vielen Stra\u00dfen in Schleswig-Holstein &#8211; und es gibt bereits zahlreiche Gl\u00e4tteunf\u00e4lle. Auf der A7 bei Quickborn gab es in Richtung Hamburg eine Vollsperrung. <\/p>\n<p>        <img decoding=\"async\" src=\"https:\/\/www.europesays.com\/de\/wp-content\/uploads\/2026\/01\/glatteis-166.webp.webp\" alt=\"Autos fahren bei gefrierenden Regen \u00fcber eine Stra\u00dfe =\" title=\"Autos fahren bei gefrierenden Regen \u00fcber eine Stra\u00dfe = | lbn brb\" class=\"responsive\" loading=\"lazy\"\/><\/p>\n<p>Warme Luft sorgte daf\u00fcr, dass sich Schnee in Regen verwandelte. Und das sorgte f\u00fcr gef\u00e4hrlich glatte Stra\u00dfen &#8211; und zahlreiche Unf\u00e4lle.<\/p>\n<p>        <img decoding=\"async\" src=\"https:\/\/www.europesays.com\/de\/wp-content\/uploads\/2026\/01\/schule-364.webp.webp\" alt=\"Ein Verkehrsschild &quot;Achtung, Schule!&quot; bei Schneefall.\" title=\"Ein Verkehrsschild &quot;Achtung, Schule!&quot; bei Schneefall. | picture alliance\/dpa | Marcus Brandt\" class=\"responsive\" loading=\"lazy\"\/><\/p>\n<p>Wegen Sturmtief &#8222;Elli&#8220; fand am Freitag vielerorts kein Unterricht statt. Am Montag fiel in einzelnen Schulen der Unterricht am Nachmittag aus. <\/p>\n<p>        <img decoding=\"async\" src=\"https:\/\/www.europesays.com\/de\/wp-content\/uploads\/2026\/01\/eisbrecher-136.webp.webp\" alt=\"Ein Eisbrecher in Geesthacht.\" title=\"Ein Eisbrecher in Geesthacht. | Daniel Friedrichs\" class=\"responsive\" loading=\"lazy\"\/><\/p>\n<p>Durch anhaltende Minusgrade steht auf der Elbe das Eis. Vor Geesthacht im Lauenburgischen sind Eisbrecher im Einsatz.<\/p>\n<p>        <img decoding=\"async\" src=\"https:\/\/www.europesays.com\/de\/wp-content\/uploads\/2026\/01\/schneesturm-138.webp.webp\" alt=\"Ein Zug der Nordbahn steht an einem Gleis des Bahnhofs in Heide.\" title=\"Ein Zug der Nordbahn steht an einem Gleis des Bahnhofs in Heide. | Sam-Luke Ferrier, NDR\" class=\"responsive\" loading=\"lazy\"\/><\/p>\n<p>Das Wetter k\u00f6nnte Reisenden in Schleswig.Holstein heute erneut einen Strich durch die Rechnung machen. <\/p>\n<p>Dieses Thema im Programm:<\/p>\n<p>                NDR 1 Welle Nord | Nachrichten f\u00fcr Schleswig-Holstein | 12.01.2026 | 17:00 Uhr<\/p>\n","protected":false},"excerpt":{"rendered":"AUDIO: Gl\u00e4tteunf\u00e4lle in SH (1 Min) Stand: 12.01.2026 17:51 Uhr Am Montagvormitttag gab es in vielen Teilen von&hellip;\n","protected":false},"author":2,"featured_media":712726,"comment_status":"","ping_status":"","sticky":false,"template":"","format":"standard","meta":{"footnotes":""},"categories":[5],"tags":[331,332,3364,29,30,42751,13,29916,2086,12158,12159,14,15,12,16406,97394,9608,4028,4951],"class_list":{"0":"post-713172","1":"post","2":"type-post","3":"status-publish","4":"format-standard","5":"has-post-thumbnail","7":"category-nachrichten","8":"tag-aktuelle-nachrichten","9":"tag-aktuelle-news","10":"tag-de","11":"tag-deutschland","12":"tag-germany","13":"tag-glaette","14":"tag-headlines","15":"tag-kreis-dithmarschen","16":"tag-kreis-pinneberg","17":"tag-kreis-rendsburg-eckernfoerde","18":"tag-kreis-schleswig-flensburg","19":"tag-nachrichten","20":"tag-news","21":"tag-schlagzeilen","22":"tag-schnee","23":"tag-schneesturm","24":"tag-sturm","25":"tag-unwetter","26":"tag-winter"},"share_on_mastodon":{"url":"https:\/\/pubeurope.com\/@de\/115883555567571010","error":""},"_links":{"self":[{"href":"https:\/\/www.europesays.com\/de\/wp-json\/wp\/v2\/posts\/713172","targetHints":{"allow":["GET"]}}],"collection":[{"href":"https:\/\/www.europesays.com\/de\/wp-json\/wp\/v2\/posts"}],"about":[{"href":"https:\/\/www.europesays.com\/de\/wp-json\/wp\/v2\/types\/post"}],"author":[{"embeddable":true,"href":"https:\/\/www.europesays.com\/de\/wp-json\/wp\/v2\/users\/2"}],"replies":[{"embeddable":true,"href":"https:\/\/www.europesays.com\/de\/wp-json\/wp\/v2\/comments?post=713172"}],"version-history":[{"count":0,"href":"https:\/\/www.europesays.com\/de\/wp-json\/wp\/v2\/posts\/713172\/revisions"}],"wp:featuredmedia":[{"embeddable":true,"href":"https:\/\/www.europesays.com\/de\/wp-json\/wp\/v2\/media\/712726"}],"wp:attachment":[{"href":"https:\/\/www.europesays.com\/de\/wp-json\/wp\/v2\/media?parent=713172"}],"wp:term":[{"taxonomy":"category","embeddable":true,"href":"https:\/\/www.europesays.com\/de\/wp-json\/wp\/v2\/categories?post=713172"},{"taxonomy":"post_tag","embeddable":true,"href":"https:\/\/www.europesays.com\/de\/wp-json\/wp\/v2\/tags?post=713172"}],"curies":[{"name":"wp","href":"https:\/\/api.w.org\/{rel}","templated":true}]}}