{"id":713187,"date":"2026-01-12T18:38:11","date_gmt":"2026-01-12T18:38:11","guid":{"rendered":"https:\/\/www.europesays.com\/de\/713187\/"},"modified":"2026-01-12T18:38:11","modified_gmt":"2026-01-12T18:38:11","slug":"regulaerer-schulbetrieb-ab-dienstag-wieder-praesenzunterricht-in-garbsen-und-der-region-hannover","status":"publish","type":"post","link":"https:\/\/www.europesays.com\/de\/713187\/","title":{"rendered":"Regul\u00e4rer Schulbetrieb &#8211; Ab Dienstag wieder Pr\u00e4senzunterricht in Garbsen und der Region Hannover"},"content":{"rendered":"<p>&#13;<br \/>\n        &#13;<br \/>\n&#13;<br \/>\n        &#13;<\/p>\n<p>            <a href=\"https:\/\/garbsen-city-news.de\/wp-content\/uploads\/2026\/01\/Luftbild-Google-earth-13.png\" data-caption=\"Dieses Beitragsbild wurde mit KI erstellt\/GCN\" target=\"_blank\" rel=\"noopener\"><img loading=\"lazy\" decoding=\"async\" width=\"696\" height=\"392\" class=\"entry-thumb td-modal-image\" src=\"https:\/\/www.europesays.com\/de\/wp-content\/uploads\/2026\/01\/Luftbild-Google-earth-13-696x392.png\"   alt=\"\" title=\"Luftbild Google earth-13\"\/><\/a>Dieses Beitragsbild wurde mit KI erstellt\/GCN<\/p>\n<p data-start=\"42\" data-end=\"128\">Garbsen\/Region Hannover \u2013 Regul\u00e4rer Schulbetrieb \u2013 Ab Dienstag wieder Pr\u00e4senzunterricht in Garbsen und der Region Hannover.<\/p>\n<p data-start=\"130\" data-end=\"396\">Nach den witterungsbedingten Einschr\u00e4nkungen der vergangenen Tage kehrt der Schulalltag nun wieder zur Normalit\u00e4t zur\u00fcck: <strong data-start=\"252\" data-end=\"396\">Ab morgen, Dienstag, 13. Januar 2026, findet in der gesamten Region Hannover wieder regul\u00e4rer Pr\u00e4senzunterricht statt.<\/strong><\/p>\n<p data-start=\"398\" data-end=\"685\">Die Regelung gilt <strong data-start=\"416\" data-end=\"475\">f\u00fcr alle allgemeinbildenden und berufsbildenden Schulen<\/strong> in der Region \u2013 <strong data-start=\"492\" data-end=\"555\">einschlie\u00dflich der Schulen in der Landeshauptstadt Hannover<\/strong>. Damit sind auch Sch\u00fclerinnen und Sch\u00fcler aus <strong data-start=\"602\" data-end=\"643\">Garbsen<\/strong> wieder wie gewohnt im Unterricht vor Ort.<\/p>\n<p>R\u00fcckkehr zum normalen Schulalltag<\/p>\n<p data-start=\"725\" data-end=\"984\">Nach Einsch\u00e4tzung der Region Hannover lassen die aktuellen Wetter- und Verkehrsbedingungen einen sicheren Schulbetrieb wieder zu. Der Unterricht erfolgt ab Dienstag <strong data-start=\"890\" data-end=\"915\">ohne Sonderregelungen<\/strong>, Distanzunterricht oder Betreuungsl\u00f6sungen treten damit au\u00dfer Kraft.<\/p>\n<p>Empfehlung an Eltern und Sch\u00fcler<\/p>\n<p data-start=\"1023\" data-end=\"1292\">Trotz der R\u00fcckkehr zum Pr\u00e4senzunterricht wird empfohlen, <strong data-start=\"1080\" data-end=\"1129\">weiterhin vorsichtig auf dem Schulweg zu sein<\/strong>, da es \u00f6rtlich noch zu winterlichen Restbedingungen kommen kann. Angepasste Kleidung und etwas mehr Zeit am Morgen k\u00f6nnen helfen, sicher in der Schule anzukommen. Bitte auch regelm\u00e4\u00dfig die Internetseiten der \u00dcSTRA beachten, wegen der Schulbusse.<\/p>\n<p data-start=\"1294\" data-end=\"1455\" data-is-last-node=\"\" data-is-only-node=\"\">Weitere Informationen erhalten Eltern und Sch\u00fclerinnen und Sch\u00fcler bei Bedarf direkt \u00fcber die jeweiligen Schulen oder die offiziellen Kan\u00e4le der Region Hannover.<\/p>\n<p data-start=\"1294\" data-end=\"1455\" data-is-last-node=\"\" data-is-only-node=\"\">GCN\/bs<\/p>\n<p>        &#13;<br \/>\n&#13;<br \/>\n        &#13;<br \/>\n                        &#13;<br \/>\n            &#13;<br \/>\n&#13;<br \/>\n                                                        &#13;<br \/>\n&#13;<\/p>\n","protected":false},"excerpt":{"rendered":"&#13; &#13; &#13; &#13; Dieses Beitragsbild wurde mit KI erstellt\/GCN Garbsen\/Region Hannover \u2013 Regul\u00e4rer Schulbetrieb \u2013 Ab Dienstag&hellip;\n","protected":false},"author":2,"featured_media":713188,"comment_status":"","ping_status":"","sticky":false,"template":"","format":"standard","meta":{"footnotes":""},"categories":[1836],"tags":[3364,29,30,46,1411],"class_list":{"0":"post-713187","1":"post","2":"type-post","3":"status-publish","4":"format-standard","5":"has-post-thumbnail","7":"category-hannover","8":"tag-de","9":"tag-deutschland","10":"tag-germany","11":"tag-hannover","12":"tag-niedersachsen"},"share_on_mastodon":{"url":"https:\/\/pubeurope.com\/@de\/115883586699762739","error":""},"_links":{"self":[{"href":"https:\/\/www.europesays.com\/de\/wp-json\/wp\/v2\/posts\/713187","targetHints":{"allow":["GET"]}}],"collection":[{"href":"https:\/\/www.europesays.com\/de\/wp-json\/wp\/v2\/posts"}],"about":[{"href":"https:\/\/www.europesays.com\/de\/wp-json\/wp\/v2\/types\/post"}],"author":[{"embeddable":true,"href":"https:\/\/www.europesays.com\/de\/wp-json\/wp\/v2\/users\/2"}],"replies":[{"embeddable":true,"href":"https:\/\/www.europesays.com\/de\/wp-json\/wp\/v2\/comments?post=713187"}],"version-history":[{"count":0,"href":"https:\/\/www.europesays.com\/de\/wp-json\/wp\/v2\/posts\/713187\/revisions"}],"wp:featuredmedia":[{"embeddable":true,"href":"https:\/\/www.europesays.com\/de\/wp-json\/wp\/v2\/media\/713188"}],"wp:attachment":[{"href":"https:\/\/www.europesays.com\/de\/wp-json\/wp\/v2\/media?parent=713187"}],"wp:term":[{"taxonomy":"category","embeddable":true,"href":"https:\/\/www.europesays.com\/de\/wp-json\/wp\/v2\/categories?post=713187"},{"taxonomy":"post_tag","embeddable":true,"href":"https:\/\/www.europesays.com\/de\/wp-json\/wp\/v2\/tags?post=713187"}],"curies":[{"name":"wp","href":"https:\/\/api.w.org\/{rel}","templated":true}]}}