{"id":713189,"date":"2026-01-12T18:39:17","date_gmt":"2026-01-12T18:39:17","guid":{"rendered":"https:\/\/www.europesays.com\/de\/713189\/"},"modified":"2026-01-12T18:39:17","modified_gmt":"2026-01-12T18:39:17","slug":"hannover-96-verpflichtet-islaendischen-nationalspieler","status":"publish","type":"post","link":"https:\/\/www.europesays.com\/de\/713189\/","title":{"rendered":"Hannover 96 verpflichtet isl\u00e4ndischen Nationalspieler"},"content":{"rendered":"<p class=\"is-first-paragraph\" data-external=\"Article.FirstParagraph\">Fu\u00dfball-Zweitligist Hannover 96 hat den isl\u00e4ndischen Nationalspieler Stefan Teitur Thordarson vom englischen Zweitligisten Preston North End verpflichtet. Wie der Club mitteilte, erh\u00e4lt der 27-J\u00e4hrige einen Vertrag bis zum 30. Juni 2029. Der Mittelfeldspieler absolvierte f\u00fcr Preston 54 Ligaspiele und f\u00fcr die Nationalmannschaft 34 Partien.<\/p>\n<p>\u00abMit Stefan bekommen wir einen erfahrenen Spieler f\u00fcr das Mittelfeldzentrum dazu, den wir mit diesem Profil so noch nicht im Kader haben und der sicherlich zu noch mehr Stabilit\u00e4t in unserem Spiel beitragen kann\u00bb, sagte Gesch\u00e4ftsf\u00fchrer J\u00f6rg Schmadtke. Thordarson wird am Dienstag erstmals mit seinem neuen Team trainieren.<\/p>\n","protected":false},"excerpt":{"rendered":"Fu\u00dfball-Zweitligist Hannover 96 hat den isl\u00e4ndischen Nationalspieler Stefan Teitur Thordarson vom englischen Zweitligisten Preston North End verpflichtet. Wie&hellip;\n","protected":false},"author":2,"featured_media":713190,"comment_status":"","ping_status":"","sticky":false,"template":"","format":"standard","meta":{"footnotes":""},"categories":[1836],"tags":[3364,29,30,46,1411],"class_list":{"0":"post-713189","1":"post","2":"type-post","3":"status-publish","4":"format-standard","5":"has-post-thumbnail","7":"category-hannover","8":"tag-de","9":"tag-deutschland","10":"tag-germany","11":"tag-hannover","12":"tag-niedersachsen"},"share_on_mastodon":{"url":"https:\/\/pubeurope.com\/@de\/115883590925072935","error":""},"_links":{"self":[{"href":"https:\/\/www.europesays.com\/de\/wp-json\/wp\/v2\/posts\/713189","targetHints":{"allow":["GET"]}}],"collection":[{"href":"https:\/\/www.europesays.com\/de\/wp-json\/wp\/v2\/posts"}],"about":[{"href":"https:\/\/www.europesays.com\/de\/wp-json\/wp\/v2\/types\/post"}],"author":[{"embeddable":true,"href":"https:\/\/www.europesays.com\/de\/wp-json\/wp\/v2\/users\/2"}],"replies":[{"embeddable":true,"href":"https:\/\/www.europesays.com\/de\/wp-json\/wp\/v2\/comments?post=713189"}],"version-history":[{"count":0,"href":"https:\/\/www.europesays.com\/de\/wp-json\/wp\/v2\/posts\/713189\/revisions"}],"wp:featuredmedia":[{"embeddable":true,"href":"https:\/\/www.europesays.com\/de\/wp-json\/wp\/v2\/media\/713190"}],"wp:attachment":[{"href":"https:\/\/www.europesays.com\/de\/wp-json\/wp\/v2\/media?parent=713189"}],"wp:term":[{"taxonomy":"category","embeddable":true,"href":"https:\/\/www.europesays.com\/de\/wp-json\/wp\/v2\/categories?post=713189"},{"taxonomy":"post_tag","embeddable":true,"href":"https:\/\/www.europesays.com\/de\/wp-json\/wp\/v2\/tags?post=713189"}],"curies":[{"name":"wp","href":"https:\/\/api.w.org\/{rel}","templated":true}]}}