{"id":713208,"date":"2026-01-12T18:49:11","date_gmt":"2026-01-12T18:49:11","guid":{"rendered":"https:\/\/www.europesays.com\/de\/713208\/"},"modified":"2026-01-12T18:49:11","modified_gmt":"2026-01-12T18:49:11","slug":"nahost-konflikt-linke-demonstrieren-in-leipzig-gegen-linke-polizei-plant-grosseinsatz","status":"publish","type":"post","link":"https:\/\/www.europesays.com\/de\/713208\/","title":{"rendered":"Nahost-Konflikt: Linke demonstrieren in Leipzig gegen Linke \u2013 Polizei plant Gro\u00dfeinsatz"},"content":{"rendered":"<p>Der Nahost-Konflikt sorgt in Leipzig f\u00fcr Spannungen und Konfrontationen innerhalb der Antifa. Rivalisierende linke Gruppen planen Demonstrationen gegeneinander. Die Polizei rechnet mit \u00c4rger.<\/p>\n<p class=\"is-first-paragraph\" data-external=\"Article.FirstParagraph\">Die Polizei bereitet sich wegen mehrerer rivalisierender Demonstrationen der linken Szene in Leipzig auf einen Gro\u00dfeinsatz vor. Im Stadtteil Connewitz werden sich am Samstag den Demoaufrufen zufolge zwei Lager gegen\u00fcberstehen, die zum Nahost-Konflikt unterschiedliche Positionen vertreten.<\/p>\n<p>Ein B\u00fcndnis um die antiisraelische Gruppierung <a class=\"is-link c-block-items__link is-external c-link--rich-text-renderer\" href=\"https:\/\/www.instagram.com\/p\/DTY83MHiEay\/?hl=de&amp;img_index=1\" target=\"_blank\" title=\"(Link wird in einem neuen Tab ge\u00f6ffnet)\" rel=\"nofollow noopener\" data-internal-tracking-enabled=\"true\" data-internal-tracking=\"{&quot;action&quot;:&quot;click&quot;,&quot;label&quot;:&quot;link&quot;,&quot;name&quot;:&quot;Inline Element&quot;,&quot;data&quot;:{&quot;source&quot;:&quot;&quot;,&quot;target&quot;:&quot;https:\/\/www.instagram.com\/p\/DTY83MHiEay\/?hl=de&amp;img_index=1&quot;,&quot;trackingName&quot;:&quot;&quot;,&quot;trackingLabel&quot;:&quot;&quot;}}\">Handala Leipzig<\/a> ruft unter dem Motto \u201eAntifa hei\u00dft free Palestine\u201c zur Versammlung am Connewitzer Kreuz auf. Der Demozug soll unter anderem am B\u00fcro der alteingesessenen Linken-Landtagsabgeordneten Juliane Nagel vorbeif\u00fchren.<\/p>\n<p>Dagegen wendet sich eine Demonstration mit dem Motto \u201eAntisemit*innen raus aus dem Viertel\u201c. Zudem sind Solidarit\u00e4tskundgebungen angek\u00fcndigt, die f\u00fcr gegenseitigen Respekt und ein friedliches Miteinander werben. Eine von ihnen tr\u00e4gt den Titel: \u201e<a class=\"is-link c-block-items__link is-external c-link--rich-text-renderer\" href=\"https:\/\/www.demokrateam.org\/aktionen\/all-connewitzerinnen-are-beautiful\/\" target=\"_blank\" title=\"(Link wird in einem neuen Tab ge\u00f6ffnet)\" rel=\"nofollow noopener\" data-internal-tracking-enabled=\"true\" data-internal-tracking=\"{&quot;action&quot;:&quot;click&quot;,&quot;label&quot;:&quot;link&quot;,&quot;name&quot;:&quot;Inline Element&quot;,&quot;data&quot;:{&quot;source&quot;:&quot;&quot;,&quot;target&quot;:&quot;https:\/\/www.demokrateam.org\/aktionen\/all-connewitzerinnen-are-beautiful\/&quot;,&quot;trackingName&quot;:&quot;&quot;,&quot;trackingLabel&quot;:&quot;&quot;}}\">All Connewitzer*innen Are Beautiful<\/a>\u201c.<\/p>\n<p>Links gegen links \u2013 f\u00fcr Leipzig eine neue Situation<\/p>\n<p>Die Polizei rechnet damit, dass es St\u00f6rungen im Umfeld der Versammlungen geben k\u00f6nnte, insbesondere wenn die rivalisierenden Gruppierungen aufeinandertreffen. \u201eWenngleich wir in Leipzig demonstrationserfahren sind, ist die Konstellation am kommenden Samstag neu\u201c, erkl\u00e4rte Polizeipr\u00e4sident Ren\u00e9 Demmler.<\/p>\n<p>Es gebe eine starke, auch \u00fcberregionale Mobilisierung, die verschiedenen Lager st\u00fcnden sich \u201ekonfrontativ\u201c gegen\u00fcber. Dies mache einen gr\u00f6\u00dferen Polizeieinsatz n\u00f6tig.<\/p>\n<p>Die Leipziger Polizei bekomme Unterst\u00fctzung von der Bereitschaftspolizei, dem Landeskriminalamt und Kr\u00e4ften aus anderen Bundesl\u00e4ndern. Ein Hubschrauber werde \u00fcber der Stadt kreisen. Im Stadtteil Connewitz m\u00fcssten sich Anwohner auf Verkehrseinschr\u00e4nkungen gefasst machen.<\/p>\n<p>dpa\/saha<script async src=\"\/\/www.instagram.com\/embed.js\"><\/script><\/p>\n","protected":false},"excerpt":{"rendered":"Der Nahost-Konflikt sorgt in Leipzig f\u00fcr Spannungen und Konfrontationen innerhalb der Antifa. Rivalisierende linke Gruppen planen Demonstrationen gegeneinander.&hellip;\n","protected":false},"author":2,"featured_media":713209,"comment_status":"","ping_status":"","sticky":false,"template":"","format":"standard","meta":{"footnotes":""},"categories":[1832],"tags":[86668,37757,3364,29,30,71,12623,61488,6000,110,859],"class_list":{"0":"post-713208","1":"post","2":"type-post","3":"status-publish","4":"format-standard","5":"has-post-thumbnail","7":"category-leipzig","8":"tag-antifa-ks","9":"tag-antifaschismus","10":"tag-de","11":"tag-deutschland","12":"tag-germany","13":"tag-leipzig","14":"tag-linksextremismus","15":"tag-linksextremismus-ks","16":"tag-nahost","17":"tag-newsteam","18":"tag-sachsen"},"share_on_mastodon":{"url":"https:\/\/pubeurope.com\/@de\/115883629946136623","error":""},"_links":{"self":[{"href":"https:\/\/www.europesays.com\/de\/wp-json\/wp\/v2\/posts\/713208","targetHints":{"allow":["GET"]}}],"collection":[{"href":"https:\/\/www.europesays.com\/de\/wp-json\/wp\/v2\/posts"}],"about":[{"href":"https:\/\/www.europesays.com\/de\/wp-json\/wp\/v2\/types\/post"}],"author":[{"embeddable":true,"href":"https:\/\/www.europesays.com\/de\/wp-json\/wp\/v2\/users\/2"}],"replies":[{"embeddable":true,"href":"https:\/\/www.europesays.com\/de\/wp-json\/wp\/v2\/comments?post=713208"}],"version-history":[{"count":0,"href":"https:\/\/www.europesays.com\/de\/wp-json\/wp\/v2\/posts\/713208\/revisions"}],"wp:featuredmedia":[{"embeddable":true,"href":"https:\/\/www.europesays.com\/de\/wp-json\/wp\/v2\/media\/713209"}],"wp:attachment":[{"href":"https:\/\/www.europesays.com\/de\/wp-json\/wp\/v2\/media?parent=713208"}],"wp:term":[{"taxonomy":"category","embeddable":true,"href":"https:\/\/www.europesays.com\/de\/wp-json\/wp\/v2\/categories?post=713208"},{"taxonomy":"post_tag","embeddable":true,"href":"https:\/\/www.europesays.com\/de\/wp-json\/wp\/v2\/tags?post=713208"}],"curies":[{"name":"wp","href":"https:\/\/api.w.org\/{rel}","templated":true}]}}