{"id":713212,"date":"2026-01-12T18:51:10","date_gmt":"2026-01-12T18:51:10","guid":{"rendered":"https:\/\/www.europesays.com\/de\/713212\/"},"modified":"2026-01-12T18:51:10","modified_gmt":"2026-01-12T18:51:10","slug":"volksbank-duesseldorf-neuss-fuerchtet-kreditausfaelle-von-90-millionen-euro","status":"publish","type":"post","link":"https:\/\/www.europesays.com\/de\/713212\/","title":{"rendered":"Volksbank D\u00fcsseldorf Neuss f\u00fcrchtet Kreditausf\u00e4lle von 90 Millionen Euro"},"content":{"rendered":"<p class=\"text_ohne_einzug richtext text-em-55 !leading-serif mx-6 desktop:mx-0\">Bis vor zwei Jahren, als die Welt der <a href=\"https:\/\/rp-online.de\/thema\/volksbank\/\" target=\"_blank\" rel=\"noopener\">Volksbank<\/a> <a href=\"https:\/\/rp-online.de\/thema\/duesseldorf\/\" target=\"_blank\" rel=\"noopener\">D\u00fcsseldorf<\/a> <a href=\"https:\/\/rp-online.de\/thema\/neuss\/\" target=\"_blank\" rel=\"noopener\">Neuss<\/a> noch in Ordnung schien, war die Ver\u00f6ffentlichung der neuesten Gesch\u00e4ftszahlen stets Anlass f\u00fcr eine opulente Pressekonferenz. Bewirtung im Schlossturm, Sekt zum Mittagsmen\u00fc, ein Prost auf das gute Ergebnis. Bei seinem letzten gro\u00dfen Auftritt im Februar 2024 war dem langj\u00e4hrigen Vorstandssprecher Rainer Mellis eine Botschaft besonders wichtig: In Sachen Immobilienkredite vertraue man auf die eigene Intuition. Die aktuellen Gesch\u00e4ftszahlen zeigen, dass die Bauchentscheidungen von fr\u00fcher heute f\u00fcr Kopfschmerzen sorgen.<\/p>\n","protected":false},"excerpt":{"rendered":"Bis vor zwei Jahren, als die Welt der Volksbank D\u00fcsseldorf Neuss noch in Ordnung schien, war die Ver\u00f6ffentlichung&hellip;\n","protected":false},"author":2,"featured_media":713213,"comment_status":"","ping_status":"","sticky":false,"template":"","format":"standard","meta":{"footnotes":""},"categories":[1831],"tags":[2294,31509,9904,81418,3364,29,3405,30,1209,38444],"class_list":{"0":"post-713212","1":"post","2":"type-post","3":"status-publish","4":"format-standard","5":"has-post-thumbnail","7":"category-duesseldorf","8":"tag-bank","9":"tag-beispiel","10":"tag-betroffen","11":"tag-centrum","12":"tag-de","13":"tag-deutschland","14":"tag-duesseldorf","15":"tag-germany","16":"tag-nordrhein-westfalen","17":"tag-volksbank"},"share_on_mastodon":{"url":"https:\/\/pubeurope.com\/@de\/115883637827733916","error":""},"_links":{"self":[{"href":"https:\/\/www.europesays.com\/de\/wp-json\/wp\/v2\/posts\/713212","targetHints":{"allow":["GET"]}}],"collection":[{"href":"https:\/\/www.europesays.com\/de\/wp-json\/wp\/v2\/posts"}],"about":[{"href":"https:\/\/www.europesays.com\/de\/wp-json\/wp\/v2\/types\/post"}],"author":[{"embeddable":true,"href":"https:\/\/www.europesays.com\/de\/wp-json\/wp\/v2\/users\/2"}],"replies":[{"embeddable":true,"href":"https:\/\/www.europesays.com\/de\/wp-json\/wp\/v2\/comments?post=713212"}],"version-history":[{"count":0,"href":"https:\/\/www.europesays.com\/de\/wp-json\/wp\/v2\/posts\/713212\/revisions"}],"wp:featuredmedia":[{"embeddable":true,"href":"https:\/\/www.europesays.com\/de\/wp-json\/wp\/v2\/media\/713213"}],"wp:attachment":[{"href":"https:\/\/www.europesays.com\/de\/wp-json\/wp\/v2\/media?parent=713212"}],"wp:term":[{"taxonomy":"category","embeddable":true,"href":"https:\/\/www.europesays.com\/de\/wp-json\/wp\/v2\/categories?post=713212"},{"taxonomy":"post_tag","embeddable":true,"href":"https:\/\/www.europesays.com\/de\/wp-json\/wp\/v2\/tags?post=713212"}],"curies":[{"name":"wp","href":"https:\/\/api.w.org\/{rel}","templated":true}]}}