{"id":713242,"date":"2026-01-12T19:06:12","date_gmt":"2026-01-12T19:06:12","guid":{"rendered":"https:\/\/www.europesays.com\/de\/713242\/"},"modified":"2026-01-12T19:06:12","modified_gmt":"2026-01-12T19:06:12","slug":"gunnar-schupelius-wieder-bvg-streik-verdi-muss-wohl-verrueckt-sein-regional","status":"publish","type":"post","link":"https:\/\/www.europesays.com\/de\/713242\/","title":{"rendered":"Gunnar Schupelius: Wieder BVG-Streik? Verdi muss wohl verr\u00fcckt sein! | Regional"},"content":{"rendered":"<p>Berlin \u2013 <b>Erst vor neun Monaten wurden 20 Prozent mehr Gehalt erzwungen. Kann man damit nicht zufrieden sein? Muss man schon wieder draufsatteln?\u00a0<\/b><\/p>\n<p>Verdi will schon wieder mehr von der BVG: 33 Tage Urlaub pro Jahr f\u00fcr alle Mitarbeiter (aktuell: 30 Tage) und 1000 Euro Urlaubsgeld (aktuell: 500 Euro).\u00a0<\/p>\n<p>Auch interessant<\/p>\n<p>Anzeige<\/p>\n<p>Auch interessant<\/p>\n<p>Anzeige<\/p>\n<p>Am Dienstag beginnen die Verhandlungen zum \u201eManteltarifvertrag\u201c, in dem die Arbeitsbedingungen vereinbart werden. Die Verdi-Funktion\u00e4re sind in k\u00e4mpferischer Stimmung und haben schon den n\u00e4chsten Warnstreik im Hinterkopf.\u00a0<\/p>\n<p>Sie sind noch ganz berauscht vom gro\u00dfen Erfolg des letzten Jahres: Zwischen Januar und April 2025 zwangen sie den BVG-Vorstand mit f\u00fcnf Warnstreiks in die Knie. An acht Tagen standen alle Busse und Bahnen still. Verdi setzte 20 (!) Prozent mehr Gehalt f\u00fcr die Fahrer durch und im Durchschnitt 15 Prozent f\u00fcr alle 16.600 Besch\u00e4ftigten des Verkehrsbetriebs.<\/p>\n<p><b>Wo auf dieser Welt gibt es eine solche Lohnerh\u00f6hung? Kann man damit nicht zufrieden sein? Muss man schon nach einem Jahr wieder draufsatteln?\u00a0<\/b><\/p>\n<p>Mehr zum Thema<\/p>\n<p>Der Tarifabschluss 2025 belastet die <a href=\"https:\/\/www.bild.de\/themen\/specials\/bvg\/regional-news-fotos-videos-33270996.bild.html\" class=\"text-link\" target=\"_blank\" rel=\"noopener\">BVG<\/a> mit 140 Millionen Euro zus\u00e4tzlich pro Jahr. Die Gewerkschaft macht sich offenbar keine Gedanken dar\u00fcber, woher das Geld kommt. Es muss von den Fahrg\u00e4sten bezahlt werden oder durch Zusch\u00fcsse des Senats \u2013 also von den Steuerzahlern insgesamt.<\/p>\n<p>Verdi k\u00e4mpft jetzt auch f\u00fcr l\u00e4ngere Pausen an den Endhaltstellen. Diese \u201eWendezeiten\u201c sollen auf sechs Minuten verl\u00e4ngert \u00a0werden (aktuell: vier Minuten). Das sieht \u00a0nach einer Kleinigkeit aus, ist es aber nicht. Denn bei l\u00e4ngeren Pausen m\u00fcssen mehr Z\u00fcge eingesetzt \u00a0oder der Takt m\u00fcsste ausged\u00fcnnt werden. Dann m\u00fcssten die Fahrg\u00e4ste l\u00e4nger auf einen Bus oder eine Bahn warten.<\/p>\n<p><b>Die Forderungen von Verdi sind nicht mehr normal, sondern einfach nur noch unanst\u00e4ndig.<\/b><\/p>\n<p>Hat Gunnar Schupelius recht? Schreiben Sie an: gunnar.schupelius@axelspringer.de<\/p>\n","protected":false},"excerpt":{"rendered":"Berlin \u2013 Erst vor neun Monaten wurden 20 Prozent mehr Gehalt erzwungen. Kann man damit nicht zufrieden sein?&hellip;\n","protected":false},"author":2,"featured_media":713243,"comment_status":"","ping_status":"","sticky":false,"template":"","format":"standard","meta":{"footnotes":""},"categories":[1825],"tags":[296,2236,29,30,2526,1238,45,26217],"class_list":{"0":"post-713242","1":"post","2":"type-post","3":"status-publish","4":"format-standard","5":"has-post-thumbnail","7":"category-berlin","8":"tag-berlin","9":"tag-bvg","10":"tag-deutschland","11":"tag-germany","12":"tag-gewerkschaften","13":"tag-streik","14":"tag-texttospeech","15":"tag-ver-di"},"share_on_mastodon":{"url":"https:\/\/pubeurope.com\/@de\/115883696853738694","error":""},"_links":{"self":[{"href":"https:\/\/www.europesays.com\/de\/wp-json\/wp\/v2\/posts\/713242","targetHints":{"allow":["GET"]}}],"collection":[{"href":"https:\/\/www.europesays.com\/de\/wp-json\/wp\/v2\/posts"}],"about":[{"href":"https:\/\/www.europesays.com\/de\/wp-json\/wp\/v2\/types\/post"}],"author":[{"embeddable":true,"href":"https:\/\/www.europesays.com\/de\/wp-json\/wp\/v2\/users\/2"}],"replies":[{"embeddable":true,"href":"https:\/\/www.europesays.com\/de\/wp-json\/wp\/v2\/comments?post=713242"}],"version-history":[{"count":0,"href":"https:\/\/www.europesays.com\/de\/wp-json\/wp\/v2\/posts\/713242\/revisions"}],"wp:featuredmedia":[{"embeddable":true,"href":"https:\/\/www.europesays.com\/de\/wp-json\/wp\/v2\/media\/713243"}],"wp:attachment":[{"href":"https:\/\/www.europesays.com\/de\/wp-json\/wp\/v2\/media?parent=713242"}],"wp:term":[{"taxonomy":"category","embeddable":true,"href":"https:\/\/www.europesays.com\/de\/wp-json\/wp\/v2\/categories?post=713242"},{"taxonomy":"post_tag","embeddable":true,"href":"https:\/\/www.europesays.com\/de\/wp-json\/wp\/v2\/tags?post=713242"}],"curies":[{"name":"wp","href":"https:\/\/api.w.org\/{rel}","templated":true}]}}