{"id":713244,"date":"2026-01-12T19:07:12","date_gmt":"2026-01-12T19:07:12","guid":{"rendered":"https:\/\/www.europesays.com\/de\/713244\/"},"modified":"2026-01-12T19:07:12","modified_gmt":"2026-01-12T19:07:12","slug":"berlin-brandenburg-ueberfall-auf-neonazi-angeklagte-erhalten-bewaehrungsstrafen","status":"publish","type":"post","link":"https:\/\/www.europesays.com\/de\/713244\/","title":{"rendered":"Berlin &#038; Brandenburg: \u00dcberfall auf Neonazi: Angeklagte erhalten Bew\u00e4hrungsstrafen"},"content":{"rendered":"<p>Berlin &amp; Brandenburg\u00dcberfall auf Neonazi: Angeklagte erhalten Bew\u00e4hrungsstrafen<img decoding=\"async\" class=\"Image_img__fQCi0 Image_Img_16_9__4BLfH\" loading=\"eager\" fetchpriority=\"high\" src=\"https:\/\/www.europesays.com\/de\/wp-content\/uploads\/2026\/01\/Zwei-Maenner-sind-nach-einem-Ueberfall-auf-einen-Rechtsextremisten-zu-jeweils-einem-Jahr-und-sechs-M.webp\" alt=\"Zwei-Maenner-sind-nach-einem-Ueberfall-auf-einen-Rechtsextremisten-zu-jeweils-einem-Jahr-und-sechs-Monaten-Haft-auf-Bewaehrung-verurteilt-worden\"\/>(Foto: Taylan G\u00f6kalp\/dpa)TeilenFolgen auf:<a href=\"https:\/\/www.whatsapp.com\/channel\/0029Va5cdVJD8SDp5YZgYF01\" title=\"Auf WhatsApp folgen\" target=\"_blank\" rel=\"noopener\"><img decoding=\"async\" src=\"https:\/\/www.n-tv.de\/socialIcons\/whatsapp.svg\" alt=\"whatsapp\" class=\"ArticleShare_icon__FsrC2\"\/><\/a><a href=\"https:\/\/news.google.com\/publications\/CAAiEPMdif5mpRNxiLOeUpHCwwsqFAgKIhDzHYn-ZqUTcYiznlKRwsML?hl=de&amp;gl=DE&amp;ceid=DE%3Ade\" title=\"Auf Google News folgen\" target=\"_blank\" rel=\"noopener\"><img decoding=\"async\" src=\"https:\/\/www.n-tv.de\/socialIcons\/google.svg\" alt=\"whatsapp\" class=\"ArticleShare_icon__FsrC2\"\/><\/a><\/p>\n<p class=\"Typography_text-m__XI0da Typography_weight-bold__uT6mq storyline_lead_text_leadtext__q_wg8\">Mehrere M\u00e4nner aus der linken Szene sollen einen Rechtsextremisten im Flur eines Wohnhauses \u00fcberfallen haben. Der Mann aber zieht ein Messer und setzt sich zur Wehr.<\/p>\n<p class=\"Typography_text-default__P3otY Typography_weight-normal__pqUbH storyline_paragraph_p__qSR5N\">Berlin (dpa\/bb) &#8211; Nach einem \u00dcberfall auf einen Rechtsextremisten mit mehreren Verletzten in Berlin-Prenzlauer Berg sind zwei M\u00e4nner zu jeweils einem Jahr und sechs Monaten Haft auf Bew\u00e4hrung verurteilt worden. Das Amtsgericht Tiergarten sprach die 32- und 33-J\u00e4hrigen der gef\u00e4hrlichen K\u00f6rperverletzung schuldig. Sie sollen zudem jeweils eine Geldauflage von 1.500 Euro zahlen.<\/p>\n<p class=\"Typography_text-default__P3otY Typography_weight-normal__pqUbH storyline_paragraph_p__qSR5N\">Die Angeklagten h\u00e4tten sich &#8222;bewusst \u00fcber das staatliche Gewaltmonopol erhoben&#8220; und den &#8222;Grundsatz der Gewaltfreiheit der politischen Auseinandersetzung missachtet&#8220;, sagte der Vorsitzende Richter Moritz Lehmann. Der Tat sei eine intensive Planung vorausgegangen. Eigene Verletzungsfolgen h\u00e4tten die Angeklagten fahrl\u00e4ssig verursacht.<\/p>\n<p>Maskierte Angreifer lauerten im Hausflur<\/p>\n<p class=\"Typography_text-default__P3otY Typography_weight-normal__pqUbH storyline_paragraph_p__qSR5N\">Die Angeklagten, die der linken Szene zugerechnet werden, sollen sich mit einer bislang nicht bekannten Person am 18. April 2024 zum Wohnhaus des 24-J\u00e4hrigen begeben haben, der Mitglied der rechtsextremen Kleinpartei &#8222;Der III. Weg&#8220; ist. Der Mann sei im Hausflur von den maskierten Angreifern attackiert und zu Boden gebracht worden.<\/p>\n<p class=\"Typography_text-default__P3otY Typography_weight-normal__pqUbH storyline_paragraph_p__qSR5N\">&#8222;Er zieht ein Messer und sticht wild um sich, um sich zu verteidigen&#8220;, hie\u00df es weiter im Urteil. Die Auseinandersetzung habe sich dann vor das Haus verlagert. &#8222;Wer das Messer dann wann gegen wen einsetzte, lie\u00df sich nicht mehr kl\u00e4ren&#8220;, so der Richter. Der 24-J\u00e4hrige wurde laut Anklage geschlagen, getreten, mit einem Messer am Unterschenkel und an der Hand verletzt sowie mit Reizgas bespr\u00fcht.<\/p>\n<p class=\"Typography_text-default__P3otY Typography_weight-normal__pqUbH storyline_paragraph_p__qSR5N\">Die Angeklagten \u2013 ein Historiker und ein Sozialarbeiter &#8211; hatten ausgesagt, dass sie dem 24-J\u00e4hrigen &#8222;Angst machen&#8220; wollten, um etwas gegen zuvor erfolgte Gewalt durch Neonazis zu unternehmen. Plan sei gewesen, ihn zu Boden zu bringen. Doch er habe sie entdeckt, sei mit einem Messer auf sie zugest\u00fcrmt und habe &#8222;sofort zugestochen&#8220;. In Todesangst h\u00e4tten sie versucht, aus dem Haus zu kommen. Die Verletzungen des 24-J\u00e4hrige, der Kampfsport trainiere, &#8222;k\u00f6nnen wir uns nur so erkl\u00e4ren, dass er sich im Gerangel selbst verletzt hat&#8220;.<\/p>\n<p>Zeuge: &#8222;Nationale Weltanschauung&#8220;<\/p>\n<p class=\"Typography_text-default__P3otY Typography_weight-normal__pqUbH storyline_paragraph_p__qSR5N\">Der 24-J\u00e4hrige schilderte als Zeuge im Prozess, vier bis sechs Personen h\u00e4tten ihn ohne Vorwarnung attackiert. Er ging von einem Angriff wegen seiner &#8222;nationalen Weltanschauung&#8220; aus. Als eine der Personen auf ihm sa\u00df, habe er ein Messer aus der Hosentasche gezogen und zu seiner Verteidigung &#8222;unkontrolliert auf die Person eingewirkt&#8220;. Er selbst halte es f\u00fcr &#8222;unwahrscheinlich&#8220;, dass er sich mit dem Messer am Bein selbst verletzt habe.<\/p>\n<p class=\"Typography_text-default__P3otY Typography_weight-normal__pqUbH storyline_paragraph_p__qSR5N\">Auch die Angeklagten wurden zum Teil erheblich verletzt und im Krankenhaus behandelt. Zudem h\u00e4tten sie sich in psychotherapeutische Behandlung begeben m\u00fcssen, um den &#8222;Alptraum&#8220; zu verarbeiten, schilderten sie.<\/p>\n<p class=\"Typography_text-default__P3otY Typography_weight-normal__pqUbH storyline_paragraph_p__qSR5N\">Die Verteidiger forderten Freispruch beziehungsweise eine geringe Bew\u00e4hrungsstrafe. Die Staatsanwaltschaft beantragte Haftstrafen von jeweils drei Jahren und zwei Monaten. Das Urteil ist noch nicht rechtskr\u00e4ftig.<\/p>\n<p class=\"Typography_text-s__wu_cm Typography_weight-normal__pqUbH Typography_color-darkgrey__sZEnP article-detail-footer_source__KslPc\">Quelle: dpa<\/p>\n","protected":false},"excerpt":{"rendered":"Berlin &amp; Brandenburg\u00dcberfall auf Neonazi: Angeklagte erhalten Bew\u00e4hrungsstrafen(Foto: Taylan G\u00f6kalp\/dpa)TeilenFolgen auf: Mehrere M\u00e4nner aus der linken Szene sollen&hellip;\n","protected":false},"author":2,"featured_media":713245,"comment_status":"","ping_status":"","sticky":false,"template":"","format":"standard","meta":{"footnotes":""},"categories":[1825],"tags":[296,29,30],"class_list":{"0":"post-713244","1":"post","2":"type-post","3":"status-publish","4":"format-standard","5":"has-post-thumbnail","7":"category-berlin","8":"tag-berlin","9":"tag-deutschland","10":"tag-germany"},"share_on_mastodon":{"url":"https:\/\/pubeurope.com\/@de\/115883700888665718","error":""},"_links":{"self":[{"href":"https:\/\/www.europesays.com\/de\/wp-json\/wp\/v2\/posts\/713244","targetHints":{"allow":["GET"]}}],"collection":[{"href":"https:\/\/www.europesays.com\/de\/wp-json\/wp\/v2\/posts"}],"about":[{"href":"https:\/\/www.europesays.com\/de\/wp-json\/wp\/v2\/types\/post"}],"author":[{"embeddable":true,"href":"https:\/\/www.europesays.com\/de\/wp-json\/wp\/v2\/users\/2"}],"replies":[{"embeddable":true,"href":"https:\/\/www.europesays.com\/de\/wp-json\/wp\/v2\/comments?post=713244"}],"version-history":[{"count":0,"href":"https:\/\/www.europesays.com\/de\/wp-json\/wp\/v2\/posts\/713244\/revisions"}],"wp:featuredmedia":[{"embeddable":true,"href":"https:\/\/www.europesays.com\/de\/wp-json\/wp\/v2\/media\/713245"}],"wp:attachment":[{"href":"https:\/\/www.europesays.com\/de\/wp-json\/wp\/v2\/media?parent=713244"}],"wp:term":[{"taxonomy":"category","embeddable":true,"href":"https:\/\/www.europesays.com\/de\/wp-json\/wp\/v2\/categories?post=713244"},{"taxonomy":"post_tag","embeddable":true,"href":"https:\/\/www.europesays.com\/de\/wp-json\/wp\/v2\/tags?post=713244"}],"curies":[{"name":"wp","href":"https:\/\/api.w.org\/{rel}","templated":true}]}}