{"id":713257,"date":"2026-01-12T19:15:11","date_gmt":"2026-01-12T19:15:11","guid":{"rendered":"https:\/\/www.europesays.com\/de\/713257\/"},"modified":"2026-01-12T19:15:11","modified_gmt":"2026-01-12T19:15:11","slug":"real-madrid-der-tiefe-fall-des-xabi-alonso-sein-amt-haengt-am-kaum-sichtbaren-faden","status":"publish","type":"post","link":"https:\/\/www.europesays.com\/de\/713257\/","title":{"rendered":"Real Madrid: Der tiefe Fall des Xabi Alonso \u2013 \u201eSein Amt h\u00e4ngt am kaum sichtbaren Faden\u201c"},"content":{"rendered":"<p>Xabi Alonso war in Deutschland ein gefeierter Trainer, der 44-J\u00e4hrige erlebte einen ungeahnten H\u00f6henflug. Nur logisch, dass sich sein alter Klub Real Madrid dessen Dienste sichert. Doch der Spanier wankt. Er unterbietet beim erfolgreichsten Klub der Welt alle Erwartungen.<\/p>\n<p class=\"is-first-paragraph\" data-external=\"Article.FirstParagraph\">Zum Schluss des ersten Akts in Saudi-Arabien verk\u00fcndete Xabi Alonso eine Botschaft des Optimismus. Der angeschlagene Kylian Mbapp\u00e9 werde am Freitag ins Flugzeug steigen und <a class=\"is-link c-block-items__link c-link--rich-text-renderer\" href=\"https:\/\/www.welt.de\/themen\/real-madrid\/\" data-internal-tracking-enabled=\"true\" data-internal-tracking=\"{&quot;action&quot;:&quot;click&quot;,&quot;label&quot;:&quot;link&quot;,&quot;name&quot;:&quot;Inline Element&quot;,&quot;data&quot;:{&quot;source&quot;:&quot;&quot;,&quot;target&quot;:&quot;https:\/\/www.welt.de\/themen\/real-madrid\/&quot;,&quot;trackingName&quot;:&quot;&quot;,&quot;trackingLabel&quot;:&quot;&quot;}}\" target=\"_blank\" rel=\"noopener\">zur Mannschaft von Real Madrid <\/a>sto\u00dfen. \u201eDamit werden wir ein anderes Spiel sehen\u201c, so der Trainer im Hinblick auf das Finale des spanischen Supercups an diesem Sonntag in Dschidda gegen den alten Rivalen FC Barcelona. <\/p>\n<p>Die Partie vom Donnerstag sollte sein Team in der Tat besser nicht wiederholen.<a class=\"is-link c-block-items__link c-link--rich-text-renderer\" href=\"https:\/\/www.welt.de\/sport\/fussball\/internationale-ligen\/article6960ab58fa56382de1f64156\/real-atletico-eklat-im-madrid-derby-simeone-schreit-vinicius-an.html\" data-internal-tracking-enabled=\"true\" data-internal-tracking=\"{&quot;action&quot;:&quot;click&quot;,&quot;label&quot;:&quot;link&quot;,&quot;name&quot;:&quot;Inline Element&quot;,&quot;data&quot;:{&quot;source&quot;:&quot;&quot;,&quot;target&quot;:&quot;https:\/\/www.welt.de\/sport\/fussball\/internationale-ligen\/article6960ab58fa56382de1f64156\/real-atletico-eklat-im-madrid-derby-simeone-schreit-vinicius-an.html&quot;,&quot;trackingName&quot;:&quot;&quot;,&quot;trackingLabel&quot;:&quot;&quot;}}\" target=\"_blank\" rel=\"noopener\"> Im Halbfinale gegen Atl\u00e9tico Madrid siegte Real 2:1,<\/a> ohne wirklich zu wissen, warum. \u201eSie hatten viel mehr Chancen, spielten viel besser als wir\u201c, konzedierte Federico Valverde, Reals Bester, nachdem sein Team kaum einen geordneten Angriff hinbekommen hatte. Von 8:22 Torsch\u00fcssen und 1:9 Eckb\u00e4llen erz\u00e4hlten die Statistiken, solche Zahlen gelten als des k\u00f6niglichen Klubs unw\u00fcrdig. <\/p>\n<p>\u201eReal spielte so schlecht, dass es die Strafe eines Finals gegen Bar\u00e7a verdient\u201c, kolumnierte die Madrider Sportzeitung \u201eMarca\u201c vor dem Cl\u00e1sico, der bei Spaniens allwinterlichem W\u00fcstentrip im Vorjahr mit einem 5:2 f\u00fcr die Katalanen endete. Ein neuerliches \u201eSchn\u00e4ppchen\u201c f\u00fcr die Elf von Hansi Flick erwartet nun Ex-Nationalspieler und Atl\u00e9tico-Legende Kiko. <\/p>\n<p>Inmitten von so viel Def\u00e4tismus muss <a class=\"is-link c-block-items__link c-link--rich-text-renderer\" href=\"https:\/\/www.welt.de\/sport\/fussball\/article6941568dd8f9059f60ab18cc\/kylian-mbappe-gehaltsstreit-sieg-vor-gericht-kommt-paris-st-germain-teuer-zu-stehen.html\" data-internal-tracking-enabled=\"true\" data-internal-tracking=\"{&quot;action&quot;:&quot;click&quot;,&quot;label&quot;:&quot;link&quot;,&quot;name&quot;:&quot;Inline Element&quot;,&quot;data&quot;:{&quot;source&quot;:&quot;&quot;,&quot;target&quot;:&quot;https:\/\/www.welt.de\/sport\/fussball\/article6941568dd8f9059f60ab18cc\/kylian-mbappe-gehaltsstreit-sieg-vor-gericht-kommt-paris-st-germain-teuer-zu-stehen.html&quot;,&quot;trackingName&quot;:&quot;&quot;,&quot;trackingLabel&quot;:&quot;&quot;}}\" target=\"_blank\" rel=\"noopener\">selbst die Hoffnung auf Mbapp\u00e9<\/a> als irrational gelten. Seit der Franzose im Sommer 2024 nach Madrid wechselte, hat er zwar stolze 73 Tore in 83 Partien erzielt. Diese konnten jedoch nicht verhindern, dass der damals amtierende Champions-League-Sieger in eine nicht enden wollende Dekadenz st\u00fcrzte. Die Zahlen demonstrieren sogar<a class=\"is-link c-block-items__link is-external c-link--rich-text-renderer\" href=\"https:\/\/www.transfermarkt.de\/kylian-mbappe\/profil\/spieler\/342229\" target=\"_blank\" title=\"(Link wird in einem neuen Tab ge\u00f6ffnet)\" rel=\"nofollow noopener\" data-internal-tracking-enabled=\"true\" data-internal-tracking=\"{&quot;action&quot;:&quot;click&quot;,&quot;label&quot;:&quot;link&quot;,&quot;name&quot;:&quot;Inline Element&quot;,&quot;data&quot;:{&quot;source&quot;:&quot;&quot;,&quot;target&quot;:&quot;https:\/\/www.transfermarkt.de\/kylian-mbappe\/profil\/spieler\/342229&quot;,&quot;trackingName&quot;:&quot;&quot;,&quot;trackingLabel&quot;:&quot;&quot;}}\">, dass Real mit Mbapp\u00e9 \u00f6fter verliert <\/a>(21 Prozent der Spiele) als ohne ihn (acht Prozent). Auch in den vergangenen Monaten stand er meist mit auf dem Platz, wenn antriebs- und identit\u00e4tslose Auftritte die Krise versch\u00e4rften \u2013 und Xabi Alonso an den Rand der Entlassung brachten.<\/p>\n<p>Jedes Spiel von Real Madrid k\u00f6nnte das letzte von Xabi Alonso sein<\/p>\n<p>Der in Deutschland gefeierte Double-Trainer von Bayer Leverkusen hat beim erfolgreichsten und umsatzst\u00e4rksten Klub der Welt bisher alle Erwartungen unterboten. Stimmten anfangs wenigstens noch die Resultate, warf ein d\u00fcsterer Sp\u00e4therbst die Madrilenen in der Liga auf vier Punkte hinter Barcelona zur\u00fcck. Seither wird jedes Match unter der Ma\u00dfgabe betrachtet, dass es Alonsos letztes sein k\u00f6nnte. Einen \u201e\u00dcberlebensk\u00fcnstler\u201c, der den \u201en\u00e4chsten Matchball abgewehrt\u201c habe, nennt ihn die Presse. \u201eSein Amt h\u00e4ngt an einem kaum sichtbaren Faden\u201c schreibt \u201eEl Mundo\u201c vor dem \u201efinalen Urteil\u201c, das in Arabien erfolgen k\u00f6nnte.<\/p>\n<p>Alonsos Hauptproblem sind die Eindr\u00fccke, die seine Mannschaft vermittelt. Statt der versprochenen Revitalisierung wirkt sie noch unambitionierter als im letzten Amtsjahr von Altmeister Carlo Ancelotti. Wie sein Vorg\u00e4nger leidet Alonso dabei zuvorderst unter einer schiefen Kaderarchitektur. Schon seit Jahren kauft Real nach Namen und nicht nach Bedarf ein. Mbapp\u00e9, der dieselben Terrains bevorzugt wie der angestammte Heros Vin\u00edcius J\u00fanior, ist daf\u00fcr das prominenteste Beispiel. Den wichtigsten Abgang hat der Klub hingegen nicht kompensiert: Seit dem Karriereende des Strategen Toni Kroos 2024 fehlt dem k\u00f6niglichen Fu\u00dfball der Kompass, und der Abgang von Luka Modric einen Sommer sp\u00e4ter hat das Vakuum noch vergr\u00f6\u00dfert.<\/p>\n<p>Vergeblich sucht Alonso bisher nach Nachfolgern, die das Mittelfeldspiel pr\u00e4gen k\u00f6nnen. Vergeblich sucht er aber auch nach einer eigenen Handschrift. Seine Erkl\u00e4rungen wirken blass und gestanzt. In Djidda \u00fcberraschte er die Beobachter regelrecht, als er Vin\u00edcius gegen wiederholten Trash Talk von Atl\u00e9tico-Trainer Diego Simeone verteidigte: \u201eNicht alles geht \u2013 was auf dem Platz passiert, muss Grenzen haben.\u201c So klare Aussagen waren die Zuh\u00f6rer nicht gewohnt von einem Trainer, der den eigenen Spielansatz im Derby reichlich beliebig definierte: \u201eUnser Plan war zu interpretieren, was es in jedem Moment zu tun galt.\u201c <\/p>\n<p>Ein Coach, der in Leverkusen f\u00fcr innovative Methoden und eine rauschende Spielweise gefeiert wurde, ist zum Radikalpragmatismus konvertiert \u2013 oder wurde auf ihn zurechtgestutzt. Die Beobachter in Madrid sehen Alonso nur noch als Marionette der Spieler, und b\u00f6seste Zungen erkl\u00e4ren damit auch die aktuelle Serie von zuletzt f\u00fcnf \u2013 meist sehr m\u00fchsamen \u2013 Siegen: Danach haben sich die Profis neuerdings allein deshalb der Jobsicherung Alonsos verschrieben, weil sie wissen, dass sie es unter ihm mittlerweile bequemer haben als unter jedem m\u00f6glichen Nachfolger.<\/p>\n<p><b>Abonnieren Sie WELTMeister bei <\/b><a class=\"is-link c-block-items__link c-link--rich-text-renderer\" href=\"https:\/\/open.spotify.com\/show\/7CX3rSNRL11YEnW7IzkWIS?si=82f337b82c6b4e32&amp;nd=1&amp;dlsi=56417d9ce6fc406c\" data-internal-tracking-enabled=\"true\" data-internal-tracking=\"{&quot;action&quot;:&quot;click&quot;,&quot;label&quot;:&quot;link&quot;,&quot;name&quot;:&quot;Inline Element&quot;,&quot;data&quot;:{&quot;source&quot;:&quot;&quot;,&quot;target&quot;:&quot;https:\/\/open.spotify.com\/show\/7CX3rSNRL11YEnW7IzkWIS?si=82f337b82c6b4e32&amp;nd=1&amp;dlsi=56417d9ce6fc406c&quot;,&quot;trackingName&quot;:&quot;&quot;,&quot;trackingLabel&quot;:&quot;&quot;}}\" target=\"_blank\" rel=\"noopener\"><b>Spotify,<\/b><\/a><b> <\/b><a class=\"is-link c-block-items__link is-external c-link--rich-text-renderer\" href=\"https:\/\/podcasts.apple.com\/de\/podcast\/weltmeister\/id1852960967\" target=\"_blank\" title=\"(Link wird in einem neuen Tab ge\u00f6ffnet)\" rel=\"nofollow noopener\" data-internal-tracking-enabled=\"true\" data-internal-tracking=\"{&quot;action&quot;:&quot;click&quot;,&quot;label&quot;:&quot;link&quot;,&quot;name&quot;:&quot;Inline Element&quot;,&quot;data&quot;:{&quot;source&quot;:&quot;&quot;,&quot;target&quot;:&quot;https:\/\/podcasts.apple.com\/de\/podcast\/weltmeister\/id1852960967&quot;,&quot;trackingName&quot;:&quot;&quot;,&quot;trackingLabel&quot;:&quot;&quot;}}\"><b>Apple Podcasts<\/b><\/a><b> oder direkt per <\/b><a class=\"is-link c-block-items__link c-link--rich-text-renderer\" href=\"https:\/\/weltmeister.podigee.io\/feed\/mp3\" target=\"_blank\" rel=\"noopener\" data-internal-tracking-enabled=\"true\" data-internal-tracking=\"{&quot;action&quot;:&quot;click&quot;,&quot;label&quot;:&quot;link&quot;,&quot;name&quot;:&quot;Inline Element&quot;,&quot;data&quot;:{&quot;source&quot;:&quot;&quot;,&quot;target&quot;:&quot;https:\/\/weltmeister.podigee.io\/feed\/mp3&quot;,&quot;trackingName&quot;:&quot;&quot;,&quot;trackingLabel&quot;:&quot;&quot;}}\"><b>RSS-Feed.<\/b><\/a><\/p>\n<p>Im Rekordtempo scheint jeder Reformdrang erlahmt. Schon fr\u00fch in der Saison wurden Klagen aus dem Team \u00fcber ausufernde Videosessions lanciert \u2013 die habe man vorher auch nicht gebraucht, um die Champions League zu gewinnen. Spieler wie Valverde oder Jude Bellingham begannen, ihr Aufgabenprofil zu hinterfragen. <\/p>\n<p>Es folgte die Episode, die das Zerw\u00fcrfnis zur gro\u00dfen Auff\u00fchrung brachte. Real besiegt Barcelona in der Liga 2:1, es war nach vier Cl\u00e1sico-Niederlagen in der Vorsaison unter Ancelotti vermeintlich ein eindr\u00fcckliches Statement Alonsos. Doch es ging verloren unter w\u00fcsten Fl\u00fcchen von Vin\u00edcius bei seiner Auswechslung \u2013 und unter einer vergifteten Entschuldigung des Brasilianers drei Tage sp\u00e4ter. Vin\u00edcius bat Teamkollegen, Pr\u00e4sident, Vereins und Fans um Verzeihung. Aber nicht den Trainer.<\/p>\n<p>Fl\u00fcgelst\u00fcrmer Vin\u00edcius ist ein \u201eGalaktischer\u201c aus dem Bilderbuch, schillernd, aber unkalkulierbar, der personifizierte Schrecken jedes Konzepttrainers. Die Szenen, wie Alonso ihn von der Seitenlinie aus zu konstanterem Pressing oder verl\u00e4sslicherer Defensivarbeit animiert, sind kaum noch zu z\u00e4hlen. Gegen Atl\u00e9tico blieb Vin\u00edcius bisweilen einfach stehen, auch vor dem Gegentor, als er den Flankengeber unbehelligt agieren lie\u00df. Fassungslos wandte sich Alonso zu seiner Bank.<\/p>\n<p>Vin\u00edcius \u00fcberzeugt derzeit aber nicht einmal in seiner Kernkompetenz. Seit 16 Matches hat er nicht mehr getroffen. Das Publikum im heimischen Bernab\u00e9u-Stadion pfiff ihn zuletzt wiederholt aus, viele Fans sehnen eine Denkpause herbei. Doch wo Alonso ihn anfangs der Saison noch mit gelegentlichen Reservistenrollen zu disziplinieren versuchte und so zu seiner Verunsicherung beitrug, h\u00e4lt er jetzt in eiserner Treue an ihm fest. Die Ironie k\u00f6nnte kaum gr\u00f6\u00dfer sein: Derjenige Spieler, der seine Position am meisten geschw\u00e4cht hat, bekommt den maximalen Schutz \u2013 deutlicher kann die wahre Hierarchie im Team kaum ausgedr\u00fcckt werden.<\/p>\n<p>Als er noch die Trainerautorit\u00e4t durchzusetzen versuchte, soll Alonso bisweilen von Klubpr\u00e4sident Florentino P\u00e9rez zur Seite genommen worden sein. Bei Vin\u00edcius handele es sich um \u201eKlubpatrimonium\u201c, so der Magnat. Ein verdienter Star, der Real zu zwei Champions-League-Siegen verhalf und den der Verein in etlichen Polemiken verteidigte. Dessentwegen er 2024 sogar seine Pr\u00e4senz bei der Weltfu\u00dfballer-Gala stornierte, weil man seinen zweiten Platz als himmelschreiendes Unrecht empfand. P\u00e9rez\u2019 Botschaft: Ein Real-Trainer solle keine Fehden anzetteln, die er sowieso nicht gewinnen kann.<\/p>\n<p>Dass \u00fcberambitionierten \u00dcbungsleitern kein langes Dasein verg\u00f6nnt ist, geh\u00f6rt fest zur Folklore des k\u00f6niglichen Klubs. \u201eIhr wisst doch alle, mit welchen Trainern wir Erfolg hatten\u201c, sagte der ehemalige Kapit\u00e4n Sergio Ramos mal, als es galt, den interventionistischen Italiener Antonio Conte abzuwehren. Real ist ein Verein der Schauspieler, nicht der Regisseure; der Helden auf dem Platz, nicht auf der Bank. Die acht Champions-League-Titel des laufenden Jahrhunderts holten mit Vicente del Bosque, Zin\u00e9dine Zidane und Ancelotti allesamt Coaches, die eher als begnadete Seelenmasseure gelten denn als detailversessene Taktikt\u00fcftler. <\/p>\n<p>Zuvor gewann 1998 auch Jupp Heynckes einen Europapokal. Der Erfolg kann als der letzte eines \u00dcbungsleiters gelten, der eher \u00fcber die Konzepte kommen wollte. Heynckes gelang er, weil er bald eher auf die Konzepte verzichtete und die Spieler machen lie\u00df. In der Meisterschaft erwies sich dieser Modus Vivendi als chancenlos, f\u00fcr einzelne N\u00e4chte als hinreichend, und zum Ende seiner einzigen Saison erfolgte die Trennung.<\/p>\n<p>28 Jahre sp\u00e4ter scheint ein vergleichbares Szenario noch weit weg \u2013 und f\u00fcr Xabi Alonso doch das beste, das derzeit \u00fcberhaupt vorstellbar ist.<\/p>\n","protected":false},"excerpt":{"rendered":"Xabi Alonso war in Deutschland ein gefeierter Trainer, der 44-J\u00e4hrige erlebte einen ungeahnten H\u00f6henflug. Nur logisch, dass sich&hellip;\n","protected":false},"author":2,"featured_media":713258,"comment_status":"","ping_status":"","sticky":false,"template":"","format":"standard","meta":{"footnotes":""},"categories":[136],"tags":[164325,2367,95844,29,8834,9464,30,29054,3349,265,10057],"class_list":{"0":"post-713257","1":"post","2":"type-post","3":"status-publish","4":"format-standard","5":"has-post-thumbnail","7":"category-sport","8":"tag-ancelotti","9":"tag-bayer-04-leverkusen","10":"tag-carlo","11":"tag-deutschland","12":"tag-fc-barcelona","13":"tag-fussballer","14":"tag-germany","15":"tag-primera-division","16":"tag-real-madrid","17":"tag-sport","18":"tag-xabi-alonso"},"share_on_mastodon":{"url":"https:\/\/pubeurope.com\/@de\/115883732714066383","error":""},"_links":{"self":[{"href":"https:\/\/www.europesays.com\/de\/wp-json\/wp\/v2\/posts\/713257","targetHints":{"allow":["GET"]}}],"collection":[{"href":"https:\/\/www.europesays.com\/de\/wp-json\/wp\/v2\/posts"}],"about":[{"href":"https:\/\/www.europesays.com\/de\/wp-json\/wp\/v2\/types\/post"}],"author":[{"embeddable":true,"href":"https:\/\/www.europesays.com\/de\/wp-json\/wp\/v2\/users\/2"}],"replies":[{"embeddable":true,"href":"https:\/\/www.europesays.com\/de\/wp-json\/wp\/v2\/comments?post=713257"}],"version-history":[{"count":0,"href":"https:\/\/www.europesays.com\/de\/wp-json\/wp\/v2\/posts\/713257\/revisions"}],"wp:featuredmedia":[{"embeddable":true,"href":"https:\/\/www.europesays.com\/de\/wp-json\/wp\/v2\/media\/713258"}],"wp:attachment":[{"href":"https:\/\/www.europesays.com\/de\/wp-json\/wp\/v2\/media?parent=713257"}],"wp:term":[{"taxonomy":"category","embeddable":true,"href":"https:\/\/www.europesays.com\/de\/wp-json\/wp\/v2\/categories?post=713257"},{"taxonomy":"post_tag","embeddable":true,"href":"https:\/\/www.europesays.com\/de\/wp-json\/wp\/v2\/tags?post=713257"}],"curies":[{"name":"wp","href":"https:\/\/api.w.org\/{rel}","templated":true}]}}