{"id":713267,"date":"2026-01-12T19:20:11","date_gmt":"2026-01-12T19:20:11","guid":{"rendered":"https:\/\/www.europesays.com\/de\/713267\/"},"modified":"2026-01-12T19:20:11","modified_gmt":"2026-01-12T19:20:11","slug":"dach-von-stall-mit-250-kuehen-unter-schneelast-eingebrochen","status":"publish","type":"post","link":"https:\/\/www.europesays.com\/de\/713267\/","title":{"rendered":"Dach von Stall mit 250 K\u00fchen unter Schneelast eingebrochen"},"content":{"rendered":"<p>Als die Rettungskr\u00e4fte zur Ungl\u00fcckstelle kamen, befanden sich 250 Tiere im Stall, von denen etwa 20 Tiere eingeklemmt gewesen waren, teilten das Technische Hilfwerk (THW) von Bad Belzig und Luckenwalde auf ihren Facebookseiten am Montag mit. Die restlichen K\u00fche konnten durch andere Feuerwehren in Sicherheit gebracht werden, hie\u00df es.<\/p>\n<p>Das THW musste nach eigenen Angaben die Einsatzstelle zun\u00e4chst ausleuchten, die Photovoltaikanlagen abschalten sowie die Wechselrichter von der Anlage trennen, um sich dann schrittweise &#8222;mit dem hydraulischen Rettungsger\u00e4tesatz, Kettens\u00e4gen und viel Handarbeit&#8220; zu den verbliebenen K\u00fchen vorzuarbeiten. Ein Radlader konnte aufgrund seines Gewichts in dem 70 Meter breiten und 25 Meter langen, unterkellerten Stall nicht helfen.<\/p>\n","protected":false},"excerpt":{"rendered":"Als die Rettungskr\u00e4fte zur Ungl\u00fcckstelle kamen, befanden sich 250 Tiere im Stall, von denen etwa 20 Tiere eingeklemmt&hellip;\n","protected":false},"author":2,"featured_media":713268,"comment_status":"","ping_status":"","sticky":false,"template":"","format":"standard","meta":{"footnotes":""},"categories":[2],"tags":[1890,29,30,13,14,15,159579,134296,136450,12,10,8,9,11],"class_list":{"0":"post-713267","1":"post","2":"type-post","3":"status-publish","4":"format-standard","5":"has-post-thumbnail","7":"category-deutschland","8":"tag-brandenburg","9":"tag-deutschland","10":"tag-germany","11":"tag-headlines","12":"tag-nachrichten","13":"tag-news","14":"tag-potsdam-mittelmark","15":"tag-rbb24tagesschau","16":"tag-rbb24tiere","17":"tag-schlagzeilen","18":"tag-top-news","19":"tag-top-meldungen","20":"tag-topmeldungen","21":"tag-topnews"},"share_on_mastodon":{"url":"https:\/\/pubeurope.com\/@de\/115883753333033463","error":""},"_links":{"self":[{"href":"https:\/\/www.europesays.com\/de\/wp-json\/wp\/v2\/posts\/713267","targetHints":{"allow":["GET"]}}],"collection":[{"href":"https:\/\/www.europesays.com\/de\/wp-json\/wp\/v2\/posts"}],"about":[{"href":"https:\/\/www.europesays.com\/de\/wp-json\/wp\/v2\/types\/post"}],"author":[{"embeddable":true,"href":"https:\/\/www.europesays.com\/de\/wp-json\/wp\/v2\/users\/2"}],"replies":[{"embeddable":true,"href":"https:\/\/www.europesays.com\/de\/wp-json\/wp\/v2\/comments?post=713267"}],"version-history":[{"count":0,"href":"https:\/\/www.europesays.com\/de\/wp-json\/wp\/v2\/posts\/713267\/revisions"}],"wp:featuredmedia":[{"embeddable":true,"href":"https:\/\/www.europesays.com\/de\/wp-json\/wp\/v2\/media\/713268"}],"wp:attachment":[{"href":"https:\/\/www.europesays.com\/de\/wp-json\/wp\/v2\/media?parent=713267"}],"wp:term":[{"taxonomy":"category","embeddable":true,"href":"https:\/\/www.europesays.com\/de\/wp-json\/wp\/v2\/categories?post=713267"},{"taxonomy":"post_tag","embeddable":true,"href":"https:\/\/www.europesays.com\/de\/wp-json\/wp\/v2\/tags?post=713267"}],"curies":[{"name":"wp","href":"https:\/\/api.w.org\/{rel}","templated":true}]}}