{"id":713273,"date":"2026-01-12T19:23:24","date_gmt":"2026-01-12T19:23:24","guid":{"rendered":"https:\/\/www.europesays.com\/de\/713273\/"},"modified":"2026-01-12T19:23:24","modified_gmt":"2026-01-12T19:23:24","slug":"polizei-sucht-zeugen-nach-raubueberfall-auf-seniorin","status":"publish","type":"post","link":"https:\/\/www.europesays.com\/de\/713273\/","title":{"rendered":"Polizei sucht Zeugen nach Raub\u00fcberfall auf Seniorin"},"content":{"rendered":"<p>Raub\u00fcberfall in Aachen <\/p>\n<p>Unbekannte sto\u00dfen Rentnerin zu Boden und bestehlen sie<\/p>\n<p>12.01.2026 &#8211; 17:52 UhrLesedauer: 1 Min.<\/p>\n<p><a href=\"#focus-0\" class=\"transition-colors duration-200 block text-current relative\" data-sctrack=\"FocusGalleryImage.Reference\"><img fetchpriority=\"high\" data-testid=\"Opener.Image\" style=\"--lqipURL:url('https:\/\/images.t-online.de\/2026\/01\/g5FQcKHuEiZb\/0x75:800x450\/fit-in\/150x0\/filters:blur(25)\/image.jpg')\"   loading=\"eager\" src=\"https:\/\/www.europesays.com\/de\/wp-content\/uploads\/2026\/01\/1768245804_201_image.jpg\" alt=\"urn:newsml:dpa.com:20090101:260106-935-1060984\" title=\"urn:newsml:dpa.com:20090101:260106-935-1060984\" width=\"800\" height=\"450\" class=\"bg-[url:var(--lqipURL)] bg-cover bg-center flex h-full w-full max-w-full\" decoding=\"async\"\/><img style=\"--width:32;--height:32\" loading=\"lazy\" src=\"https:\/\/aachen.t-online.de\/s\/paper\/_next\/static\/media\/zoom-in.f7dae02f.svg\" alt=\"Vergr\u00f6\u00dfern des Bildes\" title=\"Vergr\u00f6\u00dfern des Bildes\" class=\"block h-[calc(var(--height)_\/_16_*_1rem)] w-[calc(var(--width)_\/_16_*_1rem)] max-w-none absolute bottom-8 right-8 rounded-4 bg-snow p-8\" decoding=\"async\"\/><\/a><\/p>\n<p>Polizei (Symbolbild): Eine Rentnerin wurde Opfer eines Raub\u00fcberfalls. (Quelle: Karl-Josef Hildenbrand)<\/p>\n<p class=\"font-bold text-18 leading-17\">Eine 75-J\u00e4hrige wird in Aachen Opfer eines Raub\u00fcberfalls. Die T\u00e4ter k\u00f6nnen fl\u00fcchten, die Polizei bittet um Mithilfe aus der Bev\u00f6lkerung.<\/p>\n<p class=\"text-18 leading-17\">Nach einem Raub\u00fcberfall auf eine Seniorin in Aachen sucht die Kriminalpolizei nach Zeugen. Nach Angaben der Polizei war eine 75-j\u00e4hrige Frau am Freitagabend (9. Januar) um etwa 17.30 Uhr Opfer des \u00dcberfalls geworden.<\/p>\n<p class=\"text-18 leading-17\">Wie die Beamten mitteilten, habe sich der Vorfall im Pottenm\u00fchlenweg in Richtung Hanbrucher Stra\u00dfe ereignet. Den Ermittlungen zufolge wurde die Aachenerin gesto\u00dfen und st\u00fcrzte deswegen. Eine unbekannte Person habe sie anschlie\u00dfend im Nackenbereich zu Boden gedr\u00fcckt.<\/p>\n<p class=\"text-18 leading-17\">Nach Polizeiangaben wurde der Seniorin ihr Einkaufskorb entrissen, in dem sich unter anderem ihr Portemonnaie befand. Zwei Personen seien daraufhin in Richtung Morillenhang geflohen.<\/p>\n<p class=\"text-18 leading-17\">Die Frau erlitt leichte Verletzungen. Eine sofort eingeleitete Fahndung der Polizei blieb ohne Erfolg.<\/p>\n<p class=\"text-18 leading-17\">Laut Polizeibeschreibung sind die beiden unbekannten M\u00e4nner schlank, zwischen 18 und 25 Jahre alt und etwa 1,70 m gro\u00df sein. Zum Tatzeitpunkt trugen sie schwarze Kleidung (Kapuzenpullover und Hosen).<\/p>\n<p class=\"text-18 leading-17\">Die Kriminalpolizei hat die Ermittlungen aufgenommen und bittet Zeugen um Mithilfe. Wer etwas Verd\u00e4chtiges beobachtet hat, soll sich melden. W\u00e4hrend der B\u00fcrozeiten ist das zust\u00e4ndige Kriminalkommissariat unter der Rufnummer 0241- 9577 31501 erreichbar, au\u00dferhalb der B\u00fcrozeiten unter 0241-9577 34210.<\/p>\n","protected":false},"excerpt":{"rendered":"Raub\u00fcberfall in Aachen Unbekannte sto\u00dfen Rentnerin zu Boden und bestehlen sie 12.01.2026 &#8211; 17:52 UhrLesedauer: 1 Min. Polizei&hellip;\n","protected":false},"author":2,"featured_media":713274,"comment_status":"","ping_status":"","sticky":false,"template":"","format":"standard","meta":{"footnotes":""},"categories":[1853],"tags":[722,17161,1424,3364,29,548,663,3934,30,13,983,14,15,1209,121,5309,12],"class_list":{"0":"post-713273","1":"post","2":"type-post","3":"status-publish","4":"format-standard","5":"has-post-thumbnail","7":"category-aachen","8":"tag-722","9":"tag-17161","10":"tag-aachen","11":"tag-de","12":"tag-deutschland","13":"tag-eu","14":"tag-europa","15":"tag-europe","16":"tag-germany","17":"tag-headlines","18":"tag-kripo","19":"tag-nachrichten","20":"tag-news","21":"tag-nordrhein-westfalen","22":"tag-polizei","23":"tag-raubueberfall","24":"tag-schlagzeilen"},"share_on_mastodon":{"url":"https:\/\/pubeurope.com\/@de\/115883763681054170","error":""},"_links":{"self":[{"href":"https:\/\/www.europesays.com\/de\/wp-json\/wp\/v2\/posts\/713273","targetHints":{"allow":["GET"]}}],"collection":[{"href":"https:\/\/www.europesays.com\/de\/wp-json\/wp\/v2\/posts"}],"about":[{"href":"https:\/\/www.europesays.com\/de\/wp-json\/wp\/v2\/types\/post"}],"author":[{"embeddable":true,"href":"https:\/\/www.europesays.com\/de\/wp-json\/wp\/v2\/users\/2"}],"replies":[{"embeddable":true,"href":"https:\/\/www.europesays.com\/de\/wp-json\/wp\/v2\/comments?post=713273"}],"version-history":[{"count":0,"href":"https:\/\/www.europesays.com\/de\/wp-json\/wp\/v2\/posts\/713273\/revisions"}],"wp:featuredmedia":[{"embeddable":true,"href":"https:\/\/www.europesays.com\/de\/wp-json\/wp\/v2\/media\/713274"}],"wp:attachment":[{"href":"https:\/\/www.europesays.com\/de\/wp-json\/wp\/v2\/media?parent=713273"}],"wp:term":[{"taxonomy":"category","embeddable":true,"href":"https:\/\/www.europesays.com\/de\/wp-json\/wp\/v2\/categories?post=713273"},{"taxonomy":"post_tag","embeddable":true,"href":"https:\/\/www.europesays.com\/de\/wp-json\/wp\/v2\/tags?post=713273"}],"curies":[{"name":"wp","href":"https:\/\/api.w.org\/{rel}","templated":true}]}}