{"id":713275,"date":"2026-01-12T19:24:15","date_gmt":"2026-01-12T19:24:15","guid":{"rendered":"https:\/\/www.europesays.com\/de\/713275\/"},"modified":"2026-01-12T19:24:15","modified_gmt":"2026-01-12T19:24:15","slug":"internationale-ehre-fuer-kieler-woche-design-von-2025","status":"publish","type":"post","link":"https:\/\/www.europesays.com\/de\/713275\/","title":{"rendered":"Internationale Ehre f\u00fcr Kieler-Woche-Design von 2025"},"content":{"rendered":"<p>\n                Stand: 12.01.2026 17:29 Uhr<\/p>\n<p>                    <a href=\"https:\/\/www.europesays.com\/de\/wp-content\/uploads\/2026\/01\/kiwo-128.webp.webp\" class=\"zoomimage\" title=\"Bild vergr\u00f6\u00dfern\"><\/p>\n<p>        <img decoding=\"async\" src=\"https:\/\/www.europesays.com\/de\/wp-content\/uploads\/2026\/01\/kiwo-128.webp.webp\" alt=\"Das Corporate Design der Kieler Woche 2025 auf einem Plakat.\" title=\"Das offizielle Kieler Woche Design 2025 wurde beim Tokyo TDC Award ausgezeichnet. | picture alliance\/dpa, David Hammersen\" class=\"responsive\" loading=\"lazy\"\/><\/p>\n<p>                    <\/a><\/p>\n<p>                    Das offizielle Kieler Woche Design 2025 wurde beim Tokyo TDC Award ausgezeichnet.<\/p>\n<p class=\"\">Das Design der Kieler Woche von 2025 ist international ausgezeichnet worden. Wie die Stadt <a href=\"https:\/\/www.ndr.de\/nachrichten\/schleswig-holstein\/Kiel-Aktuelle-Nachrichten-News-und-Videos,kiel7262.html\" title=\"Kiel - Aktuelle Nachrichten und Videos\" target=\"_blank\" rel=\"noopener\">Kiel<\/a> mitteilte, wurde das Design des Bochumers Cihan Tamti bei den Tokyo TDC Annual Awards in der Kategorie &#8222;Mark &amp; Logotype \/ Corporate Stationery \/ Branding&#8220; (Logos und Markenbildung) pr\u00e4miert. Das Design setzte sich dabei gegen mehr als 3.600 andere Konkurrenten aus der ganzen Welt durch.<\/p>\n<p class=\"\">Tamti selbst freut sich \u00fcber die Auszeichnung, die schwer zu bekommen sei, sagte der K\u00fcnstler. Seine <a href=\"https:\/\/www.ndr.de\/nachrichten\/schleswig-holstein\/kieler_woche\/kieler-woche-2025-news-und-infos-zum-grossen-segel-volksfest,kielerwoche-116.html\" title=\"Kieler Woche 2025: Das waren die Sport- und Programmhighlights\" target=\"_blank\" rel=\"noopener\">Arbeiten<\/a> werden nun in Japan und S\u00fcdkorea pr\u00e4sentiert. Der Tokyo TDC Award geh\u00f6rt laut der Stadt Kiel zu den bedeutendsten internationalen Wettbewerben f\u00fcr visuelle Gestaltung mit Fokus auf Typografie, Schriftgestaltung und grafische Kommunikation.<\/p>\n<p>        <img decoding=\"async\" src=\"https:\/\/www.europesays.com\/de\/wp-content\/uploads\/2026\/01\/kielerwoche3804.webp.webp\" alt=\"Die zweite stellvertretende Stadtpr\u00e4sidentin der Landeshauptstadt Kiel, Antje M\u00f6ller-Neustock, und der Leiter des Kieler-Woche-B\u00fcros, Philipp Dornberger pr\u00e4sentieren das Kieler Woche Design f\u00fcr 2025.\" title=\"Die zweite stellvertretende Stadtpr\u00e4sidentin der Landeshauptstadt Kiel, Antje M\u00f6ller-Neustock, und der Leiter des Kieler-Woche-B\u00fcros, Philipp Dornberger pr\u00e4sentieren das Kieler Woche Design f\u00fcr 2025. | Landeshauptstadt Kiel\" class=\"responsive\" loading=\"lazy\"\/><\/p>\n<p>Das Plakat f\u00fcr die Ausgabe im kommenden Jahr steht fest. Der Grafikdesigner Cihan Tamti setzte sich gegen zw\u00f6lf Konkurrenten durch.<\/p>\n<p>        <img decoding=\"async\" src=\"https:\/\/www.europesays.com\/de\/wp-content\/uploads\/2026\/01\/kiwo-146.webp.webp\" alt=\"Ein Entwurf f\u00fcr das Kieler Woche Design 2026.\" title=\"Ein Entwurf f\u00fcr das Kieler Woche Design 2026. | Landeshauptstadt Kiel, Erik Brandt\" class=\"responsive\" loading=\"lazy\"\/><\/p>\n<p>Sechs B\u00fcros waren im Rennen. Am Ende entschied sich die Jury f\u00fcr den Entwurf eines Grafikdesigners aus den USA.<\/p>\n<p>Dieses Thema im Programm:<\/p>\n<p>                NDR 1 Welle Nord | Nachrichten f\u00fcr Schleswig-Holstein | 12.01.2026 | 16:30 Uhr<\/p>\n<p>        Schlagw\u00f6rter zu diesem Artikel<\/p>\n<p>            <a href=\"https:\/\/www.ndr.de\/nachrichten\/schleswig-holstein\/Kiel-Aktuelle-Nachrichten-News-und-Videos,kiel7262.html\" target=\"_blank\" rel=\"noopener\">Kiel<\/a><\/p>\n","protected":false},"excerpt":{"rendered":"Stand: 12.01.2026 17:29 Uhr Das offizielle Kieler Woche Design 2025 wurde beim Tokyo TDC Award ausgezeichnet. Das Design&hellip;\n","protected":false},"author":2,"featured_media":713276,"comment_status":"","ping_status":"","sticky":false,"template":"","format":"standard","meta":{"footnotes":""},"categories":[1852],"tags":[3364,29,548,663,3934,30,13,4949,2075,14,15,12,1971],"class_list":{"0":"post-713275","1":"post","2":"type-post","3":"status-publish","4":"format-standard","5":"has-post-thumbnail","7":"category-kiel","8":"tag-de","9":"tag-deutschland","10":"tag-eu","11":"tag-europa","12":"tag-europe","13":"tag-germany","14":"tag-headlines","15":"tag-kiel","16":"tag-kunst","17":"tag-nachrichten","18":"tag-news","19":"tag-schlagzeilen","20":"tag-schleswig-holstein"},"share_on_mastodon":{"url":"https:\/\/pubeurope.com\/@de\/115883767626477842","error":""},"_links":{"self":[{"href":"https:\/\/www.europesays.com\/de\/wp-json\/wp\/v2\/posts\/713275","targetHints":{"allow":["GET"]}}],"collection":[{"href":"https:\/\/www.europesays.com\/de\/wp-json\/wp\/v2\/posts"}],"about":[{"href":"https:\/\/www.europesays.com\/de\/wp-json\/wp\/v2\/types\/post"}],"author":[{"embeddable":true,"href":"https:\/\/www.europesays.com\/de\/wp-json\/wp\/v2\/users\/2"}],"replies":[{"embeddable":true,"href":"https:\/\/www.europesays.com\/de\/wp-json\/wp\/v2\/comments?post=713275"}],"version-history":[{"count":0,"href":"https:\/\/www.europesays.com\/de\/wp-json\/wp\/v2\/posts\/713275\/revisions"}],"wp:featuredmedia":[{"embeddable":true,"href":"https:\/\/www.europesays.com\/de\/wp-json\/wp\/v2\/media\/713276"}],"wp:attachment":[{"href":"https:\/\/www.europesays.com\/de\/wp-json\/wp\/v2\/media?parent=713275"}],"wp:term":[{"taxonomy":"category","embeddable":true,"href":"https:\/\/www.europesays.com\/de\/wp-json\/wp\/v2\/categories?post=713275"},{"taxonomy":"post_tag","embeddable":true,"href":"https:\/\/www.europesays.com\/de\/wp-json\/wp\/v2\/tags?post=713275"}],"curies":[{"name":"wp","href":"https:\/\/api.w.org\/{rel}","templated":true}]}}