{"id":713332,"date":"2026-01-12T19:55:12","date_gmt":"2026-01-12T19:55:12","guid":{"rendered":"https:\/\/www.europesays.com\/de\/713332\/"},"modified":"2026-01-12T19:55:12","modified_gmt":"2026-01-12T19:55:12","slug":"faelschung-bei-bares-fuer-rares-verkaeufer-aus-duisburg-faellt-aus-allen-wolken","status":"publish","type":"post","link":"https:\/\/www.europesays.com\/de\/713332\/","title":{"rendered":"F\u00e4lschung bei \u201eBares f\u00fcr Rares\u201c: Verk\u00e4ufer aus Duisburg f\u00e4llt aus allen Wolken"},"content":{"rendered":"\n<p>Es ist die gr\u00f6\u00dfte Angst eines jeden Kunstfreundes: Wenn sich das Bild, das man so lange f\u00fcr echt gehalten hat, pl\u00f6tzlich als F\u00e4lschung herausstellt. Besonders unangenehm ist das, wenn es dann auch noch vor Tausenden Zuschauerinnen und Zuschauern bei \u201eBares f\u00fcr Rares\u201c geschieht.<\/p>\n<p>Leider mussten die Freunde Ines Konwiarz und Karl-Heinz Jansen aus Duisburg dies auf der ganz gro\u00dfen B\u00fchne erleiden. Viel wussten die beiden n\u00e4mlich nicht \u00fcber das Gem\u00e4lde, das sie am Montag (12. Januar 2026) mit zu \u201e<a href=\"https:\/\/www.derwesten.de\/themen\/bares-fuer-rares\" target=\"_blank\" rel=\"noopener\">Bares f\u00fcr Rares<\/a>\u201c gebracht hatten. <\/p>\n<p> Duisburger sucht sein Gl\u00fcck bei \u201eBares f\u00fcr Rares\u201c <\/p>\n<p>Karl-Heinz wusste lediglich noch, dass sein Vater das Gem\u00e4lde, das einen Mann auf einem Feldweg zeigt, w\u00e4hrend des Krieges erstanden hatte. Das Werk habe seinem Vater gar so viel bedeutet, dass dieser es zum Schutz vor Angriffen, im Keller eingemauert hatte. Doch war es wirklich so wertvoll?<\/p>\n<p><a href=\"https:\/\/www.derwesten.de\/panorama\/promi-tv\/rolex-omega-breitling-uhr-bares-fuer-rares-zusammenseins-id301928013.html\" target=\"_blank\" rel=\"noopener\">++ Von Rolex bis Omega: \u201eBares f\u00fcr Rares\u201c-H\u00e4ndler m\u00fcssen Verm\u00f6gen auf den Tisch legen ++<\/a><\/p>\n<p>Da konnte gl\u00fccklicherweise Kunst-Experte Colmar Schulte-Goltz weiterhelfen. So gebe es zwei Hinweise darauf, wer der Maler des Bildes sein k\u00f6nnte. Das Bild war n\u00e4mlich in der unteren linken Ecke mit dem Namen Waldmann signiert. Ob der Anfangsbuchstabe des Vornamens nun ein \u201eI\u201c oder ein \u201eJ\u201c war, konnte Colmar jedoch nicht unzweifelhaft erkennen. Hinweis darauf, dass es sich um ein \u201eJ\u201c handeln k\u00f6nnte, gab jedoch der Rahmen. Darauf war n\u00e4mlich ein Schild mit dem Namen \u201eJ. Waldmann\u201c angebracht. Entstanden seien Rahmen und Schild in der Zeit um 1900, so Schulte-Goltz. Das Gem\u00e4lde wohl eher kurz davor.<\/p>\n<p>Nun jedoch stellte sich die Frage, welcher Waldmann das Bild gemalt habe. In Wien gab es den bekannten K\u00fcnstler Jacob Waltmann. Dieser jedoch starb bereits 1871, also deutlich vor Entstehung des Gem\u00e4ldes.<\/p>\n<p> F\u00e4lschung bei \u201eBares f\u00fcr Rares\u201c <\/p>\n<p>\u201eDieses Bild evoziert also den Waltmannschen Stil. Aber macht einen Vorteil davon, dass der schon damals verstorbene K\u00fcnstler \u00c4hnliches, allerdings in h\u00f6herer Qualit\u00e4t gemalt hat. Es sieht auf den ersten Blick aus wie ein Jacob Waltmann mit \u201at\u2018, aber es hat jemand signiert mit Waldmann mit \u201ad\u2019\u201c, so Schulte-Goltz.<\/p>\n<p>Dies lasse nur den Schluss zu, so der \u201eBares f\u00fcr Rares\u201c-Experte, dass sich jemand an dem originalen Waltmann orientiert habe, und dar\u00fcber sein Bild verkaufen wollte. \u201eEs ist also eine verf\u00e4lschte Absicht\u201c, so Schulte-Goltz.<\/p>\n<p>Ein herber Schlag f\u00fcr Karl-Heinz Jansen: \u201eAch du gro\u00dfer Gott!\u201c \u201eDamit habe ich nicht gerechnet\u201c, wirkt der Duisburger ehrlich schockiert. Und so blieb Horst Lichter nichts anderes, als dem Duo die H\u00e4ndlerkarte zu verwehren. Eine bittere Nachricht f\u00fcr den Mann, der das Bild nun wieder an die heimische Wand h\u00e4ngen wird.<\/p>\n<p><a href=\"https:\/\/www.derwesten.de\/panorama\/promi-tv\/bares-fuer-rares-waldi-erotik-zimmer-eifel-antik-zdf-id301916072.html\" target=\"_blank\" rel=\"noopener\">Wolltest du schon immer mal das Erotikzimmer von Waldi in seiner ganzen Pracht sehen? Hier ist deine Chance.<\/a><\/p>\n","protected":false},"excerpt":{"rendered":"Es ist die gr\u00f6\u00dfte Angst eines jeden Kunstfreundes: Wenn sich das Bild, das man so lange f\u00fcr echt&hellip;\n","protected":false},"author":2,"featured_media":713333,"comment_status":"","ping_status":"","sticky":false,"template":"","format":"standard","meta":{"footnotes":""},"categories":[1838],"tags":[2078,3364,29,3715,30,1209],"class_list":{"0":"post-713332","1":"post","2":"type-post","3":"status-publish","4":"format-standard","5":"has-post-thumbnail","7":"category-duisburg","8":"tag-bares-fuer-rares","9":"tag-de","10":"tag-deutschland","11":"tag-duisburg","12":"tag-germany","13":"tag-nordrhein-westfalen"},"share_on_mastodon":{"url":"https:\/\/pubeurope.com\/@de\/115883889424352261","error":""},"_links":{"self":[{"href":"https:\/\/www.europesays.com\/de\/wp-json\/wp\/v2\/posts\/713332","targetHints":{"allow":["GET"]}}],"collection":[{"href":"https:\/\/www.europesays.com\/de\/wp-json\/wp\/v2\/posts"}],"about":[{"href":"https:\/\/www.europesays.com\/de\/wp-json\/wp\/v2\/types\/post"}],"author":[{"embeddable":true,"href":"https:\/\/www.europesays.com\/de\/wp-json\/wp\/v2\/users\/2"}],"replies":[{"embeddable":true,"href":"https:\/\/www.europesays.com\/de\/wp-json\/wp\/v2\/comments?post=713332"}],"version-history":[{"count":0,"href":"https:\/\/www.europesays.com\/de\/wp-json\/wp\/v2\/posts\/713332\/revisions"}],"wp:featuredmedia":[{"embeddable":true,"href":"https:\/\/www.europesays.com\/de\/wp-json\/wp\/v2\/media\/713333"}],"wp:attachment":[{"href":"https:\/\/www.europesays.com\/de\/wp-json\/wp\/v2\/media?parent=713332"}],"wp:term":[{"taxonomy":"category","embeddable":true,"href":"https:\/\/www.europesays.com\/de\/wp-json\/wp\/v2\/categories?post=713332"},{"taxonomy":"post_tag","embeddable":true,"href":"https:\/\/www.europesays.com\/de\/wp-json\/wp\/v2\/tags?post=713332"}],"curies":[{"name":"wp","href":"https:\/\/api.w.org\/{rel}","templated":true}]}}