{"id":713377,"date":"2026-01-12T20:19:30","date_gmt":"2026-01-12T20:19:30","guid":{"rendered":"https:\/\/www.europesays.com\/de\/713377\/"},"modified":"2026-01-12T20:19:30","modified_gmt":"2026-01-12T20:19:30","slug":"muenchen-heute-nachrichten-vom-12-01-26-muenchen","status":"publish","type":"post","link":"https:\/\/www.europesays.com\/de\/713377\/","title":{"rendered":"M\u00fcnchen heute &#8211; Nachrichten vom 12.01.26 &#8211; M\u00fcnchen"},"content":{"rendered":"<p data-manual=\"paragraph\" data-schema-org-speakable=\"true\" class=\"css-1eosz7k\"><strong>DER TAG IN <\/strong><strong><a href=\"https:\/\/www.sueddeutsche.de\/thema\/M%C3%BCnchen\" target=\"_blank\" rel=\"noopener\">M\u00dcNCHEN<\/a><\/strong><\/p>\n<p data-manual=\"paragraph\" data-schema-org-speakable=\"true\" class=\"css-1eosz7k\"><strong>Warum manche Fernbeziehungen scheitern \u2013 und andere nicht<\/strong>\u00a0Was passiert mit der Liebe, wenn P\u00e4rchen 1000 Kilometer voneinander entfernt leben? <a href=\"https:\/\/www.sueddeutsche.de\/muenchen\/fernbeziehung-generation-z-liebe-distanz-naehe-karriere-erfahrungsberichte-li.3347652\" target=\"_blank\" rel=\"noopener\">Drei junge Frauen aus M\u00fcnchen erz\u00e4hlen.<\/a>\u00a0(SZ Plus)<\/p>\n<p data-manual=\"paragraph\" data-schema-org-speakable=\"true\" class=\"css-1eosz7k\"><strong>\u201eWenn wir diese Schule verlieren, verlieren wir einen ganzen Haufen Kinder\u201c<\/strong> Fast zwanzig Jahre lang wurden in der Schule im M\u00fcnchner Waisenhaus Kinder, die als unbeschulbar galten, wieder integriert. Nun soll sie geschlossen werden. <a href=\"https:\/\/www.sueddeutsche.de\/muenchen\/muenchen-schule-waisenhaus-schliessung-systemsprenger-kinder-li.3364429\" target=\"_blank\" rel=\"noopener\">Im Haus warnt man vor den Folgen.<\/a>\u00a0(SZ Plus)<\/p>\n<p data-manual=\"paragraph\" data-schema-org-speakable=\"true\" class=\"css-1eosz7k\"><strong>Spektakul\u00e4re Architektur f\u00fcr einen Unort M\u00fcnchens<\/strong> Das Erscheinungsbild des Candidplatzes soll sich durch zwei gro\u00dfe Bauprojekte grundlegend \u00e4ndern. <a href=\"https:\/\/www.sueddeutsche.de\/muenchen\/muenchen-candidplatz-bauprojekte-investor-stadt-li.3365099\" target=\"_blank\" rel=\"noopener\">Ein privater Investor plant Ungew\u00f6hnliches.<\/a>\u00a0(SZ Plus)<\/p>\n<p data-manual=\"paragraph\" data-schema-org-speakable=\"true\" class=\"css-1eosz7k\"><strong>Hohe H\u00fcrden f\u00fcr kleine Parteien<\/strong> Etwa 1000 Unterschriften brauchen Bewerber, um im M\u00e4rz auf die Stimmzettel f\u00fcr den Stadtrat zu kommen. <a href=\"https:\/\/www.sueddeutsche.de\/muenchen\/muenchen-kommunalwahl-kleine-parteien-unterschriften-wo-li.3365741\" target=\"_blank\" rel=\"noopener\">Vor allem eine Regelung macht ihnen zu schaffen.<\/a><\/p>\n<p data-manual=\"paragraph\" data-schema-org-speakable=\"true\" class=\"css-1eosz7k\"><strong>Erhebliche Einschr\u00e4nkungen auf der Stammstrecke<\/strong> Wegen Bauarbeiten an der zweiten Stammstrecke m\u00fcssen sich S-Bahn-Fahrg\u00e4ste vom 13. Januar an nachts und an Wochenenden auf Unterbrechungen und verk\u00fcrzte Linien einstellen. <a href=\"https:\/\/www.sueddeutsche.de\/muenchen\/muenchen-s-bahn-stammstrecke-bauarbeiten-januar-februar-nachts-wochenende-li.3365858\" target=\"_blank\" rel=\"noopener\">Welche Streckenabschnitte wann betroffen sind.<\/a><\/p>\n<p data-manual=\"paragraph\" data-schema-org-speakable=\"true\" class=\"css-1eosz7k\"><strong>WEITERE NACHRICHTEN<\/strong><\/p>\n<p data-manual=\"paragraph\" data-schema-org-speakable=\"true\" class=\"css-1eosz7k\"><strong>Landshuter Allee:<\/strong> <a href=\"https:\/\/www.sueddeutsche.de\/muenchen\/muenchen-tempo-30-mittlerer-ring-landshuter-allee-li.3367364\" target=\"_blank\" rel=\"noopener\">Tempo-30-Schilder am Mittleren Ring werden abgebaut<\/a><\/p>\n<p data-manual=\"paragraph\" data-schema-org-speakable=\"true\" class=\"css-1eosz7k\"><strong>Skurriler Prozess am Amtsgericht:<\/strong> <a href=\"https:\/\/www.sueddeutsche.de\/muenchen\/muenchen-putzwagen-streit-prozess-landratsamt-koerperverletzung-li.3366126\" target=\"_blank\" rel=\"noopener\">Fuhr sie ihre Kollegin mit dem Putzwagen um?<\/a><\/p>\n<p data-manual=\"paragraph\" data-schema-org-speakable=\"true\" class=\"css-1eosz7k\"><strong>Angeblich 600 Euro Schulden:<\/strong> <a href=\"https:\/\/www.sueddeutsche.de\/muenchen\/muenchen-trudering-vermieter-miete-waffe-polizei-schulden-li.3367362\" target=\"_blank\" rel=\"noopener\">Vermieter soll Mieter mit Pistole bedroht haben<\/a><\/p>\n<p data-manual=\"paragraph\" data-schema-org-speakable=\"true\" class=\"css-1eosz7k\"><strong><a href=\"https:\/\/www.sueddeutsche.de\/thema\/Allach\" target=\"_blank\" rel=\"noopener\">Allach<\/a><\/strong><strong>:<\/strong> <a href=\"https:\/\/www.sueddeutsche.de\/muenchen\/unfall-raeumfahrzeug-muenchen-allach-li.3367361\" target=\"_blank\" rel=\"noopener\">18-J\u00e4hriger f\u00e4llt aus R\u00e4umfahrzeug<\/a><\/p>\n<p data-manual=\"paragraph\" data-schema-org-speakable=\"true\" class=\"css-1eosz7k\"><strong>M\u00dcNCHEN ERLESEN<\/strong><\/p>\n<p><a href=\"https:\/\/www.sueddeutsche.de\/muenchen\/patrica-kopatchinskaja-konzert-muenchen-interview-li.3346336\" aria-label=\"Artikelverlinkung:\" data-track-szde=\"{&quot;event&quot;:&quot;teaser_clicked&quot;,&quot;teaser_clicked&quot;:{&quot;article_title&quot;:&quot;auch_ein_presslufthammer_macht_musik&quot;,&quot;doctype&quot;:&quot;&quot;,&quot;label&quot;:&quot;&quot;,&quot;main_topic&quot;:&quot;kultur_in_muenchen&quot;,&quot;object_id&quot;:&quot;li.3346336&quot;,&quot;pcat&quot;:&quot;metered&quot;,&quot;section&quot;:&quot;muenchen&quot;,&quot;teaser_type&quot;:&quot;article_teaser_top&quot;}}\" data-manual=\"teaser-url\" data-tb-link=\"\" aria-labelledby=\"teaser-httpswwwsueddeutschedemuenchenpatrica-kopatchinskaja-konzert-muenchen-interview-li3346336\" class=\"css-14tg8sh\" target=\"_blank\" rel=\"noopener\"><img decoding=\"async\" src=\"https:\/\/www.europesays.com\/de\/wp-content\/uploads\/2026\/01\/c59de0e4-3146-4398-8016-16bca0d912e4.jpeg\"   alt=\"\" loading=\"lazy\" class=\"css-8atqhb\"\/><\/p>\n<p>Star-Violinistin Patricia Kopatchinskaja<\/p>\n<p>:Auch ein Presslufthammer macht Musik<\/p>\n<p class=\"css-a6ecqs\" data-manual=\"teaser-text\" data-tb-description=\"\" data-schema-org-speakable=\"true\">Die Star-Geigerin Patricia Kopatchinskaja polarisiert, wenn sie ihrem Instrument mal wieder irrsinnige T\u00f6ne entlockt. Jetzt schreibt sie auch noch an einer Oper mit dem Titel \u201eBad News!\u201c. Aber Hoffnung hat die Moldawierin, die nun in M\u00fcnchen auftritt, auch jede Menge.<\/p>\n<p>Interview von Paul Sch\u00e4ufele<\/p>\n<p><a href=\"https:\/\/www.sueddeutsche.de\/muenchen\/selbstoptimierung-motivation-tool-gamifikator-spiel-li.3363770\" aria-label=\"Artikelverlinkung:\" data-track-szde=\"{&quot;event&quot;:&quot;teaser_clicked&quot;,&quot;teaser_clicked&quot;:{&quot;article_title&quot;:&quot;endlich_den_inneren_schweinehund_ueberwinden_und_das_ganz_spielend&quot;,&quot;doctype&quot;:&quot;&quot;,&quot;label&quot;:&quot;&quot;,&quot;main_topic&quot;:&quot;leben_und_gesellschaft_in_muenchen&quot;,&quot;object_id&quot;:&quot;li.3363770&quot;,&quot;pcat&quot;:&quot;metered&quot;,&quot;section&quot;:&quot;muenchen&quot;,&quot;teaser_type&quot;:&quot;article_teaser_top&quot;}}\" data-manual=\"teaser-url\" data-tb-link=\"\" aria-labelledby=\"teaser-httpswwwsueddeutschedemuenchenselbstoptimierung-motivation-tool-gamifikator-spiel-li3363770\" class=\"css-14tg8sh\" target=\"_blank\" rel=\"noopener\"><img decoding=\"async\" src=\"https:\/\/www.europesays.com\/de\/wp-content\/uploads\/2026\/01\/050f0982-5858-4a2e-8283-45573c0efe44.jpeg\"   alt=\"\" loading=\"lazy\" class=\"css-8atqhb\"\/><\/p>\n<p>Selbstoptimierungs-Tool \u201eGamifikator\u201c<\/p>\n<p>:Endlich den inneren Schweinehund \u00fcberwinden\u00a0\u2013 und das ganz spielend<\/p>\n<p class=\"css-a6ecqs\" data-manual=\"teaser-text\" data-tb-description=\"\" data-schema-org-speakable=\"true\">Tr\u00e4ge, lustlos, unmotiviert? Der \u201eGamifikator\u201c soll helfen, Ziele im Alltag langfristig und ohne Druck zu erreichen. Wie das Tool funktioniert.<\/p>\n<p data-manual=\"paragraph\" data-schema-org-speakable=\"true\" class=\"css-1eosz7k\"><strong>UNSER FREIZEITTIPP<\/strong><\/p>\n<p><a href=\"https:\/\/www.sueddeutsche.de\/muenchen\/bushido-dave-hip-hop-konzerte-muenchen-2026-li.3331283\" aria-label=\"Artikelverlinkung:\" data-track-szde=\"{&quot;event&quot;:&quot;teaser_clicked&quot;,&quot;teaser_clicked&quot;:{&quot;article_title&quot;:&quot;bushido_geht_dave_kommt&quot;,&quot;doctype&quot;:&quot;&quot;,&quot;label&quot;:&quot;&quot;,&quot;main_topic&quot;:&quot;kultur_in_muenchen&quot;,&quot;object_id&quot;:&quot;li.3331283&quot;,&quot;pcat&quot;:&quot;metered&quot;,&quot;section&quot;:&quot;muenchen&quot;,&quot;teaser_type&quot;:&quot;article_teaser_top&quot;}}\" data-manual=\"teaser-url\" data-tb-link=\"\" aria-labelledby=\"teaser-httpswwwsueddeutschedemuenchenbushido-dave-hip-hop-konzerte-muenchen-2026-li3331283\" class=\"css-14tg8sh\" target=\"_blank\" rel=\"noopener\"><img decoding=\"async\" src=\"https:\/\/www.europesays.com\/de\/wp-content\/uploads\/2026\/01\/1768249170_82_b85b1829-c5be-4a1f-94e1-3c8c9644068c.jpg\"   alt=\"\" loading=\"lazy\" class=\"css-8atqhb\"\/><\/p>\n<p>Top Hip-Hop-Konzerte in M\u00fcnchen<\/p>\n<p>:Bushido geht, Dave kommt<\/p>\n<p class=\"css-a6ecqs\" data-manual=\"teaser-text\" data-tb-description=\"\" data-schema-org-speakable=\"true\">Party, Pr\u00fcgel, Pychodrama: Bushido verabschiedet sich in der Olympiahalle, der Londoner Rap-Superstar Dave l\u00e4utet die Zukunft ein. Dazu gibt es Rap-Sausen mit Das Bo, \u201eTBS\u201c und P\u00f6bel MC.<\/p>\n<p data-manual=\"paragraph\" data-schema-org-speakable=\"true\" class=\"css-1eosz7k\"><a href=\"https:\/\/www.sueddeutsche.de\/thema\/Restaurants\" target=\"_blank\" rel=\"noopener\">Restaurants in M\u00fcnchen<\/a> | <a href=\"https:\/\/www.sueddeutsche.de\/thema\/Bars\" target=\"_blank\" rel=\"noopener\">Bars in M\u00fcnchen<\/a> | <a href=\"https:\/\/www.sueddeutsche.de\/thema\/Fr%C3%BChst%C3%BCck_und_Brunch\" target=\"_blank\" rel=\"noopener\">Fr\u00fchst\u00fcck und Brunch<\/a><\/p>\n<p data-manual=\"paragraph\" data-schema-org-speakable=\"true\" class=\"css-1eosz7k\"><strong>Zu den Landkreisen:<\/strong> <a href=\"https:\/\/www.sueddeutsche.de\/muenchen\/wolfratshausen\" target=\"_blank\" rel=\"noopener\">Bad T\u00f6lz-Wolfratshausen<\/a> | <a href=\"https:\/\/www.sueddeutsche.de\/muenchen\/dachau\" target=\"_blank\" rel=\"noopener\">Dachau<\/a> | <a href=\"https:\/\/www.sueddeutsche.de\/muenchen\/ebersberg\" target=\"_blank\" rel=\"noopener\">Ebersberg<\/a> | <a href=\"https:\/\/www.sueddeutsche.de\/muenchen\/erding\" target=\"_blank\" rel=\"noopener\">Erding<\/a> | <a href=\"https:\/\/www.sueddeutsche.de\/muenchen\/freising\" target=\"_blank\" rel=\"noopener\">Freising<\/a> | <a href=\"https:\/\/www.sueddeutsche.de\/muenchen\/fuerstenfeldbruck\" target=\"_blank\" rel=\"noopener\">F\u00fcrstenfeldbruck<\/a> | <a href=\"https:\/\/www.sueddeutsche.de\/muenchen\/landkreismuenchen\" target=\"_blank\" rel=\"noopener\">M\u00fcnchen<\/a> | <a href=\"https:\/\/www.sueddeutsche.de\/muenchen\/starnberg\" target=\"_blank\" rel=\"noopener\">Starnberg<\/a><\/p>\n","protected":false},"excerpt":{"rendered":"DER TAG IN M\u00dcNCHEN Warum manche Fernbeziehungen scheitern \u2013 und andere nicht\u00a0Was passiert mit der Liebe, wenn P\u00e4rchen&hellip;\n","protected":false},"author":2,"featured_media":387201,"comment_status":"","ping_status":"","sticky":false,"template":"","format":"standard","meta":{"footnotes":""},"categories":[1827],"tags":[57827,26706,3360,772,29,39586,2634,30,1268,2338,2339,94146,149],"class_list":{"0":"post-713377","1":"post","2":"type-post","3":"status-publish","4":"format-standard","5":"has-post-thumbnail","7":"category-muenchen","8":"tag-allach","9":"tag-allach-untermenzing","10":"tag-amtsgericht-muenchen","11":"tag-bayern","12":"tag-deutschland","13":"tag-erding","14":"tag-gerichtsprozesse-in-muenchen","15":"tag-germany","16":"tag-muenchen","17":"tag-newsletter","18":"tag-oberbayern","19":"tag-stadt-erding","20":"tag-sueddeutsche-zeitung"},"share_on_mastodon":{"url":"https:\/\/pubeurope.com\/@de\/115883983874075620","error":""},"_links":{"self":[{"href":"https:\/\/www.europesays.com\/de\/wp-json\/wp\/v2\/posts\/713377","targetHints":{"allow":["GET"]}}],"collection":[{"href":"https:\/\/www.europesays.com\/de\/wp-json\/wp\/v2\/posts"}],"about":[{"href":"https:\/\/www.europesays.com\/de\/wp-json\/wp\/v2\/types\/post"}],"author":[{"embeddable":true,"href":"https:\/\/www.europesays.com\/de\/wp-json\/wp\/v2\/users\/2"}],"replies":[{"embeddable":true,"href":"https:\/\/www.europesays.com\/de\/wp-json\/wp\/v2\/comments?post=713377"}],"version-history":[{"count":0,"href":"https:\/\/www.europesays.com\/de\/wp-json\/wp\/v2\/posts\/713377\/revisions"}],"wp:featuredmedia":[{"embeddable":true,"href":"https:\/\/www.europesays.com\/de\/wp-json\/wp\/v2\/media\/387201"}],"wp:attachment":[{"href":"https:\/\/www.europesays.com\/de\/wp-json\/wp\/v2\/media?parent=713377"}],"wp:term":[{"taxonomy":"category","embeddable":true,"href":"https:\/\/www.europesays.com\/de\/wp-json\/wp\/v2\/categories?post=713377"},{"taxonomy":"post_tag","embeddable":true,"href":"https:\/\/www.europesays.com\/de\/wp-json\/wp\/v2\/tags?post=713377"}],"curies":[{"name":"wp","href":"https:\/\/api.w.org\/{rel}","templated":true}]}}